{"id":95463,"date":"2019-11-19T05:03:06","date_gmt":"2019-11-19T08:03:06","guid":{"rendered":"http:\/\/www.eltrabajo.cl\/portal\/?p=95463"},"modified":"2019-11-18T21:41:14","modified_gmt":"2019-11-19T00:41:14","slug":"temporero-asegura-que-varios-carabineros-le-propinaron-una-injusta-paliza","status":"publish","type":"post","link":"https:\/\/eltrabajo.cl\/portal\/temporero-asegura-que-varios-carabineros-le-propinaron-una-injusta-paliza\/","title":{"rendered":"Temporero asegura que varios carabineros le propinaron una injusta paliza"},"content":{"rendered":"<p><span style=\"color: #ff0000;\"><strong>Instituci\u00f3n dice que fue detenido dentro del A Cuenta en un saqueo:<\/strong><\/span><\/p>\n<p>Una denuncia por supuesto uso excesivo de la fuerza por parte de funcionarios de Carabineros, es la que hizo ante nuestro medio el joven <strong>Luis Manuel Escobar Herrera<\/strong>, temporero de 29 a\u00f1os de edad, quien nos asegur\u00f3 que \u00ab<em>yo ven\u00eda de mi pega el d\u00eda jueves 15, esa noche hab\u00eda un saqueo en el \u2018A Cuenta\u2019, yo ven\u00eda de la pega de Santa Mar\u00eda y me baj\u00e9 del bus justamente por ese sector, y carabineros donde ten\u00eda que bajarme yo estaban deteniendo gente de los saqueos. Yo ven\u00eda de la pega y me golpearon brutalmente, casi me mataron, luego me llevaron al hospital y pusieron \u2018Sin Lesiones\u2019, siendo que tengo mi cuerpo con moretones, me llevaron a un calabozo de la Comisar\u00eda de San Felipe, no me quer\u00edan llevar a constatar lesiones y me anduvieron paseando como tres horas, me llevaron para el hospital de Putaendo y en ese hospital me dijeron que no ten\u00eda lesiones, luego me llevaron al hospital de San Felipe y me dijeron que ellos no pod\u00edan constatar lesiones porque no hab\u00edan doctores<\/em>\u00bb, dijo Escobar.<\/p>\n<p>&nbsp;<\/p>\n<p><span style=\"color: #ff0000;\"><strong>CARABINEROS RESPONDE<\/strong><\/span><\/p>\n<p><strong>Diario El Trabajo<\/strong> consult\u00f3 al mayor de Carabineros <strong>Mauricio Guzm\u00e1n Yuri<\/strong>, quien tras conocer la denuncia de Luis Manuel Escobar, nos respondi\u00f3 que \u00ab<em>con relaci\u00f3n a la detenci\u00f3n de Luis Manuel Escobar Herrera, el sujeto fue detenido el d\u00eda jueves 14 de noviembre a las 22:00 horas aproximadamente, debido a un llamado de la central de comunicaciones producto de un saqueo que se estaba efectuando en el Supermercado A Cuenta. Una vez en el lugar personal de Carabineros hizo ingreso al recinto, logrando la detenci\u00f3n de 21 personas, las cuales se encontraban ocultas en distintos puntos al interior, entre ellas el citado ciudadano, el cual fue trasladado hasta la unidad policial, lugar donde firm\u00f3 voluntariamente acta de estado de salud \u2018Sin Lesiones\u2019, posteriormente durante la noche el detenido solicit\u00f3 ser llevado al hospital, siendo diagnosticado con equimosis en la espalda, pasando a control de detenci\u00f3n al d\u00eda siguiente<\/em>\u00bb, inform\u00f3 la autoridad policial.<\/p>\n<p>Nuestro medio busc\u00f3 contactarse con personal de Supermercado Acuenta para poder revisar\u00a0 los v\u00eddeos de las c\u00e1maras de seguridad en las que de ser positiva la versi\u00f3n de Carabineros, se apreciar\u00eda al joven dentro del local esa noche, pero el supermercado est\u00e1 cerrado indefinidamente.<\/p>\n<p><strong>Roberto Gonz\u00e1lez Short<\/strong><\/p>\n<figure id=\"attachment_95465\" aria-describedby=\"caption-attachment-95465\" style=\"width: 579px\" class=\"wp-caption alignnone\"><img data-recalc-dims=\"1\" loading=\"lazy\" decoding=\"async\" class=\"size-full wp-image-95465\" src=\"https:\/\/i0.wp.com\/www.eltrabajo.cl\/portal\/wp-content\/uploads\/2019\/11\/Acuenta_Luis-Manuel-Escobar-Herrera.jpg?resize=579%2C653\" alt=\"Luis Manuel Escobar denunci\u00f3 estos hechos en Diario El Trabajo.\" width=\"579\" height=\"653\" srcset=\"https:\/\/i0.wp.com\/eltrabajo.cl\/portal\/wp-content\/uploads\/2019\/11\/Acuenta_Luis-Manuel-Escobar-Herrera.jpg?w=579&amp;ssl=1 579w, https:\/\/i0.wp.com\/eltrabajo.cl\/portal\/wp-content\/uploads\/2019\/11\/Acuenta_Luis-Manuel-Escobar-Herrera.jpg?resize=266%2C300&amp;ssl=1 266w, https:\/\/i0.wp.com\/eltrabajo.cl\/portal\/wp-content\/uploads\/2019\/11\/Acuenta_Luis-Manuel-Escobar-Herrera.jpg?resize=133%2C150&amp;ssl=1 133w, https:\/\/i0.wp.com\/eltrabajo.cl\/portal\/wp-content\/uploads\/2019\/11\/Acuenta_Luis-Manuel-Escobar-Herrera.jpg?resize=400%2C451&amp;ssl=1 400w\" sizes=\"auto, (max-width: 579px) 100vw, 579px\" \/><figcaption id=\"caption-attachment-95465\" class=\"wp-caption-text\">Luis Manuel Escobar denunci\u00f3 estos hechos en Diario El Trabajo.<\/figcaption><\/figure>\n<figure id=\"attachment_95467\" aria-describedby=\"caption-attachment-95467\" style=\"width: 579px\" class=\"wp-caption alignnone\"><img data-recalc-dims=\"1\" loading=\"lazy\" decoding=\"async\" class=\"size-full wp-image-95467\" src=\"https:\/\/i0.wp.com\/www.eltrabajo.cl\/portal\/wp-content\/uploads\/2019\/11\/Acuenta1.jpg?resize=579%2C869\" alt=\"LA DENUNCIA.- Estos son los hematomas que Manuel muestra a Diario El Trabajo, asegura que de manera injustificada fue golpeado por varios carabineros.\" width=\"579\" height=\"869\" srcset=\"https:\/\/i0.wp.com\/eltrabajo.cl\/portal\/wp-content\/uploads\/2019\/11\/Acuenta1.jpg?w=579&amp;ssl=1 579w, https:\/\/i0.wp.com\/eltrabajo.cl\/portal\/wp-content\/uploads\/2019\/11\/Acuenta1.jpg?resize=200%2C300&amp;ssl=1 200w, https:\/\/i0.wp.com\/eltrabajo.cl\/portal\/wp-content\/uploads\/2019\/11\/Acuenta1.jpg?resize=100%2C150&amp;ssl=1 100w, https:\/\/i0.wp.com\/eltrabajo.cl\/portal\/wp-content\/uploads\/2019\/11\/Acuenta1.jpg?resize=400%2C600&amp;ssl=1 400w\" sizes=\"auto, (max-width: 579px) 100vw, 579px\" \/><figcaption id=\"caption-attachment-95467\" class=\"wp-caption-text\">LA DENUNCIA.- Estos son los hematomas que Manuel muestra a Diario El Trabajo, asegura que de manera injustificada fue golpeado por varios carabineros.<\/figcaption><\/figure>\n<figure id=\"attachment_95466\" aria-describedby=\"caption-attachment-95466\" style=\"width: 579px\" class=\"wp-caption alignnone\"><img data-recalc-dims=\"1\" loading=\"lazy\" decoding=\"async\" class=\"size-full wp-image-95466\" src=\"https:\/\/i0.wp.com\/www.eltrabajo.cl\/portal\/wp-content\/uploads\/2019\/11\/Acuenta_Mauricio-Guzman.jpg?resize=579%2C593\" alt=\"Comisario de Carabineros mayor Mauricio Guzm\u00e1n Yuri, desmiente la versi\u00f3n del denunciante.\" width=\"579\" height=\"593\" srcset=\"https:\/\/i0.wp.com\/eltrabajo.cl\/portal\/wp-content\/uploads\/2019\/11\/Acuenta_Mauricio-Guzman.jpg?w=579&amp;ssl=1 579w, https:\/\/i0.wp.com\/eltrabajo.cl\/portal\/wp-content\/uploads\/2019\/11\/Acuenta_Mauricio-Guzman.jpg?resize=293%2C300&amp;ssl=1 293w, https:\/\/i0.wp.com\/eltrabajo.cl\/portal\/wp-content\/uploads\/2019\/11\/Acuenta_Mauricio-Guzman.jpg?resize=146%2C150&amp;ssl=1 146w, https:\/\/i0.wp.com\/eltrabajo.cl\/portal\/wp-content\/uploads\/2019\/11\/Acuenta_Mauricio-Guzman.jpg?resize=400%2C410&amp;ssl=1 400w\" sizes=\"auto, (max-width: 579px) 100vw, 579px\" \/><figcaption id=\"caption-attachment-95466\" class=\"wp-caption-text\">Comisario de Carabineros mayor Mauricio Guzm\u00e1n Yuri, desmiente la versi\u00f3n del denunciante.<\/figcaption><\/figure>\n<p>&nbsp;<\/p>\n<p>&nbsp;<\/p>\n","protected":false},"excerpt":{"rendered":"<p>Instituci\u00f3n dice que fue detenido dentro del A Cuenta en un saqueo: Una denuncia por supuesto uso excesivo de la fuerza por parte de funcionarios de Carabineros, es la que hizo ante&#8230;<\/p>\n","protected":false},"author":482,"featured_media":95468,"comment_status":"open","ping_status":"open","sticky":false,"template":"","format":"standard","meta":{"advanced_seo_description":"","jetpack_seo_html_title":"","jetpack_seo_noindex":false,"_jetpack_memberships_contains_paid_content":false,"footnotes":""},"categories":[15],"tags":[],"class_list":["post-95463","post","type-post","status-publish","format-standard","has-post-thumbnail","hentry","category-comunidad"],"jetpack_featured_media_url":"https:\/\/i0.wp.com\/eltrabajo.cl\/portal\/wp-content\/uploads\/2019\/11\/Acuenta1-2.jpg?fit=580%2C359&ssl=1","jetpack_sharing_enabled":true,"jetpack_likes_enabled":true,"jetpack-related-posts":[],"_links":{"self":[{"href":"https:\/\/eltrabajo.cl\/portal\/wp-json\/wp\/v2\/posts\/95463","targetHints":{"allow":["GET"]}}],"collection":[{"href":"https:\/\/eltrabajo.cl\/portal\/wp-json\/wp\/v2\/posts"}],"about":[{"href":"https:\/\/eltrabajo.cl\/portal\/wp-json\/wp\/v2\/types\/post"}],"author":[{"embeddable":true,"href":"https:\/\/eltrabajo.cl\/portal\/wp-json\/wp\/v2\/users\/482"}],"replies":[{"embeddable":true,"href":"https:\/\/eltrabajo.cl\/portal\/wp-json\/wp\/v2\/comments?post=95463"}],"version-history":[{"count":0,"href":"https:\/\/eltrabajo.cl\/portal\/wp-json\/wp\/v2\/posts\/95463\/revisions"}],"wp:featuredmedia":[{"embeddable":true,"href":"https:\/\/eltrabajo.cl\/portal\/wp-json\/wp\/v2\/media\/95468"}],"wp:attachment":[{"href":"https:\/\/eltrabajo.cl\/portal\/wp-json\/wp\/v2\/media?parent=95463"}],"wp:term":[{"taxonomy":"category","embeddable":true,"href":"https:\/\/eltrabajo.cl\/portal\/wp-json\/wp\/v2\/categories?post=95463"},{"taxonomy":"post_tag","embeddable":true,"href":"https:\/\/eltrabajo.cl\/portal\/wp-json\/wp\/v2\/tags?post=95463"}],"curies":[{"name":"wp","href":"https:\/\/api.w.org\/{rel}","templated":true}]}}