{"id":95478,"date":"2019-11-19T05:05:28","date_gmt":"2019-11-19T08:05:28","guid":{"rendered":"http:\/\/www.eltrabajo.cl\/portal\/?p=95478"},"modified":"2019-11-18T21:50:48","modified_gmt":"2019-11-19T00:50:48","slug":"agrupacion-de-ex-futbolistas-de-san-felipe-celebro-sus-17-anos-de-existencia","status":"publish","type":"post","link":"https:\/\/eltrabajo.cl\/portal\/agrupacion-de-ex-futbolistas-de-san-felipe-celebro-sus-17-anos-de-existencia\/","title":{"rendered":"Agrupaci\u00f3n de Ex- Futbolistas de San Felipe celebr\u00f3 sus 17 a\u00f1os de existencia"},"content":{"rendered":"<p>Con una reuni\u00f3n de camarader\u00eda los integrantes de la Agrupaci\u00f3n de Ex &#8211; Futbolistas de San Felipe estuvieron celebrando un aniversario m\u00e1s de su creaci\u00f3n, en este caso el n\u00famero 17. La cita sirvi\u00f3 para una vez m\u00e1s recordar viejos tiempos de cuanto jugaban a la pelota.<\/p>\n<p>El presidente de la agrupaci\u00f3n, <strong>Antonio \u2018Cocoa\u2019 Villarroel<\/strong>, dijo que fue <em>\u201crealmente hermoso, porque logramos compartir entre todos, recordar an\u00e9cdotas, es algo que hacemos con gran orgullo, todos los que participamos lo hacemos con alegr\u00eda, esperamos seguir creciendo. Esta agrupaci\u00f3n la tenemos para ayudar, participar de obras sociales de beneficencia, donde podamos cooperar ah\u00ed estamos&#8230; donde nos inviten. Es una agrupaci\u00f3n de futbolistas de San Felipe, en esta ocasi\u00f3n lo quisimos hacer en grande, todo esto sin costo para los socios, son ahorros que tenemos\u201d,<\/em> dijo.<\/p>\n<p>Reiter\u00f3 \u2018Cocoa\u2019 Villarroel que poco a poco se han ido incorporando m\u00e1s socios. <em>\u201cEsa es la idea, para de esa manera poder ayudar tambi\u00e9n a las personas\u201d.<\/em><\/p>\n<p>La agrupaci\u00f3n fue fundada el d\u00eda 14 de Noviembre de 2002 y la integran unos 60 socios.<\/p>\n<p>La reuni\u00f3n de camarader\u00eda se realiz\u00f3 este viernes en la noche\u00a0 en la Chicher\u00eda Martel de Alejandro Martel.<\/p>\n<figure id=\"attachment_95482\" aria-describedby=\"caption-attachment-95482\" style=\"width: 580px\" class=\"wp-caption alignnone\"><img data-recalc-dims=\"1\" loading=\"lazy\" decoding=\"async\" class=\"size-full wp-image-95482\" src=\"https:\/\/i0.wp.com\/www.eltrabajo.cl\/portal\/wp-content\/uploads\/2019\/11\/Futbolistas.jpg?resize=580%2C359\" alt=\"A la izquierda el siempre activo Antonio \u2018Cocoa\u2019 Villarroel, junto a socios de la agrupaci\u00f3n.\" width=\"580\" height=\"359\" srcset=\"https:\/\/i0.wp.com\/eltrabajo.cl\/portal\/wp-content\/uploads\/2019\/11\/Futbolistas.jpg?w=580&amp;ssl=1 580w, https:\/\/i0.wp.com\/eltrabajo.cl\/portal\/wp-content\/uploads\/2019\/11\/Futbolistas.jpg?resize=300%2C186&amp;ssl=1 300w, https:\/\/i0.wp.com\/eltrabajo.cl\/portal\/wp-content\/uploads\/2019\/11\/Futbolistas.jpg?resize=200%2C124&amp;ssl=1 200w, https:\/\/i0.wp.com\/eltrabajo.cl\/portal\/wp-content\/uploads\/2019\/11\/Futbolistas.jpg?resize=242%2C150&amp;ssl=1 242w, https:\/\/i0.wp.com\/eltrabajo.cl\/portal\/wp-content\/uploads\/2019\/11\/Futbolistas.jpg?resize=400%2C248&amp;ssl=1 400w\" sizes=\"auto, (max-width: 580px) 100vw, 580px\" \/><figcaption id=\"caption-attachment-95482\" class=\"wp-caption-text\">A la izquierda el siempre activo Antonio \u2018Cocoa\u2019 Villarroel, junto a socios de la agrupaci\u00f3n.<\/figcaption><\/figure>\n<figure id=\"attachment_95480\" aria-describedby=\"caption-attachment-95480\" style=\"width: 580px\" class=\"wp-caption alignnone\"><img data-recalc-dims=\"1\" loading=\"lazy\" decoding=\"async\" class=\"size-full wp-image-95480\" src=\"https:\/\/i0.wp.com\/www.eltrabajo.cl\/portal\/wp-content\/uploads\/2019\/11\/Futbolistas-3.jpg?resize=580%2C358\" alt=\"Otro grupo de grandes pr\u00f3ceres del f\u00fatbol sanfelipe\u00f1o posando para \u2018El Trabajo\u2019.\" width=\"580\" height=\"358\" srcset=\"https:\/\/i0.wp.com\/eltrabajo.cl\/portal\/wp-content\/uploads\/2019\/11\/Futbolistas-3.jpg?w=580&amp;ssl=1 580w, https:\/\/i0.wp.com\/eltrabajo.cl\/portal\/wp-content\/uploads\/2019\/11\/Futbolistas-3.jpg?resize=300%2C185&amp;ssl=1 300w, https:\/\/i0.wp.com\/eltrabajo.cl\/portal\/wp-content\/uploads\/2019\/11\/Futbolistas-3.jpg?resize=200%2C123&amp;ssl=1 200w, https:\/\/i0.wp.com\/eltrabajo.cl\/portal\/wp-content\/uploads\/2019\/11\/Futbolistas-3.jpg?resize=243%2C150&amp;ssl=1 243w, https:\/\/i0.wp.com\/eltrabajo.cl\/portal\/wp-content\/uploads\/2019\/11\/Futbolistas-3.jpg?resize=400%2C247&amp;ssl=1 400w\" sizes=\"auto, (max-width: 580px) 100vw, 580px\" \/><figcaption id=\"caption-attachment-95480\" class=\"wp-caption-text\">Otro grupo de grandes pr\u00f3ceres del f\u00fatbol sanfelipe\u00f1o posando para \u2018El Trabajo\u2019.<\/figcaption><\/figure>\n<figure id=\"attachment_95479\" aria-describedby=\"caption-attachment-95479\" style=\"width: 580px\" class=\"wp-caption alignnone\"><img data-recalc-dims=\"1\" loading=\"lazy\" decoding=\"async\" class=\"size-full wp-image-95479\" src=\"https:\/\/i0.wp.com\/www.eltrabajo.cl\/portal\/wp-content\/uploads\/2019\/11\/Futbolistas-2.jpg?resize=580%2C359\" alt=\"Los futbolistas sanfelipe\u00f1os aprovechando el momento de conversar y recordar sus vivencias deportivas.\" width=\"580\" height=\"359\" srcset=\"https:\/\/i0.wp.com\/eltrabajo.cl\/portal\/wp-content\/uploads\/2019\/11\/Futbolistas-2.jpg?w=580&amp;ssl=1 580w, https:\/\/i0.wp.com\/eltrabajo.cl\/portal\/wp-content\/uploads\/2019\/11\/Futbolistas-2.jpg?resize=300%2C186&amp;ssl=1 300w, https:\/\/i0.wp.com\/eltrabajo.cl\/portal\/wp-content\/uploads\/2019\/11\/Futbolistas-2.jpg?resize=200%2C124&amp;ssl=1 200w, https:\/\/i0.wp.com\/eltrabajo.cl\/portal\/wp-content\/uploads\/2019\/11\/Futbolistas-2.jpg?resize=242%2C150&amp;ssl=1 242w, https:\/\/i0.wp.com\/eltrabajo.cl\/portal\/wp-content\/uploads\/2019\/11\/Futbolistas-2.jpg?resize=400%2C248&amp;ssl=1 400w\" sizes=\"auto, (max-width: 580px) 100vw, 580px\" \/><figcaption id=\"caption-attachment-95479\" class=\"wp-caption-text\">Los futbolistas sanfelipe\u00f1os aprovechando el momento de conversar y recordar sus vivencias deportivas.<\/figcaption><\/figure>\n<figure id=\"attachment_95481\" aria-describedby=\"caption-attachment-95481\" style=\"width: 580px\" class=\"wp-caption alignnone\"><img data-recalc-dims=\"1\" loading=\"lazy\" decoding=\"async\" class=\"size-full wp-image-95481\" src=\"https:\/\/i0.wp.com\/www.eltrabajo.cl\/portal\/wp-content\/uploads\/2019\/11\/Futbolistas-4.jpg?resize=580%2C360\" alt=\"La noche del viernes permiti\u00f3 a estos grandes deportistas compartir una exquisita cena en este nuevo aniversario.\" width=\"580\" height=\"360\" srcset=\"https:\/\/i0.wp.com\/eltrabajo.cl\/portal\/wp-content\/uploads\/2019\/11\/Futbolistas-4.jpg?w=580&amp;ssl=1 580w, https:\/\/i0.wp.com\/eltrabajo.cl\/portal\/wp-content\/uploads\/2019\/11\/Futbolistas-4.jpg?resize=300%2C186&amp;ssl=1 300w, https:\/\/i0.wp.com\/eltrabajo.cl\/portal\/wp-content\/uploads\/2019\/11\/Futbolistas-4.jpg?resize=200%2C124&amp;ssl=1 200w, https:\/\/i0.wp.com\/eltrabajo.cl\/portal\/wp-content\/uploads\/2019\/11\/Futbolistas-4.jpg?resize=242%2C150&amp;ssl=1 242w, https:\/\/i0.wp.com\/eltrabajo.cl\/portal\/wp-content\/uploads\/2019\/11\/Futbolistas-4.jpg?resize=400%2C248&amp;ssl=1 400w\" sizes=\"auto, (max-width: 580px) 100vw, 580px\" \/><figcaption id=\"caption-attachment-95481\" class=\"wp-caption-text\">La noche del viernes permiti\u00f3 a estos grandes deportistas compartir una exquisita cena en este nuevo aniversario.<\/figcaption><\/figure>\n","protected":false},"excerpt":{"rendered":"<p>Con una reuni\u00f3n de camarader\u00eda los integrantes de la Agrupaci\u00f3n de Ex &#8211; Futbolistas de San Felipe estuvieron celebrando un aniversario m\u00e1s de su creaci\u00f3n, en este caso el n\u00famero 17. La&#8230;<\/p>\n","protected":false},"author":482,"featured_media":95482,"comment_status":"open","ping_status":"open","sticky":false,"template":"","format":"standard","meta":{"advanced_seo_description":"","jetpack_seo_html_title":"","jetpack_seo_noindex":false,"_jetpack_memberships_contains_paid_content":false,"footnotes":""},"categories":[15],"tags":[],"class_list":["post-95478","post","type-post","status-publish","format-standard","has-post-thumbnail","hentry","category-comunidad"],"jetpack_featured_media_url":"https:\/\/i0.wp.com\/eltrabajo.cl\/portal\/wp-content\/uploads\/2019\/11\/Futbolistas.jpg?fit=580%2C359&ssl=1","jetpack_sharing_enabled":true,"jetpack_likes_enabled":true,"jetpack-related-posts":[],"_links":{"self":[{"href":"https:\/\/eltrabajo.cl\/portal\/wp-json\/wp\/v2\/posts\/95478","targetHints":{"allow":["GET"]}}],"collection":[{"href":"https:\/\/eltrabajo.cl\/portal\/wp-json\/wp\/v2\/posts"}],"about":[{"href":"https:\/\/eltrabajo.cl\/portal\/wp-json\/wp\/v2\/types\/post"}],"author":[{"embeddable":true,"href":"https:\/\/eltrabajo.cl\/portal\/wp-json\/wp\/v2\/users\/482"}],"replies":[{"embeddable":true,"href":"https:\/\/eltrabajo.cl\/portal\/wp-json\/wp\/v2\/comments?post=95478"}],"version-history":[{"count":0,"href":"https:\/\/eltrabajo.cl\/portal\/wp-json\/wp\/v2\/posts\/95478\/revisions"}],"wp:featuredmedia":[{"embeddable":true,"href":"https:\/\/eltrabajo.cl\/portal\/wp-json\/wp\/v2\/media\/95482"}],"wp:attachment":[{"href":"https:\/\/eltrabajo.cl\/portal\/wp-json\/wp\/v2\/media?parent=95478"}],"wp:term":[{"taxonomy":"category","embeddable":true,"href":"https:\/\/eltrabajo.cl\/portal\/wp-json\/wp\/v2\/categories?post=95478"},{"taxonomy":"post_tag","embeddable":true,"href":"https:\/\/eltrabajo.cl\/portal\/wp-json\/wp\/v2\/tags?post=95478"}],"curies":[{"name":"wp","href":"https:\/\/api.w.org\/{rel}","templated":true}]}}