{"id":95484,"date":"2019-11-19T05:07:06","date_gmt":"2019-11-19T08:07:06","guid":{"rendered":"http:\/\/www.eltrabajo.cl\/portal\/?p=95484"},"modified":"2019-11-20T17:50:00","modified_gmt":"2019-11-20T20:50:00","slug":"en-prision-preventiva-guia-de-scouts-por-dos-violaciones-a-nina-de-13-anos-de-edad","status":"publish","type":"post","link":"https:\/\/eltrabajo.cl\/portal\/en-prision-preventiva-guia-de-scouts-por-dos-violaciones-a-nina-de-13-anos-de-edad\/","title":{"rendered":"En prisi\u00f3n preventiva Gu\u00eda de Scouts por dos violaciones a ni\u00f1a de 13 a\u00f1os de edad"},"content":{"rendered":"<p><span style=\"color: #ff0000;\"><strong>Imputado inici\u00f3 relaci\u00f3n con v\u00edctima del mismo movimiento v\u00eda redes sociales:<\/strong><\/span><\/p>\n<p>En prisi\u00f3n preventiva qued\u00f3 un sujeto que ejerc\u00eda como Jefe Gu\u00eda de Scouts, quien fue acusado de haber violado en al menos dos ocasiones a una ni\u00f1a de 13 a\u00f1os de edad que participaba de este movimiento.<\/p>\n<p>Seg\u00fan inform\u00f3 a <strong>Diario El Trabajo<\/strong>, el Fiscal de Delitos Sexuales del Ministerio P\u00fablico de San Felipe, <strong>Alejandro Bustos Ibarra<\/strong>, los hechos habr\u00edan ocurrido entre el 2017 al 2018, luego que el hombre de 36 a\u00f1os de edad habr\u00eda contactado a la menor que asist\u00eda al grupo de scouts, a trav\u00e9s de redes sociales para invitarla a un encuentro \u00edntimo de car\u00e1cter sexual dentro de un veh\u00edculo.<\/p>\n<p>\u201c<em>Los hechos habr\u00edan ocurrido entre septiembre del 2017 a abril del 2018, donde el imputado conoci\u00f3 a una ni\u00f1ita de 13 a\u00f1os de edad que era parte de este grupo de scouts, que estaba en la compa\u00f1\u00eda y estaba bajo la tutela de la esposa de este sujeto. \u00c9l comienza a interactuar con ella a trav\u00e9s de redes sociales, conciertan una reuni\u00f3n y terminan manteniendo relaciones sexuales dentro de un veh\u00edculo, sabiendo el imputado que la ni\u00f1a ten\u00eda 13 a\u00f1os de edad, con consentimiento y sin violencia e intimidaci\u00f3n\u201d.<\/em><\/p>\n<p>El persecutor refiri\u00f3 que estos encuentros sexuales habr\u00edan sido repetidos en el tiempo, seg\u00fan relata la menor, quedando al descubierto luego que la madre de la v\u00edctima ley\u00f3 conversaciones en el tel\u00e9fono celular que manten\u00eda la ni\u00f1a.<\/p>\n<p>\u201c<em>Este hecho se repiti\u00f3 en el tiempo, la menor narr\u00f3 dos episodios por el cual el imputado fue formalizado, \u00e9l est\u00e1 confeso en la Polic\u00eda de Investigaciones, queda efectivo de que la ni\u00f1a fue violada y con las pruebas que hasta el momento se han recabado, el imputado es un peligro para la seguridad de la sociedad. La madre de la v\u00edctima encontr\u00f3 conversaciones en el tel\u00e9fono que hacen alusi\u00f3n a la relaci\u00f3n que exist\u00eda entre estas dos personas\u201d.<\/em><\/p>\n<p>El imputado, tras ser citado por la Fiscal\u00eda a audiencia de formalizaci\u00f3n de dos delitos de violaci\u00f3n a una menor de edad en el Juzgado de Garant\u00eda de San Felipe, este Tribunal decret\u00f3 la cautelar de prisi\u00f3n preventiva a petici\u00f3n del Ministerio P\u00fablico de San Felipe, por representar un serio peligro para la seguridad de la v\u00edctima y el resto de la sociedad, fij\u00e1ndose un plazo de investigaci\u00f3n de 60 d\u00edas.<\/p>\n<p>La Fiscal\u00eda indic\u00f3 que hasta el momento son dos delitos de violaci\u00f3n cuyas penas parten desde los 5 a\u00f1os y un d\u00eda a 10 a\u00f1os de presidio, lo que deber\u00e1 debatirse en un pr\u00f3ximo juicio oral.<\/p>\n<p><strong>Pablo Salinas Sald\u00edas<\/strong><\/p>\n<figure id=\"attachment_95486\" aria-describedby=\"caption-attachment-95486\" style=\"width: 580px\" class=\"wp-caption alignnone\"><img data-recalc-dims=\"1\" loading=\"lazy\" decoding=\"async\" class=\"size-full wp-image-95486\" src=\"https:\/\/i0.wp.com\/www.eltrabajo.cl\/portal\/wp-content\/uploads\/2019\/11\/ALEJANDRO-BUSTOS-FISCAL-1.jpg?resize=580%2C358\" alt=\"Fiscal de Delitos Sexuales del Ministerio P\u00fablico de San Felipe, Alejandro Bustos Ibarra.\" width=\"580\" height=\"358\" srcset=\"https:\/\/i0.wp.com\/eltrabajo.cl\/portal\/wp-content\/uploads\/2019\/11\/ALEJANDRO-BUSTOS-FISCAL-1.jpg?w=580&amp;ssl=1 580w, https:\/\/i0.wp.com\/eltrabajo.cl\/portal\/wp-content\/uploads\/2019\/11\/ALEJANDRO-BUSTOS-FISCAL-1.jpg?resize=300%2C185&amp;ssl=1 300w, https:\/\/i0.wp.com\/eltrabajo.cl\/portal\/wp-content\/uploads\/2019\/11\/ALEJANDRO-BUSTOS-FISCAL-1.jpg?resize=200%2C123&amp;ssl=1 200w, https:\/\/i0.wp.com\/eltrabajo.cl\/portal\/wp-content\/uploads\/2019\/11\/ALEJANDRO-BUSTOS-FISCAL-1.jpg?resize=243%2C150&amp;ssl=1 243w, https:\/\/i0.wp.com\/eltrabajo.cl\/portal\/wp-content\/uploads\/2019\/11\/ALEJANDRO-BUSTOS-FISCAL-1.jpg?resize=400%2C247&amp;ssl=1 400w\" sizes=\"auto, (max-width: 580px) 100vw, 580px\" \/><figcaption id=\"caption-attachment-95486\" class=\"wp-caption-text\">Fiscal de Delitos Sexuales del Ministerio P\u00fablico de San Felipe, Alejandro Bustos Ibarra.<\/figcaption><\/figure>\n<p>&nbsp;<\/p>\n","protected":false},"excerpt":{"rendered":"<p>Imputado inici\u00f3 relaci\u00f3n con v\u00edctima del mismo movimiento v\u00eda redes sociales: En prisi\u00f3n preventiva qued\u00f3 un sujeto que ejerc\u00eda como Jefe Gu\u00eda de Scouts, quien fue acusado de haber violado en al&#8230;<\/p>\n","protected":false},"author":482,"featured_media":95485,"comment_status":"open","ping_status":"open","sticky":false,"template":"","format":"standard","meta":{"advanced_seo_description":"","jetpack_seo_html_title":"","jetpack_seo_noindex":false,"_jetpack_memberships_contains_paid_content":false,"footnotes":""},"categories":[97],"tags":[],"class_list":["post-95484","post","type-post","status-publish","format-standard","has-post-thumbnail","hentry","category-tribunales"],"jetpack_featured_media_url":"https:\/\/i0.wp.com\/eltrabajo.cl\/portal\/wp-content\/uploads\/2019\/11\/violacion-girl-scout.jpg?fit=580%2C359&ssl=1","jetpack_sharing_enabled":true,"jetpack_likes_enabled":true,"jetpack-related-posts":[],"_links":{"self":[{"href":"https:\/\/eltrabajo.cl\/portal\/wp-json\/wp\/v2\/posts\/95484","targetHints":{"allow":["GET"]}}],"collection":[{"href":"https:\/\/eltrabajo.cl\/portal\/wp-json\/wp\/v2\/posts"}],"about":[{"href":"https:\/\/eltrabajo.cl\/portal\/wp-json\/wp\/v2\/types\/post"}],"author":[{"embeddable":true,"href":"https:\/\/eltrabajo.cl\/portal\/wp-json\/wp\/v2\/users\/482"}],"replies":[{"embeddable":true,"href":"https:\/\/eltrabajo.cl\/portal\/wp-json\/wp\/v2\/comments?post=95484"}],"version-history":[{"count":0,"href":"https:\/\/eltrabajo.cl\/portal\/wp-json\/wp\/v2\/posts\/95484\/revisions"}],"wp:featuredmedia":[{"embeddable":true,"href":"https:\/\/eltrabajo.cl\/portal\/wp-json\/wp\/v2\/media\/95485"}],"wp:attachment":[{"href":"https:\/\/eltrabajo.cl\/portal\/wp-json\/wp\/v2\/media?parent=95484"}],"wp:term":[{"taxonomy":"category","embeddable":true,"href":"https:\/\/eltrabajo.cl\/portal\/wp-json\/wp\/v2\/categories?post=95484"},{"taxonomy":"post_tag","embeddable":true,"href":"https:\/\/eltrabajo.cl\/portal\/wp-json\/wp\/v2\/tags?post=95484"}],"curies":[{"name":"wp","href":"https:\/\/api.w.org\/{rel}","templated":true}]}}