{"id":95489,"date":"2019-11-20T05:01:08","date_gmt":"2019-11-20T08:01:08","guid":{"rendered":"http:\/\/www.eltrabajo.cl\/portal\/?p=95489"},"modified":"2019-11-19T21:30:05","modified_gmt":"2019-11-20T00:30:05","slug":"con-guateros-y-estanques-para-agua-municipio-y-prodesal-enfrentan-sequia","status":"publish","type":"post","link":"https:\/\/eltrabajo.cl\/portal\/con-guateros-y-estanques-para-agua-municipio-y-prodesal-enfrentan-sequia\/","title":{"rendered":"Con guateros y estanques para agua, Municipio y Prodesal enfrentan sequ\u00eda"},"content":{"rendered":"<p><span style=\"color: #ff0000;\"><strong>Cada recolector de agua tiene capacidad para 1.000 y 30.000 litros:<\/strong><\/span><\/p>\n<p>Siguen llegando los recursos para paliar la sequ\u00eda que los animales y crianceros est\u00e1n enfrentando en nuestra comuna. En esta oportunidad fueron varios concejales y el propio alcalde Patricio Freire en compa\u00f1\u00eda de funcionarios de Indap, quienes visitaron Barrancas y El Asiento para entregar acumuladores de agua.<\/p>\n<p><strong>Diario El Trabajo<\/strong> habl\u00f3 con <strong>Patrick Guerra<\/strong>, coordinador de Prodesal San Felipe, quien nos indic\u00f3 que <em>\u00abeste martes entregamos agua con aporte municipal a estanques obtenidos con un proyecto a trav\u00e9s de Indap, son tres guateros de 30.000 litros m\u00e1s once estanques r\u00edgidos de 1.000 litros cada uno, los cuales son llenados a trav\u00e9s de un cami\u00f3n aljibe de la municipalidad para el beneficio de los ganaderos de San Felipe. Cada guatero de estos tiene un costo de $1.300.000, de ese monto cada ganadero puso el 10%, lo dem\u00e1s lo puso Indap. Todos estos tanques y guateros pasan a ser propiedad de los crianceros<\/em> (\u2026) <em>en este caso puntual a ganaderos como Guadalupe Segovia ya lleva m\u00e1s de siete a\u00f1os bajo nuestra asistencia t\u00e9cnica de Prodesal, ya ella se ha adjudicado bodegas para su forraje, una m\u00e1quina de orde\u00f1a, un acumulador de agua, un molino martillo, m\u00e1s la asesor\u00eda t\u00e9cnica de nuestros veterinarios permanentes<\/em>\u00bb, dijo el profesional.<\/p>\n<p>&nbsp;<\/p>\n<p><span style=\"color: #ff0000;\"><strong>CRIANCERA ALIVIADA<\/strong><\/span><\/p>\n<p>Nuestro medio tambi\u00e9n habl\u00f3 con una de las crianceras directamente favorecidas con estos recursos, <strong>Guadalupe Segovia<\/strong>: <em>\u00abPara nosotros ha sido un problema tener que estar yendo a buscar agua, m\u00e1s ahora que no hay agua en el r\u00edo. Ahora nos va a salir m\u00e1s f\u00e1cil para nosotros con este guatero, hasta que se pueda integrar y sacar agua por el pozo de Bellavista, yo tengo vacunos y son 90 animales<\/em>\u00bb, dijo la criancera.<\/p>\n<p>En esta oportunidad el alcalde <strong>Patricio Freire<\/strong> se hizo acompa\u00f1ar por los concejales <strong>Mario Villanueva<\/strong>, <strong>Patricia Boffa<\/strong>, <strong>Cristian Beals<\/strong> y <strong>Juan Carlos Sabaj<\/strong>: <em>\u00abHoy d\u00eda lo que nosotros pedimos a la Seremi de Obras P\u00fablicas es terminar los 200 metros que faltan del canal revestido para que llegue al pozo de Bellavista, son todas las familias de este sector que tienen la prioridad, antes de cualquier construcci\u00f3n de pozos en la comuna de San Felipe, y eso es lo que hoy d\u00eda buscamos hacer. La caridad empieza por casa, los peque\u00f1os productores y las familias campesinas de nuestra comuna tienen la prioridad, porque hoy d\u00eda vemos c\u00f3mo se nos est\u00e1n secando los \u00e1rboles, la tierra y todo lo dem\u00e1s en este sector<\/em>\u00bb, dijo Freire.<\/p>\n<p><strong>Roberto Gonz\u00e1lez Short<\/strong><\/p>\n<figure id=\"attachment_95490\" aria-describedby=\"caption-attachment-95490\" style=\"width: 580px\" class=\"wp-caption alignnone\"><img data-recalc-dims=\"1\" loading=\"lazy\" decoding=\"async\" class=\"size-full wp-image-95490\" src=\"https:\/\/i0.wp.com\/www.eltrabajo.cl\/portal\/wp-content\/uploads\/2019\/11\/Guatero3.jpg?resize=580%2C359\" alt=\"TRABAJO EN EQUIPO.- El concejal Cristian Beals y dem\u00e1s autoridades participaron activamente en esta jornada en terreno, para dejar instalados estos recolectores de agua.\" width=\"580\" height=\"359\" srcset=\"https:\/\/i0.wp.com\/eltrabajo.cl\/portal\/wp-content\/uploads\/2019\/11\/Guatero3.jpg?w=580&amp;ssl=1 580w, https:\/\/i0.wp.com\/eltrabajo.cl\/portal\/wp-content\/uploads\/2019\/11\/Guatero3.jpg?resize=300%2C186&amp;ssl=1 300w, https:\/\/i0.wp.com\/eltrabajo.cl\/portal\/wp-content\/uploads\/2019\/11\/Guatero3.jpg?resize=200%2C124&amp;ssl=1 200w, https:\/\/i0.wp.com\/eltrabajo.cl\/portal\/wp-content\/uploads\/2019\/11\/Guatero3.jpg?resize=242%2C150&amp;ssl=1 242w, https:\/\/i0.wp.com\/eltrabajo.cl\/portal\/wp-content\/uploads\/2019\/11\/Guatero3.jpg?resize=400%2C248&amp;ssl=1 400w\" sizes=\"auto, (max-width: 580px) 100vw, 580px\" \/><figcaption id=\"caption-attachment-95490\" class=\"wp-caption-text\">TRABAJO EN EQUIPO.- El concejal Cristian Beals y dem\u00e1s autoridades participaron activamente en esta jornada en terreno, para dejar instalados estos recolectores de agua.<\/figcaption><\/figure>\n<p>&nbsp;<\/p>\n<figure id=\"attachment_95495\" aria-describedby=\"caption-attachment-95495\" style=\"width: 578px\" class=\"wp-caption alignnone\"><img data-recalc-dims=\"1\" loading=\"lazy\" decoding=\"async\" class=\"size-full wp-image-95495\" src=\"https:\/\/i0.wp.com\/www.eltrabajo.cl\/portal\/wp-content\/uploads\/2019\/11\/Guatero1.jpg?resize=578%2C385\" alt=\"ENFRENTANDO LA SEQU\u00cdA.- El alcalde Patricio Freire, los concejales Mario Villanueva y Dante Rodr\u00edguez cargaron personalmente los estanques de agua.\" width=\"578\" height=\"385\" srcset=\"https:\/\/i0.wp.com\/eltrabajo.cl\/portal\/wp-content\/uploads\/2019\/11\/Guatero1.jpg?w=578&amp;ssl=1 578w, https:\/\/i0.wp.com\/eltrabajo.cl\/portal\/wp-content\/uploads\/2019\/11\/Guatero1.jpg?resize=300%2C200&amp;ssl=1 300w, https:\/\/i0.wp.com\/eltrabajo.cl\/portal\/wp-content\/uploads\/2019\/11\/Guatero1.jpg?resize=200%2C133&amp;ssl=1 200w, https:\/\/i0.wp.com\/eltrabajo.cl\/portal\/wp-content\/uploads\/2019\/11\/Guatero1.jpg?resize=225%2C150&amp;ssl=1 225w, https:\/\/i0.wp.com\/eltrabajo.cl\/portal\/wp-content\/uploads\/2019\/11\/Guatero1.jpg?resize=400%2C266&amp;ssl=1 400w\" sizes=\"auto, (max-width: 578px) 100vw, 578px\" \/><figcaption id=\"caption-attachment-95495\" class=\"wp-caption-text\">ENFRENTANDO LA SEQU\u00cdA.- El alcalde Patricio Freire, los concejales Mario Villanueva y Dante Rodr\u00edguez cargaron personalmente los estanques de agua.<\/figcaption><\/figure>\n<p>&nbsp;<\/p>\n<figure id=\"attachment_95491\" aria-describedby=\"caption-attachment-95491\" style=\"width: 578px\" class=\"wp-caption alignnone\"><img data-recalc-dims=\"1\" loading=\"lazy\" decoding=\"async\" class=\"size-full wp-image-95491\" src=\"https:\/\/i0.wp.com\/www.eltrabajo.cl\/portal\/wp-content\/uploads\/2019\/11\/Guatero4.jpg?resize=578%2C405\" alt=\"CONCEJO EN TERRENO.- Los concejales Patricia Boffa Casas, Juan Carlos Sabaj, Cristian Beals, Mario Villanueva y Dante Rodr\u00edguez, tambi\u00e9n participaron activamente en esta jornada en terreno para llevar estos recursos a los crianceros en problemas.\" width=\"578\" height=\"405\" srcset=\"https:\/\/i0.wp.com\/eltrabajo.cl\/portal\/wp-content\/uploads\/2019\/11\/Guatero4.jpg?w=578&amp;ssl=1 578w, https:\/\/i0.wp.com\/eltrabajo.cl\/portal\/wp-content\/uploads\/2019\/11\/Guatero4.jpg?resize=300%2C210&amp;ssl=1 300w, https:\/\/i0.wp.com\/eltrabajo.cl\/portal\/wp-content\/uploads\/2019\/11\/Guatero4.jpg?resize=200%2C140&amp;ssl=1 200w, https:\/\/i0.wp.com\/eltrabajo.cl\/portal\/wp-content\/uploads\/2019\/11\/Guatero4.jpg?resize=214%2C150&amp;ssl=1 214w, https:\/\/i0.wp.com\/eltrabajo.cl\/portal\/wp-content\/uploads\/2019\/11\/Guatero4.jpg?resize=400%2C280&amp;ssl=1 400w\" sizes=\"auto, (max-width: 578px) 100vw, 578px\" \/><figcaption id=\"caption-attachment-95491\" class=\"wp-caption-text\">CONCEJO EN TERRENO.- Los concejales Patricia Boffa Casas, Juan Carlos Sabaj, Cristian Beals, Mario Villanueva y Dante Rodr\u00edguez, tambi\u00e9n participaron activamente en esta jornada en terreno para llevar estos recursos a los crianceros en problemas.<\/figcaption><\/figure>\n<p>&nbsp;<\/p>\n<figure id=\"attachment_95496\" aria-describedby=\"caption-attachment-95496\" style=\"width: 579px\" class=\"wp-caption alignnone\"><img data-recalc-dims=\"1\" loading=\"lazy\" decoding=\"async\" class=\"size-full wp-image-95496\" src=\"https:\/\/i0.wp.com\/www.eltrabajo.cl\/portal\/wp-content\/uploads\/2019\/11\/Guatero2.jpg?resize=579%2C733\" alt=\"VALIOSO RECURSO.- Este empleado procedi\u00f3 ayer mismo a llenar el gigantesco guatero, en total son tres y once estanques de 1.000 litros cada uno.\" width=\"579\" height=\"733\" srcset=\"https:\/\/i0.wp.com\/eltrabajo.cl\/portal\/wp-content\/uploads\/2019\/11\/Guatero2.jpg?w=579&amp;ssl=1 579w, https:\/\/i0.wp.com\/eltrabajo.cl\/portal\/wp-content\/uploads\/2019\/11\/Guatero2.jpg?resize=237%2C300&amp;ssl=1 237w, https:\/\/i0.wp.com\/eltrabajo.cl\/portal\/wp-content\/uploads\/2019\/11\/Guatero2.jpg?resize=118%2C150&amp;ssl=1 118w, https:\/\/i0.wp.com\/eltrabajo.cl\/portal\/wp-content\/uploads\/2019\/11\/Guatero2.jpg?resize=400%2C506&amp;ssl=1 400w\" sizes=\"auto, (max-width: 579px) 100vw, 579px\" \/><figcaption id=\"caption-attachment-95496\" class=\"wp-caption-text\">VALIOSO RECURSO.- Este empleado procedi\u00f3 ayer mismo a llenar el gigantesco guatero, en total son tres y once estanques de 1.000 litros cada uno.<\/figcaption><\/figure>\n<p>&nbsp;<\/p>\n<figure id=\"attachment_95494\" aria-describedby=\"caption-attachment-95494\" style=\"width: 579px\" class=\"wp-caption alignnone\"><img data-recalc-dims=\"1\" loading=\"lazy\" decoding=\"async\" class=\"size-full wp-image-95494\" src=\"https:\/\/i0.wp.com\/www.eltrabajo.cl\/portal\/wp-content\/uploads\/2019\/11\/Guatero_Patrick-Guerra.jpg?resize=579%2C610\" alt=\"Patrick Guerra, coordinador de Prodesal San Felipe.\" width=\"579\" height=\"610\" srcset=\"https:\/\/i0.wp.com\/eltrabajo.cl\/portal\/wp-content\/uploads\/2019\/11\/Guatero_Patrick-Guerra.jpg?w=579&amp;ssl=1 579w, https:\/\/i0.wp.com\/eltrabajo.cl\/portal\/wp-content\/uploads\/2019\/11\/Guatero_Patrick-Guerra.jpg?resize=285%2C300&amp;ssl=1 285w, https:\/\/i0.wp.com\/eltrabajo.cl\/portal\/wp-content\/uploads\/2019\/11\/Guatero_Patrick-Guerra.jpg?resize=142%2C150&amp;ssl=1 142w, https:\/\/i0.wp.com\/eltrabajo.cl\/portal\/wp-content\/uploads\/2019\/11\/Guatero_Patrick-Guerra.jpg?resize=400%2C421&amp;ssl=1 400w\" sizes=\"auto, (max-width: 579px) 100vw, 579px\" \/><figcaption id=\"caption-attachment-95494\" class=\"wp-caption-text\">Patrick Guerra, coordinador de Prodesal San Felipe.<\/figcaption><\/figure>\n<p>&nbsp;<\/p>\n<figure id=\"attachment_95492\" aria-describedby=\"caption-attachment-95492\" style=\"width: 579px\" class=\"wp-caption alignnone\"><img data-recalc-dims=\"1\" loading=\"lazy\" decoding=\"async\" class=\"size-full wp-image-95492\" src=\"https:\/\/i0.wp.com\/www.eltrabajo.cl\/portal\/wp-content\/uploads\/2019\/11\/Guatero_Guadalupe-Segovia.jpg?resize=579%2C600\" alt=\"Guadalupe Segovia, criancera con 90 animales que atender.\" width=\"579\" height=\"600\" srcset=\"https:\/\/i0.wp.com\/eltrabajo.cl\/portal\/wp-content\/uploads\/2019\/11\/Guatero_Guadalupe-Segovia.jpg?w=579&amp;ssl=1 579w, https:\/\/i0.wp.com\/eltrabajo.cl\/portal\/wp-content\/uploads\/2019\/11\/Guatero_Guadalupe-Segovia.jpg?resize=290%2C300&amp;ssl=1 290w, https:\/\/i0.wp.com\/eltrabajo.cl\/portal\/wp-content\/uploads\/2019\/11\/Guatero_Guadalupe-Segovia.jpg?resize=145%2C150&amp;ssl=1 145w, https:\/\/i0.wp.com\/eltrabajo.cl\/portal\/wp-content\/uploads\/2019\/11\/Guatero_Guadalupe-Segovia.jpg?resize=400%2C415&amp;ssl=1 400w\" sizes=\"auto, (max-width: 579px) 100vw, 579px\" \/><figcaption id=\"caption-attachment-95492\" class=\"wp-caption-text\">Guadalupe Segovia, criancera con 90 animales que atender.<\/figcaption><\/figure>\n<p>&nbsp;<\/p>\n<figure id=\"attachment_95493\" aria-describedby=\"caption-attachment-95493\" style=\"width: 579px\" class=\"wp-caption alignnone\"><img data-recalc-dims=\"1\" loading=\"lazy\" decoding=\"async\" class=\"size-full wp-image-95493\" src=\"https:\/\/i0.wp.com\/www.eltrabajo.cl\/portal\/wp-content\/uploads\/2019\/11\/Guatero_Patricio-Freire.jpg?resize=579%2C568\" alt=\"Patricio Freire Canto, alcalde en terreno.\" width=\"579\" height=\"568\" srcset=\"https:\/\/i0.wp.com\/eltrabajo.cl\/portal\/wp-content\/uploads\/2019\/11\/Guatero_Patricio-Freire.jpg?w=579&amp;ssl=1 579w, https:\/\/i0.wp.com\/eltrabajo.cl\/portal\/wp-content\/uploads\/2019\/11\/Guatero_Patricio-Freire.jpg?resize=300%2C294&amp;ssl=1 300w, https:\/\/i0.wp.com\/eltrabajo.cl\/portal\/wp-content\/uploads\/2019\/11\/Guatero_Patricio-Freire.jpg?resize=153%2C150&amp;ssl=1 153w, https:\/\/i0.wp.com\/eltrabajo.cl\/portal\/wp-content\/uploads\/2019\/11\/Guatero_Patricio-Freire.jpg?resize=400%2C392&amp;ssl=1 400w\" sizes=\"auto, (max-width: 579px) 100vw, 579px\" \/><figcaption id=\"caption-attachment-95493\" class=\"wp-caption-text\">Patricio Freire Canto, alcalde en terreno.<\/figcaption><\/figure>\n","protected":false},"excerpt":{"rendered":"<p>Cada recolector de agua tiene capacidad para 1.000 y 30.000 litros: Siguen llegando los recursos para paliar la sequ\u00eda que los animales y crianceros est\u00e1n enfrentando en nuestra comuna. En esta oportunidad&#8230;<\/p>\n","protected":false},"author":482,"featured_media":95490,"comment_status":"open","ping_status":"open","sticky":false,"template":"","format":"standard","meta":{"advanced_seo_description":"","jetpack_seo_html_title":"","jetpack_seo_noindex":false,"_jetpack_memberships_contains_paid_content":false,"footnotes":""},"categories":[15],"tags":[],"class_list":["post-95489","post","type-post","status-publish","format-standard","has-post-thumbnail","hentry","category-comunidad"],"jetpack_featured_media_url":"https:\/\/i0.wp.com\/eltrabajo.cl\/portal\/wp-content\/uploads\/2019\/11\/Guatero3.jpg?fit=580%2C359&ssl=1","jetpack_sharing_enabled":true,"jetpack_likes_enabled":true,"jetpack-related-posts":[],"_links":{"self":[{"href":"https:\/\/eltrabajo.cl\/portal\/wp-json\/wp\/v2\/posts\/95489","targetHints":{"allow":["GET"]}}],"collection":[{"href":"https:\/\/eltrabajo.cl\/portal\/wp-json\/wp\/v2\/posts"}],"about":[{"href":"https:\/\/eltrabajo.cl\/portal\/wp-json\/wp\/v2\/types\/post"}],"author":[{"embeddable":true,"href":"https:\/\/eltrabajo.cl\/portal\/wp-json\/wp\/v2\/users\/482"}],"replies":[{"embeddable":true,"href":"https:\/\/eltrabajo.cl\/portal\/wp-json\/wp\/v2\/comments?post=95489"}],"version-history":[{"count":0,"href":"https:\/\/eltrabajo.cl\/portal\/wp-json\/wp\/v2\/posts\/95489\/revisions"}],"wp:featuredmedia":[{"embeddable":true,"href":"https:\/\/eltrabajo.cl\/portal\/wp-json\/wp\/v2\/media\/95490"}],"wp:attachment":[{"href":"https:\/\/eltrabajo.cl\/portal\/wp-json\/wp\/v2\/media?parent=95489"}],"wp:term":[{"taxonomy":"category","embeddable":true,"href":"https:\/\/eltrabajo.cl\/portal\/wp-json\/wp\/v2\/categories?post=95489"},{"taxonomy":"post_tag","embeddable":true,"href":"https:\/\/eltrabajo.cl\/portal\/wp-json\/wp\/v2\/tags?post=95489"}],"curies":[{"name":"wp","href":"https:\/\/api.w.org\/{rel}","templated":true}]}}