{"id":95499,"date":"2019-11-20T05:02:34","date_gmt":"2019-11-20T08:02:34","guid":{"rendered":"http:\/\/www.eltrabajo.cl\/portal\/?p=95499"},"modified":"2019-11-19T21:50:12","modified_gmt":"2019-11-20T00:50:12","slug":"alumnas-del-liceo-de-ninas-corina-urbina-brillan-en-argentina-y-uruguay","status":"publish","type":"post","link":"https:\/\/eltrabajo.cl\/portal\/alumnas-del-liceo-de-ninas-corina-urbina-brillan-en-argentina-y-uruguay\/","title":{"rendered":"Alumnas del Liceo de Ni\u00f1as Corina Urbina brillan en Argentina y Uruguay"},"content":{"rendered":"<p><span style=\"color: #ff0000;\"><strong>Elvira Gal\u00edndez en Tenis de Mesa, y Javiera Miranda en H\u00e1ndbol:<\/strong><\/span><\/p>\n<p>Muy orgullosa est\u00e1 la comunidad educativa del Liceo Corina Urbina de San Felipe, liderada por su directora <strong>Wilta Berr\u00edos<\/strong> y el gran equipo docente, luego de los excelentes papeles desempe\u00f1ados por dos de sus mejores deportistas del plantel en tierras extranjeras.<\/p>\n<p>&nbsp;<\/p>\n<p><span style=\"color: #ff0000;\"><strong>TENIS DE MESA<\/strong><\/span><\/p>\n<p>Se trata de dos j\u00f3venes deportistas, una de ellas es <strong>Mar\u00eda Elvira Gal\u00edndez<\/strong>, joven venezolana de 15 a\u00f1os de edad, quien cursa el primero medio y se destaca en el Tenis de Mesa.<\/p>\n<p>Esta jovencita regres\u00f3 esta semana de los Juegos Binacionales que se disputaron en San Juan, Argentina, y gan\u00f3 el tercer lugar por equipo, en una jornada que se jug\u00f3 del 11 al 15 de noviembre entre j\u00f3venes de 15 a los 18 a\u00f1os de edad.<\/p>\n<p>&nbsp;<\/p>\n<p><span style=\"color: #ff0000;\"><strong>BRILLA EN H\u00c1NDBOL<\/strong><\/span><\/p>\n<p>La otra deportista del Liceo de Ni\u00f1as es <strong>Javiera Miranda Cruz<\/strong>, de 13 a\u00f1os de edad, integrante de la Selecci\u00f3n Chilena U14 de Balonmano femenino, ella disput\u00f3 el Sudamericano en Paraguay y quedaron en el quinto lugar del torneo.<\/p>\n<p>Sobre el proceso de esta ni\u00f1a a nivel de H\u00e1ndbol, su entrenador <strong>Javier Navarrete<\/strong> habl\u00f3 con nuestro medio para explicar que \u00ab<em>a Javiera desde hace cinco a\u00f1os que la venimos preparando, es muy buena en este deporte y ya como seleccionada nacional ha demostrado su calidad t\u00e9cnica, en este sentido ahora su futuro deportivo depende de ella, ya sabe todo y es buena en la cancha, creo que llegar\u00e1 muy lejos si contin\u00faa en las canchas. Ella empez\u00f3 hace algunos meses entre 400 ni\u00f1as del pa\u00eds, as\u00ed poco a poco fue siendo seleccionada y depurada, hasta que ahora est\u00e1 en el equipo titular del pa\u00eds<\/em>\u00bb, dijo el orgulloso profesor de educaci\u00f3n f\u00edsica.<\/p>\n<p><strong>Roberto Gonz\u00e1lez Short<\/strong><\/p>\n<figure id=\"attachment_95500\" aria-describedby=\"caption-attachment-95500\" style=\"width: 580px\" class=\"wp-caption alignnone\"><img data-recalc-dims=\"1\" loading=\"lazy\" decoding=\"async\" class=\"size-full wp-image-95500\" src=\"https:\/\/i0.wp.com\/www.eltrabajo.cl\/portal\/wp-content\/uploads\/2019\/11\/Deportistas1.jpg?resize=580%2C359\" alt=\"JUNTAS SON IMPARABLES.- Ellas son las seleccionadas chilenas U14 de H\u00e1ndbol femenino, un juvenil equipo de talento, destreza y ganas de triunfar.\" width=\"580\" height=\"359\" srcset=\"https:\/\/i0.wp.com\/eltrabajo.cl\/portal\/wp-content\/uploads\/2019\/11\/Deportistas1.jpg?w=580&amp;ssl=1 580w, https:\/\/i0.wp.com\/eltrabajo.cl\/portal\/wp-content\/uploads\/2019\/11\/Deportistas1.jpg?resize=300%2C186&amp;ssl=1 300w, https:\/\/i0.wp.com\/eltrabajo.cl\/portal\/wp-content\/uploads\/2019\/11\/Deportistas1.jpg?resize=200%2C124&amp;ssl=1 200w, https:\/\/i0.wp.com\/eltrabajo.cl\/portal\/wp-content\/uploads\/2019\/11\/Deportistas1.jpg?resize=242%2C150&amp;ssl=1 242w, https:\/\/i0.wp.com\/eltrabajo.cl\/portal\/wp-content\/uploads\/2019\/11\/Deportistas1.jpg?resize=400%2C248&amp;ssl=1 400w\" sizes=\"auto, (max-width: 580px) 100vw, 580px\" \/><figcaption id=\"caption-attachment-95500\" class=\"wp-caption-text\">JUNTAS SON IMPARABLES.- Ellas son las seleccionadas chilenas U14 de H\u00e1ndbol femenino, un juvenil equipo de talento, destreza y ganas de triunfar.<\/figcaption><\/figure>\n<p>&nbsp;<\/p>\n<figure id=\"attachment_95501\" aria-describedby=\"caption-attachment-95501\" style=\"width: 579px\" class=\"wp-caption alignnone\"><img data-recalc-dims=\"1\" loading=\"lazy\" decoding=\"async\" class=\"size-full wp-image-95501\" src=\"https:\/\/i0.wp.com\/www.eltrabajo.cl\/portal\/wp-content\/uploads\/2019\/11\/Deportistas_Javier-Navarrete.jpg?resize=579%2C599\" alt=\"Entrenador de Javiera, Javier Navarrete.\" width=\"579\" height=\"599\" srcset=\"https:\/\/i0.wp.com\/eltrabajo.cl\/portal\/wp-content\/uploads\/2019\/11\/Deportistas_Javier-Navarrete.jpg?w=579&amp;ssl=1 579w, https:\/\/i0.wp.com\/eltrabajo.cl\/portal\/wp-content\/uploads\/2019\/11\/Deportistas_Javier-Navarrete.jpg?resize=290%2C300&amp;ssl=1 290w, https:\/\/i0.wp.com\/eltrabajo.cl\/portal\/wp-content\/uploads\/2019\/11\/Deportistas_Javier-Navarrete.jpg?resize=145%2C150&amp;ssl=1 145w, https:\/\/i0.wp.com\/eltrabajo.cl\/portal\/wp-content\/uploads\/2019\/11\/Deportistas_Javier-Navarrete.jpg?resize=400%2C414&amp;ssl=1 400w\" sizes=\"auto, (max-width: 579px) 100vw, 579px\" \/><figcaption id=\"caption-attachment-95501\" class=\"wp-caption-text\">Entrenador de Javiera, Javier Navarrete.<\/figcaption><\/figure>\n<p>&nbsp;<\/p>\n<figure id=\"attachment_95502\" aria-describedby=\"caption-attachment-95502\" style=\"width: 580px\" class=\"wp-caption alignnone\"><img data-recalc-dims=\"1\" loading=\"lazy\" decoding=\"async\" class=\"size-full wp-image-95502\" src=\"https:\/\/i0.wp.com\/www.eltrabajo.cl\/portal\/wp-content\/uploads\/2019\/11\/Deportistas_Javiera-Miranda-Cruz.jpg?resize=580%2C580\" alt=\"Javiera Miranda Cruz, integrante de la Selecci\u00f3n Chilena U14 de Balonmano femenino.\" width=\"580\" height=\"580\" srcset=\"https:\/\/i0.wp.com\/eltrabajo.cl\/portal\/wp-content\/uploads\/2019\/11\/Deportistas_Javiera-Miranda-Cruz.jpg?w=580&amp;ssl=1 580w, https:\/\/i0.wp.com\/eltrabajo.cl\/portal\/wp-content\/uploads\/2019\/11\/Deportistas_Javiera-Miranda-Cruz.jpg?resize=300%2C300&amp;ssl=1 300w, https:\/\/i0.wp.com\/eltrabajo.cl\/portal\/wp-content\/uploads\/2019\/11\/Deportistas_Javiera-Miranda-Cruz.jpg?resize=150%2C150&amp;ssl=1 150w, https:\/\/i0.wp.com\/eltrabajo.cl\/portal\/wp-content\/uploads\/2019\/11\/Deportistas_Javiera-Miranda-Cruz.jpg?resize=400%2C400&amp;ssl=1 400w, https:\/\/i0.wp.com\/eltrabajo.cl\/portal\/wp-content\/uploads\/2019\/11\/Deportistas_Javiera-Miranda-Cruz.jpg?resize=144%2C144&amp;ssl=1 144w\" sizes=\"auto, (max-width: 580px) 100vw, 580px\" \/><figcaption id=\"caption-attachment-95502\" class=\"wp-caption-text\">Javiera Miranda Cruz, integrante de la Selecci\u00f3n Chilena U14 de Balonmano femenino.<\/figcaption><\/figure>\n<p>&nbsp;<\/p>\n<figure id=\"attachment_95503\" aria-describedby=\"caption-attachment-95503\" style=\"width: 579px\" class=\"wp-caption alignnone\"><img data-recalc-dims=\"1\" loading=\"lazy\" decoding=\"async\" class=\"size-full wp-image-95503\" src=\"https:\/\/i0.wp.com\/www.eltrabajo.cl\/portal\/wp-content\/uploads\/2019\/11\/Deportistas_Maria-Elvira-Galindez.jpg?resize=579%2C760\" alt=\"Mar\u00eda Elvira Gal\u00edndez, cursa el primero medio y se destaca en el Tenis de Mesa.\" width=\"579\" height=\"760\" srcset=\"https:\/\/i0.wp.com\/eltrabajo.cl\/portal\/wp-content\/uploads\/2019\/11\/Deportistas_Maria-Elvira-Galindez.jpg?w=579&amp;ssl=1 579w, https:\/\/i0.wp.com\/eltrabajo.cl\/portal\/wp-content\/uploads\/2019\/11\/Deportistas_Maria-Elvira-Galindez.jpg?resize=229%2C300&amp;ssl=1 229w, https:\/\/i0.wp.com\/eltrabajo.cl\/portal\/wp-content\/uploads\/2019\/11\/Deportistas_Maria-Elvira-Galindez.jpg?resize=114%2C150&amp;ssl=1 114w, https:\/\/i0.wp.com\/eltrabajo.cl\/portal\/wp-content\/uploads\/2019\/11\/Deportistas_Maria-Elvira-Galindez.jpg?resize=400%2C525&amp;ssl=1 400w\" sizes=\"auto, (max-width: 579px) 100vw, 579px\" \/><figcaption id=\"caption-attachment-95503\" class=\"wp-caption-text\">Mar\u00eda Elvira Gal\u00edndez, cursa el primero medio y se destaca en el Tenis de Mesa.<\/figcaption><\/figure>\n","protected":false},"excerpt":{"rendered":"<p>Elvira Gal\u00edndez en Tenis de Mesa, y Javiera Miranda en H\u00e1ndbol: Muy orgullosa est\u00e1 la comunidad educativa del Liceo Corina Urbina de San Felipe, liderada por su directora Wilta Berr\u00edos y el&#8230;<\/p>\n","protected":false},"author":482,"featured_media":95500,"comment_status":"open","ping_status":"open","sticky":false,"template":"","format":"standard","meta":{"advanced_seo_description":"","jetpack_seo_html_title":"","jetpack_seo_noindex":false,"_jetpack_memberships_contains_paid_content":false,"footnotes":""},"categories":[15],"tags":[],"class_list":["post-95499","post","type-post","status-publish","format-standard","has-post-thumbnail","hentry","category-comunidad"],"jetpack_featured_media_url":"https:\/\/i0.wp.com\/eltrabajo.cl\/portal\/wp-content\/uploads\/2019\/11\/Deportistas1.jpg?fit=580%2C359&ssl=1","jetpack_sharing_enabled":true,"jetpack_likes_enabled":true,"jetpack-related-posts":[],"_links":{"self":[{"href":"https:\/\/eltrabajo.cl\/portal\/wp-json\/wp\/v2\/posts\/95499","targetHints":{"allow":["GET"]}}],"collection":[{"href":"https:\/\/eltrabajo.cl\/portal\/wp-json\/wp\/v2\/posts"}],"about":[{"href":"https:\/\/eltrabajo.cl\/portal\/wp-json\/wp\/v2\/types\/post"}],"author":[{"embeddable":true,"href":"https:\/\/eltrabajo.cl\/portal\/wp-json\/wp\/v2\/users\/482"}],"replies":[{"embeddable":true,"href":"https:\/\/eltrabajo.cl\/portal\/wp-json\/wp\/v2\/comments?post=95499"}],"version-history":[{"count":0,"href":"https:\/\/eltrabajo.cl\/portal\/wp-json\/wp\/v2\/posts\/95499\/revisions"}],"wp:featuredmedia":[{"embeddable":true,"href":"https:\/\/eltrabajo.cl\/portal\/wp-json\/wp\/v2\/media\/95500"}],"wp:attachment":[{"href":"https:\/\/eltrabajo.cl\/portal\/wp-json\/wp\/v2\/media?parent=95499"}],"wp:term":[{"taxonomy":"category","embeddable":true,"href":"https:\/\/eltrabajo.cl\/portal\/wp-json\/wp\/v2\/categories?post=95499"},{"taxonomy":"post_tag","embeddable":true,"href":"https:\/\/eltrabajo.cl\/portal\/wp-json\/wp\/v2\/tags?post=95499"}],"curies":[{"name":"wp","href":"https:\/\/api.w.org\/{rel}","templated":true}]}}