{"id":95506,"date":"2019-11-20T05:03:31","date_gmt":"2019-11-20T08:03:31","guid":{"rendered":"http:\/\/www.eltrabajo.cl\/portal\/?p=95506"},"modified":"2019-11-19T21:58:24","modified_gmt":"2019-11-20T00:58:24","slug":"uni-uni-palacios-podria-volver-mientras-que-salinas-quedara-fuera-por-precaucion","status":"publish","type":"post","link":"https:\/\/eltrabajo.cl\/portal\/uni-uni-palacios-podria-volver-mientras-que-salinas-quedara-fuera-por-precaucion\/","title":{"rendered":"Un\u00ed Un\u00ed: Palacios podr\u00eda volver, pero Salinas quedar\u00e1 fuera por precauci\u00f3n"},"content":{"rendered":"<p>Los trascendidos respecto a que el ariete <strong>Lautaro Palacios<\/strong> y el lateral derecho <strong>Francisco Salinas<\/strong>, se perder\u00edan el resto del torneo a ra\u00edz de sendos desgarros, hab\u00edan encendido las alarmas en la hinchada del Un\u00ed Un\u00ed. Es evidente que para dar con el objetivo de clasificar a la liguilla del ascenso, los aconcag\u00fcinos necesitan contar con todo su contingente, m\u00e1s todav\u00eda si se trata de jugadores muy importantes e igualmente desequilibrantes.<\/p>\n<p><strong>El Trabajo Deportivo<\/strong> lleg\u00f3 hasta el centro de entrenamiento de Uni\u00f3n San Felipe para interiorizarse de la situaci\u00f3n de ambos jugadores, los que cordialmente explicaron su situaci\u00f3n a nuestro medio.<\/p>\n<p>Francisco Salinas fue el primero en explicar su dolencia: <em>\u201cEn estos momentos (ayer) estoy en pleno proceso de recuperaci\u00f3n; es m\u00e1s me siento muy bien y perfectamente podr\u00eda estar el s\u00e1bado, pero para no arriesgar y no apurar esperaremos una fecha\u201d, <\/em>dijo el lateral volante, que inmediatamente le rest\u00f3 importancia a su lesi\u00f3n:<em> \u201cFue algo menor (desgarro) y por lo mismo ya estoy recuperado\u201d.<\/em><\/p>\n<p>Por su lado el delantero Lautaro Palacios afirm\u00f3: <em>\u201cHace tres semanas que volv\u00ed a las pr\u00e1cticas de manera normal y sufr\u00ed un desgarro en el cu\u00e1driceps, pero no fue tan serio. ya que me he recuperado y se est\u00e1 evaluando que pueda ver algunos minutos este s\u00e1bado\u201d. <\/em><\/p>\n<p>Para nadie es misterio que Palacios ha debido lidiar con muchas lesiones durante todo este segundo semestre, pero el trasandino deja muy en claro que en ning\u00fan caso se abre a la posibilidad de dar por cerrado el a\u00f1o en lo personal. <em>\u201cDe ninguna manera, eso no est\u00e1 en mis planes, menos en este momento donde el equipo se est\u00e1 jugando muchas cosas importantes; en lo f\u00edsico estoy bien y sin molestias, por lo que no hay riesgos en que yo juegue\u201d,<\/em> finaliz\u00f3.<\/p>\n<p>&nbsp;<\/p>\n<figure id=\"attachment_95507\" aria-describedby=\"caption-attachment-95507\" style=\"width: 580px\" class=\"wp-caption alignnone\"><img data-recalc-dims=\"1\" loading=\"lazy\" decoding=\"async\" class=\"size-full wp-image-95507\" src=\"https:\/\/i0.wp.com\/www.eltrabajo.cl\/portal\/wp-content\/uploads\/2019\/11\/uni-francisco-salinas.jpg?resize=580%2C725\" alt=\"El lateral volante Francisco Salinas est\u00e1 descartado para el juego frente a Santiago Morning.\" width=\"580\" height=\"725\" srcset=\"https:\/\/i0.wp.com\/eltrabajo.cl\/portal\/wp-content\/uploads\/2019\/11\/uni-francisco-salinas.jpg?w=580&amp;ssl=1 580w, https:\/\/i0.wp.com\/eltrabajo.cl\/portal\/wp-content\/uploads\/2019\/11\/uni-francisco-salinas.jpg?resize=240%2C300&amp;ssl=1 240w, https:\/\/i0.wp.com\/eltrabajo.cl\/portal\/wp-content\/uploads\/2019\/11\/uni-francisco-salinas.jpg?resize=120%2C150&amp;ssl=1 120w, https:\/\/i0.wp.com\/eltrabajo.cl\/portal\/wp-content\/uploads\/2019\/11\/uni-francisco-salinas.jpg?resize=400%2C500&amp;ssl=1 400w\" sizes=\"auto, (max-width: 580px) 100vw, 580px\" \/><figcaption id=\"caption-attachment-95507\" class=\"wp-caption-text\">El lateral volante Francisco Salinas est\u00e1 descartado para el juego frente a Santiago Morning.<\/figcaption><\/figure>\n<p>&nbsp;<\/p>\n<figure id=\"attachment_95508\" aria-describedby=\"caption-attachment-95508\" style=\"width: 579px\" class=\"wp-caption alignnone\"><img data-recalc-dims=\"1\" loading=\"lazy\" decoding=\"async\" class=\"size-full wp-image-95508\" src=\"https:\/\/i0.wp.com\/www.eltrabajo.cl\/portal\/wp-content\/uploads\/2019\/11\/uni-lautaro-palacios.jpg?resize=579%2C725\" alt=\"Lautaro Palacios podr\u00eda reaparecer este s\u00e1bado ante el cuadro microbusero.\" width=\"579\" height=\"725\" srcset=\"https:\/\/i0.wp.com\/eltrabajo.cl\/portal\/wp-content\/uploads\/2019\/11\/uni-lautaro-palacios.jpg?w=579&amp;ssl=1 579w, https:\/\/i0.wp.com\/eltrabajo.cl\/portal\/wp-content\/uploads\/2019\/11\/uni-lautaro-palacios.jpg?resize=240%2C300&amp;ssl=1 240w, https:\/\/i0.wp.com\/eltrabajo.cl\/portal\/wp-content\/uploads\/2019\/11\/uni-lautaro-palacios.jpg?resize=120%2C150&amp;ssl=1 120w, https:\/\/i0.wp.com\/eltrabajo.cl\/portal\/wp-content\/uploads\/2019\/11\/uni-lautaro-palacios.jpg?resize=400%2C501&amp;ssl=1 400w\" sizes=\"auto, (max-width: 579px) 100vw, 579px\" \/><figcaption id=\"caption-attachment-95508\" class=\"wp-caption-text\">Lautaro Palacios podr\u00eda reaparecer este s\u00e1bado ante el cuadro microbusero.<\/figcaption><\/figure>\n","protected":false},"excerpt":{"rendered":"<p>Los trascendidos respecto a que el ariete Lautaro Palacios y el lateral derecho Francisco Salinas, se perder\u00edan el resto del torneo a ra\u00edz de sendos desgarros, hab\u00edan encendido las alarmas en la&#8230;<\/p>\n","protected":false},"author":482,"featured_media":95509,"comment_status":"open","ping_status":"open","sticky":false,"template":"","format":"standard","meta":{"advanced_seo_description":"","jetpack_seo_html_title":"","jetpack_seo_noindex":false,"_jetpack_memberships_contains_paid_content":false,"footnotes":""},"categories":[19],"tags":[],"class_list":["post-95506","post","type-post","status-publish","format-standard","has-post-thumbnail","hentry","category-deportes"],"jetpack_featured_media_url":"https:\/\/i0.wp.com\/eltrabajo.cl\/portal\/wp-content\/uploads\/2019\/11\/uni-palacios-salinas.jpg?fit=580%2C360&ssl=1","jetpack_sharing_enabled":true,"jetpack_likes_enabled":true,"jetpack-related-posts":[],"_links":{"self":[{"href":"https:\/\/eltrabajo.cl\/portal\/wp-json\/wp\/v2\/posts\/95506","targetHints":{"allow":["GET"]}}],"collection":[{"href":"https:\/\/eltrabajo.cl\/portal\/wp-json\/wp\/v2\/posts"}],"about":[{"href":"https:\/\/eltrabajo.cl\/portal\/wp-json\/wp\/v2\/types\/post"}],"author":[{"embeddable":true,"href":"https:\/\/eltrabajo.cl\/portal\/wp-json\/wp\/v2\/users\/482"}],"replies":[{"embeddable":true,"href":"https:\/\/eltrabajo.cl\/portal\/wp-json\/wp\/v2\/comments?post=95506"}],"version-history":[{"count":0,"href":"https:\/\/eltrabajo.cl\/portal\/wp-json\/wp\/v2\/posts\/95506\/revisions"}],"wp:featuredmedia":[{"embeddable":true,"href":"https:\/\/eltrabajo.cl\/portal\/wp-json\/wp\/v2\/media\/95509"}],"wp:attachment":[{"href":"https:\/\/eltrabajo.cl\/portal\/wp-json\/wp\/v2\/media?parent=95506"}],"wp:term":[{"taxonomy":"category","embeddable":true,"href":"https:\/\/eltrabajo.cl\/portal\/wp-json\/wp\/v2\/categories?post=95506"},{"taxonomy":"post_tag","embeddable":true,"href":"https:\/\/eltrabajo.cl\/portal\/wp-json\/wp\/v2\/tags?post=95506"}],"curies":[{"name":"wp","href":"https:\/\/api.w.org\/{rel}","templated":true}]}}