{"id":95521,"date":"2019-11-20T05:05:48","date_gmt":"2019-11-20T08:05:48","guid":{"rendered":"http:\/\/www.eltrabajo.cl\/portal\/?p=95521"},"modified":"2019-11-19T23:18:50","modified_gmt":"2019-11-20T02:18:50","slug":"la-verdad-se-perdio-harta-plata-practicamente-17-anos-de-esfuerzo-de-trabajo-en-familia","status":"publish","type":"post","link":"https:\/\/eltrabajo.cl\/portal\/la-verdad-se-perdio-harta-plata-practicamente-17-anos-de-esfuerzo-de-trabajo-en-familia\/","title":{"rendered":"\u201cLa verdad se perdi\u00f3 harta plata, pr\u00e1cticamente 17 a\u00f1os de esfuerzo, de trabajo en familia\u201d"},"content":{"rendered":"<p><span style=\"color: #ff0000;\"><strong>Orlando Contreras Vega tras incendio de colmenas en calle N\u00fa\u00f1ez:<\/strong><\/span><\/p>\n<ul>\n<li><strong>P\u00e9rdidas se estiman en sobre los 25 millones de pesos.<\/strong><\/li>\n<\/ul>\n<p>&nbsp;<\/p>\n<p>Muy complicado econ\u00f3micamente qued\u00f3 <strong>Orlando Contreras Vega<\/strong>, luego que el d\u00eda domingo en la tarde se quemaran unas 250 colmenas que manten\u00eda en calle N\u00fa\u00f1ez de Quebrada Herrera. Todo esto m\u00e1s otros da\u00f1os fueron avaluados en la suma de 25 millones de pesos.<\/p>\n<p>\u201c<em>S\u00ed, complicado el asunto porque bueno, el d\u00eda domingo tipo tres de la tarde nos encontr\u00e1bamos en la casa cuando recibimos un llamado de un sobrino que se estaban quemando nuestras colmenas. Y concurrimos al lugar, llegamos y ya estaba pr\u00e1cticamente todo en llamas. Era nuestro sustento, es lo que hacemos la verdad, es lo que sabemos hacer; nosotros estamos dedicados a la apicultura pr\u00e1cticamente hace unos 17 a\u00f1os, son nuestros ingresos, se quemaron aproximadamente 250 colmenas m\u00e1s material que ten\u00edamos acopiado para partir al sur. Yo en esta fecha, los apicultores, nos vamos al sur a capear un poco esta sequ\u00eda que hay aqu\u00ed en esta zona, nos \u00edbamos a Puerto Varas y se quem\u00f3 todo. La verdad que se quem\u00f3 todo lo que estaba acopiado, se quemaron m\u00e1s de 350 alzas que estaban listas para llevarlas, m\u00e1s las 250 colmenas, una cantidad indeterminada de material, entre tapas, pisos y todo lo perdimos&#8230; lo perdimos todo, quedamos pr\u00e1cticamente con algunas colmenas que todav\u00eda est\u00e1n en alg\u00fan fundo y no hay m\u00e1s. Tratar de recuperarnos, gracias a Dios por ah\u00ed hemos tenido la suerte que algunos colegas nos han ofrecido ayuda, y tambi\u00e9n la verdad que se acerc\u00f3 Indap, Prodesal tambi\u00e9n a vernos, as\u00ed es que agradecido tambi\u00e9n por eso\u201d,<\/em> dijo.<\/p>\n<p>&#8211; <strong>Don Orlando, esto en da\u00f1os, en cifras, \u00bfcu\u00e1nto es?<\/strong><\/p>\n<p>&#8211; Mire, ahora que ya estamos un poco m\u00e1s tranquilos, la verdad que sacando cuentas y viendo todo lo que se quem\u00f3, m\u00e1s o menos perdimos aproximadamente unos 25 millones de pesos en todo lo que hab\u00eda en el lugar. La verdad que se perdi\u00f3 harta plata, pr\u00e1cticamente 17 a\u00f1os de esfuerzo&#8230; 17 a\u00f1os de trabajo con la familia, los hijos y nada, se perdi\u00f3 en media hora. La verdad es que no sabemos c\u00f3mo surgi\u00f3 el fuego, no hab\u00eda nadie en el lugar, no hab\u00eda nadie trabajando, no entendemos c\u00f3mo. Bueno Bomberos nos hizo alguna rese\u00f1a, presentamos una denuncia, pero nada m\u00e1s que eso.<\/p>\n<p>&#8211; <strong>\u00bfTrabajaba toda la familia en esto?<\/strong><\/p>\n<p>&#8211; S\u00ed, esto era una micro empresa familiar donde trabaj\u00e1bamos pr\u00e1cticamente la familia, trabajaba esposa, alg\u00fan trabajador de vez en cuando y eso y yo que trabajaba todos los d\u00edas.<\/p>\n<p>&#8211; <strong>Su familia, \u00bfcu\u00e1ntos la componen?<\/strong><\/p>\n<p>&#8211; Bueno mi familia, en este momento somos cuatro en la casa, m\u00e1s mi hijo que es casado y \u00e9l nos ayudaba de vez en cuando, pero ya se fue de la casa.<\/p>\n<p>&#8211; <strong>La producci\u00f3n que ten\u00edan, \u00bfd\u00f3nde la vend\u00eda o iba a vender?<\/strong><\/p>\n<p>&#8211; Nosotros ten\u00edamos una clientela importante de personas que nos ven\u00edan a comprar aqu\u00ed a la casa, qu\u00e9 s\u00e9 yo, y hab\u00eda una parte que entreg\u00e1bamos a la exportadora, cuando hab\u00eda una buena cosecha se le entregaba a la exportadora, pero la verdad que ten\u00edamos hartos clientes, le enviamos no grandes cantidades, pero igual a trav\u00e9s del a\u00f1o era importante lo que se hac\u00eda.<\/p>\n<p>&#8211; <strong>Bomberos dej\u00f3 traslucir como que ser\u00eda algo intencional, \u00bfqu\u00e9 piensa usted?<\/strong><\/p>\n<p>&#8211; Mire, no puedo decir cosas que realmente no s\u00e9, Bomberos me dej\u00f3 traslucir como dice usted que hab\u00eda sido intencional, pero yo tampoco puedo decir&#8230; s\u00ed realmente, me estoy rigiendo por lo que dice Bomberos, por lo que ellos saben, por lo que ellos vieron, no puedo decirle yo realmente lo que fue.<\/p>\n<p>&#8211; <strong>\u00bfC\u00f3mo se pone de pie de esto, nuevamente trabajando, las redes de apoyo como usted dice, c\u00f3mo?<\/strong><\/p>\n<p>&#8211; Si, ah\u00ed estamos, hay que seguir d\u00e1ndole, gracias a Dios no hemos perdido vidas, quedamos la verdad con lo que hay, hay que seguir d\u00e1ndole, tenemos que seguir trabajando, tenemos que pararnos de esto y seguir adelante. Bueno, hay unas redes por ah\u00ed, qu\u00e9 s\u00e9 yo, amigos que me han ofrecido ayuda, los colegas me han ofrecido ayuda de diferentes partes del pa\u00eds, porque igual yo recorro harto, as\u00ed es que me han ofrecido ayuda del sur, de los colegas; hay gente que se ha puesto a disposici\u00f3n, as\u00ed es que con eso pensamos pararnos, y bueno, si alguien nos quiere ayudar, aqu\u00ed estamos.<\/p>\n<p>&#8211; <strong>\u00bfProblemas anteriores con alguien que pudiera decir \u201cvoy a ir a quemarte las colmenas\u201d?, \u00bfno tiene?<\/strong><\/p>\n<p>&#8211; No s\u00e9&#8230;, yo no s\u00e9, usted sabe.<\/p>\n<p>&#8211; <strong>\u00bfNo es monedita de oro?<\/strong><\/p>\n<p>&#8211; As\u00ed es.<\/p>\n<p>Cabe destacar que cada colmena en temporada alta alberga a unas 60 mil abejas.<\/p>\n<p>La colmena es la vivienda de una colonia de abejas y, por extensi\u00f3n, la colonia que habita en ella. Este proceso se denomina naturalmente enjambraz\u00f3n y al grupo de abejas con su nueva reina se lo llama enjambre.<\/p>\n<p>La ayuda puede hacerse llegar a calle N\u00fa\u00f1ez en Quebrada Herrera, a nombre de Orlando Contreras Vega. Celular se puede consultar en nuestro medio.<\/p>\n<figure id=\"attachment_95522\" aria-describedby=\"caption-attachment-95522\" style=\"width: 580px\" class=\"wp-caption alignnone\"><img data-recalc-dims=\"1\" loading=\"lazy\" decoding=\"async\" class=\"size-full wp-image-95522\" src=\"https:\/\/i0.wp.com\/www.eltrabajo.cl\/portal\/wp-content\/uploads\/2019\/11\/Orlando-Contreras-Vega.jpg?resize=580%2C358\" alt=\"Orlando Contreras Vega en el lugar del siniestro donde perdi\u00f3 250 colmenas. (Foto www.putaendouno.cl).\" width=\"580\" height=\"358\" srcset=\"https:\/\/i0.wp.com\/eltrabajo.cl\/portal\/wp-content\/uploads\/2019\/11\/Orlando-Contreras-Vega.jpg?w=580&amp;ssl=1 580w, https:\/\/i0.wp.com\/eltrabajo.cl\/portal\/wp-content\/uploads\/2019\/11\/Orlando-Contreras-Vega.jpg?resize=300%2C185&amp;ssl=1 300w, https:\/\/i0.wp.com\/eltrabajo.cl\/portal\/wp-content\/uploads\/2019\/11\/Orlando-Contreras-Vega.jpg?resize=200%2C123&amp;ssl=1 200w, https:\/\/i0.wp.com\/eltrabajo.cl\/portal\/wp-content\/uploads\/2019\/11\/Orlando-Contreras-Vega.jpg?resize=243%2C150&amp;ssl=1 243w, https:\/\/i0.wp.com\/eltrabajo.cl\/portal\/wp-content\/uploads\/2019\/11\/Orlando-Contreras-Vega.jpg?resize=400%2C247&amp;ssl=1 400w\" sizes=\"auto, (max-width: 580px) 100vw, 580px\" \/><figcaption id=\"caption-attachment-95522\" class=\"wp-caption-text\">Orlando Contreras Vega en el lugar del siniestro donde perdi\u00f3 250 colmenas. (Foto www.putaendouno.cl).<\/figcaption><\/figure>\n","protected":false},"excerpt":{"rendered":"<p>Orlando Contreras Vega tras incendio de colmenas en calle N\u00fa\u00f1ez: P\u00e9rdidas se estiman en sobre los 25 millones de pesos. &nbsp; Muy complicado econ\u00f3micamente qued\u00f3 Orlando Contreras Vega, luego que el d\u00eda&#8230;<\/p>\n","protected":false},"author":482,"featured_media":95522,"comment_status":"open","ping_status":"open","sticky":false,"template":"","format":"standard","meta":{"advanced_seo_description":"","jetpack_seo_html_title":"","jetpack_seo_noindex":false,"_jetpack_memberships_contains_paid_content":false,"footnotes":""},"categories":[15],"tags":[],"class_list":["post-95521","post","type-post","status-publish","format-standard","has-post-thumbnail","hentry","category-comunidad"],"jetpack_featured_media_url":"https:\/\/i0.wp.com\/eltrabajo.cl\/portal\/wp-content\/uploads\/2019\/11\/Orlando-Contreras-Vega.jpg?fit=580%2C358&ssl=1","jetpack_sharing_enabled":true,"jetpack_likes_enabled":true,"jetpack-related-posts":[],"_links":{"self":[{"href":"https:\/\/eltrabajo.cl\/portal\/wp-json\/wp\/v2\/posts\/95521","targetHints":{"allow":["GET"]}}],"collection":[{"href":"https:\/\/eltrabajo.cl\/portal\/wp-json\/wp\/v2\/posts"}],"about":[{"href":"https:\/\/eltrabajo.cl\/portal\/wp-json\/wp\/v2\/types\/post"}],"author":[{"embeddable":true,"href":"https:\/\/eltrabajo.cl\/portal\/wp-json\/wp\/v2\/users\/482"}],"replies":[{"embeddable":true,"href":"https:\/\/eltrabajo.cl\/portal\/wp-json\/wp\/v2\/comments?post=95521"}],"version-history":[{"count":0,"href":"https:\/\/eltrabajo.cl\/portal\/wp-json\/wp\/v2\/posts\/95521\/revisions"}],"wp:featuredmedia":[{"embeddable":true,"href":"https:\/\/eltrabajo.cl\/portal\/wp-json\/wp\/v2\/media\/95522"}],"wp:attachment":[{"href":"https:\/\/eltrabajo.cl\/portal\/wp-json\/wp\/v2\/media?parent=95521"}],"wp:term":[{"taxonomy":"category","embeddable":true,"href":"https:\/\/eltrabajo.cl\/portal\/wp-json\/wp\/v2\/categories?post=95521"},{"taxonomy":"post_tag","embeddable":true,"href":"https:\/\/eltrabajo.cl\/portal\/wp-json\/wp\/v2\/tags?post=95521"}],"curies":[{"name":"wp","href":"https:\/\/api.w.org\/{rel}","templated":true}]}}