{"id":95524,"date":"2019-11-20T05:06:58","date_gmt":"2019-11-20T08:06:58","guid":{"rendered":"http:\/\/www.eltrabajo.cl\/portal\/?p=95524"},"modified":"2019-11-19T23:20:19","modified_gmt":"2019-11-20T02:20:19","slug":"de-un-escopetazo-hieren-a-vecino-de-49-anos-de-edad-en-su-vivienda-en-llay-llay","status":"publish","type":"post","link":"https:\/\/eltrabajo.cl\/portal\/de-un-escopetazo-hieren-a-vecino-de-49-anos-de-edad-en-su-vivienda-en-llay-llay\/","title":{"rendered":"De un escopetazo hieren a vecino de 49 a\u00f1os de edad en su vivienda en Llay Llay"},"content":{"rendered":"<p><span style=\"color: #ff0000;\"><strong>V\u00edctima qued\u00f3 con lesiones graves:<\/strong><\/span><\/p>\n<ul>\n<li><strong>Carabineros detuvo a uno de los cuatro sujetos que habr\u00eda participado del hecho, sin embargo la v\u00edctima no logr\u00f3 reconocer al imputado como el autor del disparo.<\/strong><\/li>\n<\/ul>\n<p>&nbsp;<\/p>\n<p>Con lesiones de car\u00e1cter grave en su pierna y brazo debido al impacto de perdigones, aunque sin riesgo vital, result\u00f3 el propietario de una vivienda, de 49 a\u00f1os de edad, luego que un grupo de sujetos le disparara desde el frontis de su domicilio ubicado en El Salitre de la comuna de Llay Llay, siendo detenido un individuo que habr\u00eda participado en los hechos.<\/p>\n<p>El fiscal <strong>Benjam\u00edn Santib\u00e1\u00f1ez<\/strong> revel\u00f3 que de acuerdo a los antecedentes policiales, la v\u00edctima se encontraba dentro de su domicilio regando en el patio posterior, observando a un grupo de sujetos que efectuaba un hoyo desde el otro lado de la reja, roci\u00e1ndoles agua con la manguera para que abandonaran el lugar.<\/p>\n<p>\u201c<em>Al cabo de unos minutos llegan cuatro adultos, entre ellos el detenido, quienes comienzan a causar da\u00f1os en la reja (de la v\u00edctima) amenaz\u00e1ndolo de muerte. La v\u00edctima se acerca para impedir que le destruyeran la reja y no sabe cu\u00e1l de los cuatro efectu\u00f3 un disparo de escopeta que le impacta en una pierna y en el brazo derecho caus\u00e1ndole lesiones graves\u201d.<\/em><\/p>\n<p>El persecutor a\u00f1adi\u00f3 que posteriormente el grupo huye del lugar, mientras la v\u00edctima solicita el auxilio de Carabineros: <em>\u201cLo suben al carro para constatar lesiones y a un par de cuadras estaban los cuatro sujetos, se baja Carabineros y \u00e9stos huyen en distintas direcciones y capturan solamente a uno.\u00a0 La v\u00edctima no pod\u00eda decir cu\u00e1l de los cuatro fue el que habr\u00eda disparado, s\u00f3lo sabe que alguien del grupo dispar\u00f3, pero no sabe qui\u00e9n\u201d.<\/em><\/p>\n<p>No obstante el imputado de 20 a\u00f1os de edad, de iniciales <strong>J.A.G.H.<\/strong>, fue formalizado por la Fiscal\u00eda en el Juzgado de Garant\u00eda de San Felipe por los delitos de da\u00f1os y amenazas, quedando sujeto a las cautelares de prohibici\u00f3n de acercase a la v\u00edctima\u00a0 y arraigo nacional.<\/p>\n<p>\u201c<em>S\u00ed, no tenemos antecedentes necesarios para formalizarlo de un hecho puntual, como la v\u00edctima no sab\u00eda qui\u00e9n le hab\u00eda disparado, por lo tanto es materia de investigaci\u00f3n y una vez que est\u00e9 esclarecido se podr\u00e1 formalizar al responsable del disparo\u201d,<\/em> \u00a0concluy\u00f3 Santib\u00e1\u00f1ez.<\/p>\n<p><strong>Pablo Salinas Sald\u00edas<\/strong><\/p>\n<figure id=\"attachment_95525\" aria-describedby=\"caption-attachment-95525\" style=\"width: 580px\" class=\"wp-caption alignnone\"><img data-recalc-dims=\"1\" loading=\"lazy\" decoding=\"async\" class=\"size-full wp-image-95525\" src=\"https:\/\/i0.wp.com\/www.eltrabajo.cl\/portal\/wp-content\/uploads\/2019\/11\/ESCOPETA.jpg?resize=580%2C359\" alt=\"La v\u00edctima de 49 a\u00f1os de edad result\u00f3 con lesiones graves en su cuerpo tras el disparo de una escopeta en la comuna de Llay Llay. (Fotograf\u00eda Referencial).\" width=\"580\" height=\"359\" srcset=\"https:\/\/i0.wp.com\/eltrabajo.cl\/portal\/wp-content\/uploads\/2019\/11\/ESCOPETA.jpg?w=580&amp;ssl=1 580w, https:\/\/i0.wp.com\/eltrabajo.cl\/portal\/wp-content\/uploads\/2019\/11\/ESCOPETA.jpg?resize=300%2C186&amp;ssl=1 300w, https:\/\/i0.wp.com\/eltrabajo.cl\/portal\/wp-content\/uploads\/2019\/11\/ESCOPETA.jpg?resize=200%2C124&amp;ssl=1 200w, https:\/\/i0.wp.com\/eltrabajo.cl\/portal\/wp-content\/uploads\/2019\/11\/ESCOPETA.jpg?resize=242%2C150&amp;ssl=1 242w, https:\/\/i0.wp.com\/eltrabajo.cl\/portal\/wp-content\/uploads\/2019\/11\/ESCOPETA.jpg?resize=400%2C248&amp;ssl=1 400w\" sizes=\"auto, (max-width: 580px) 100vw, 580px\" \/><figcaption id=\"caption-attachment-95525\" class=\"wp-caption-text\">La v\u00edctima de 49 a\u00f1os de edad result\u00f3 con lesiones graves en su cuerpo tras el disparo de una escopeta en la comuna de Llay Llay. (Fotograf\u00eda Referencial).<\/figcaption><\/figure>\n","protected":false},"excerpt":{"rendered":"<p>V\u00edctima qued\u00f3 con lesiones graves: Carabineros detuvo a uno de los cuatro sujetos que habr\u00eda participado del hecho, sin embargo la v\u00edctima no logr\u00f3 reconocer al imputado como el autor del disparo&#8230;.<\/p>\n","protected":false},"author":482,"featured_media":95525,"comment_status":"open","ping_status":"open","sticky":false,"template":"","format":"standard","meta":{"advanced_seo_description":"","jetpack_seo_html_title":"","jetpack_seo_noindex":false,"_jetpack_memberships_contains_paid_content":false,"footnotes":""},"categories":[21],"tags":[],"class_list":["post-95524","post","type-post","status-publish","format-standard","has-post-thumbnail","hentry","category-policial"],"jetpack_featured_media_url":"https:\/\/i0.wp.com\/eltrabajo.cl\/portal\/wp-content\/uploads\/2019\/11\/ESCOPETA.jpg?fit=580%2C359&ssl=1","jetpack_sharing_enabled":true,"jetpack_likes_enabled":true,"jetpack-related-posts":[],"_links":{"self":[{"href":"https:\/\/eltrabajo.cl\/portal\/wp-json\/wp\/v2\/posts\/95524","targetHints":{"allow":["GET"]}}],"collection":[{"href":"https:\/\/eltrabajo.cl\/portal\/wp-json\/wp\/v2\/posts"}],"about":[{"href":"https:\/\/eltrabajo.cl\/portal\/wp-json\/wp\/v2\/types\/post"}],"author":[{"embeddable":true,"href":"https:\/\/eltrabajo.cl\/portal\/wp-json\/wp\/v2\/users\/482"}],"replies":[{"embeddable":true,"href":"https:\/\/eltrabajo.cl\/portal\/wp-json\/wp\/v2\/comments?post=95524"}],"version-history":[{"count":0,"href":"https:\/\/eltrabajo.cl\/portal\/wp-json\/wp\/v2\/posts\/95524\/revisions"}],"wp:featuredmedia":[{"embeddable":true,"href":"https:\/\/eltrabajo.cl\/portal\/wp-json\/wp\/v2\/media\/95525"}],"wp:attachment":[{"href":"https:\/\/eltrabajo.cl\/portal\/wp-json\/wp\/v2\/media?parent=95524"}],"wp:term":[{"taxonomy":"category","embeddable":true,"href":"https:\/\/eltrabajo.cl\/portal\/wp-json\/wp\/v2\/categories?post=95524"},{"taxonomy":"post_tag","embeddable":true,"href":"https:\/\/eltrabajo.cl\/portal\/wp-json\/wp\/v2\/tags?post=95524"}],"curies":[{"name":"wp","href":"https:\/\/api.w.org\/{rel}","templated":true}]}}