{"id":95527,"date":"2019-11-20T05:07:23","date_gmt":"2019-11-20T08:07:23","guid":{"rendered":"http:\/\/www.eltrabajo.cl\/portal\/?p=95527"},"modified":"2019-11-19T23:24:23","modified_gmt":"2019-11-20T02:24:23","slug":"incendio-afecta-propiedad-de-conocidos-vecinos-fabricantes-de-timbres-de-goma","status":"publish","type":"post","link":"https:\/\/eltrabajo.cl\/portal\/incendio-afecta-propiedad-de-conocidos-vecinos-fabricantes-de-timbres-de-goma\/","title":{"rendered":"Incendio afecta propiedad de conocidos vecinos fabricantes de timbres de goma"},"content":{"rendered":"<p><span style=\"color: #ff0000;\"><strong>Siniestro en calle Artem\u00f3n Cifuentes con Salinas:<\/strong><\/span><\/p>\n<ul>\n<li><strong>Fuego consumi\u00f3 totalmente el segundo piso del inmueble, desconoci\u00e9ndose hasta el momento el origen.\u00a0 Bomberos de siete compa\u00f1\u00edas trabajaron arduamente para evitar la propagaci\u00f3n de las llamas hacia otras viviendas.<\/strong><\/li>\n<\/ul>\n<p>&nbsp;<\/p>\n<p>Un incendio de proporciones afect\u00f3 una vivienda ubicada en calle Artem\u00f3n Cifuentes esquina Salinas de San Felipe, el que se habr\u00eda originado en el segundo piso de la propiedad de la familia Vergara \u2013 Delgadillo, conocidos vecinos de la empresa fabricante de timbres de goma, trofeos y galvanos.<\/p>\n<p>Vecinos consternados se\u00f1alan que la tarde de ayer, faltando pocos minutos para las 15:00 horas, bajo un intenso calor, escucharon un fuerte estallido desde el segundo piso, observando las llamas que emanaban desde la ventana con vista hacia la calle Artem\u00f3n Cifuentes.<\/p>\n<p>Bomberos despach\u00f3 alrededor de ocho carros bomba debido a que la construcci\u00f3n de material ligero se estaba consumiendo r\u00e1pidamente, amenazando con propagarse hacia otras viviendas colindantes.<\/p>\n<p>Debido a lo anterior personal de Bomberos inici\u00f3 un r\u00e1pido trabajo para lograr reducir las llamas, hasta darse por controlado el incendio que mantuvo a los residentes de ese sector atemorizados.<\/p>\n<p>El comandante de Bomberos de San Felipe, <strong>Juan Carlos Herrera Lillo<\/strong>, inform\u00f3 a <strong>Diario El Trabajo<\/strong> que <em>\u201cel fuego consumi\u00f3 completamente el segundo piso, se trabaj\u00f3 con carros de siete compa\u00f1\u00edas de Bomberos, se evit\u00f3 que el fuego consumiera las dem\u00e1s viviendas, estim\u00e1ndose que se quem\u00f3 la casa donde se origin\u00f3 el incendio.\u00a0 Estimamos un 60 % de da\u00f1os, el fuego afect\u00f3 el segundo piso y parte de abajo producto del agua.\u00a0 Con el trabajo de Bomberos se evit\u00f3 que se propagara a las dem\u00e1s viviendas\u201d.<\/em><\/p>\n<p>El oficial de Bomberos a\u00f1adi\u00f3 que no se registraron personas ni voluntarios de la instituci\u00f3n lesionados por este siniestro, mientras el Departamento T\u00e9cnico inici\u00f3 las investigaciones para establecer el origen del fuego.<\/p>\n<p><strong>Pablo Salinas Sald\u00edas<\/strong><\/p>\n<figure id=\"attachment_95532\" aria-describedby=\"caption-attachment-95532\" style=\"width: 580px\" class=\"wp-caption alignnone\"><img data-recalc-dims=\"1\" loading=\"lazy\" decoding=\"async\" class=\"size-full wp-image-95532\" src=\"https:\/\/i0.wp.com\/www.eltrabajo.cl\/portal\/wp-content\/uploads\/2019\/11\/portada-incendio.jpg?resize=580%2C615\" alt=\"Las llamas emanaban desde el segundo piso de la propiedad de la familia Vergara \u2013 Delgadillo.\" width=\"580\" height=\"615\" srcset=\"https:\/\/i0.wp.com\/eltrabajo.cl\/portal\/wp-content\/uploads\/2019\/11\/portada-incendio.jpg?w=580&amp;ssl=1 580w, https:\/\/i0.wp.com\/eltrabajo.cl\/portal\/wp-content\/uploads\/2019\/11\/portada-incendio.jpg?resize=283%2C300&amp;ssl=1 283w, https:\/\/i0.wp.com\/eltrabajo.cl\/portal\/wp-content\/uploads\/2019\/11\/portada-incendio.jpg?resize=141%2C150&amp;ssl=1 141w, https:\/\/i0.wp.com\/eltrabajo.cl\/portal\/wp-content\/uploads\/2019\/11\/portada-incendio.jpg?resize=400%2C424&amp;ssl=1 400w\" sizes=\"auto, (max-width: 580px) 100vw, 580px\" \/><figcaption id=\"caption-attachment-95532\" class=\"wp-caption-text\">Las llamas emanaban desde el segundo piso de la propiedad de la familia Vergara \u2013 Delgadillo.<\/figcaption><\/figure>\n<p>&nbsp;<\/p>\n<figure id=\"attachment_95528\" aria-describedby=\"caption-attachment-95528\" style=\"width: 579px\" class=\"wp-caption alignnone\"><img data-recalc-dims=\"1\" loading=\"lazy\" decoding=\"async\" class=\"size-full wp-image-95528\" src=\"https:\/\/i0.wp.com\/www.eltrabajo.cl\/portal\/wp-content\/uploads\/2019\/11\/FUEGO-4.jpg?resize=579%2C441\" alt=\"Siete compa\u00f1\u00edas de Bomberos trabajaron para evitar la propagaci\u00f3n del incendio hacia otras viviendas.\" width=\"579\" height=\"441\" srcset=\"https:\/\/i0.wp.com\/eltrabajo.cl\/portal\/wp-content\/uploads\/2019\/11\/FUEGO-4.jpg?w=579&amp;ssl=1 579w, https:\/\/i0.wp.com\/eltrabajo.cl\/portal\/wp-content\/uploads\/2019\/11\/FUEGO-4.jpg?resize=300%2C228&amp;ssl=1 300w, https:\/\/i0.wp.com\/eltrabajo.cl\/portal\/wp-content\/uploads\/2019\/11\/FUEGO-4.jpg?resize=197%2C150&amp;ssl=1 197w, https:\/\/i0.wp.com\/eltrabajo.cl\/portal\/wp-content\/uploads\/2019\/11\/FUEGO-4.jpg?resize=400%2C305&amp;ssl=1 400w\" sizes=\"auto, (max-width: 579px) 100vw, 579px\" \/><figcaption id=\"caption-attachment-95528\" class=\"wp-caption-text\">Siete compa\u00f1\u00edas de Bomberos trabajaron para evitar la propagaci\u00f3n del incendio hacia otras viviendas.<\/figcaption><\/figure>\n<p>&nbsp;<\/p>\n<figure id=\"attachment_95530\" aria-describedby=\"caption-attachment-95530\" style=\"width: 578px\" class=\"wp-caption alignnone\"><img data-recalc-dims=\"1\" loading=\"lazy\" decoding=\"async\" class=\"size-full wp-image-95530\" src=\"https:\/\/i0.wp.com\/www.eltrabajo.cl\/portal\/wp-content\/uploads\/2019\/11\/FUEGO3.jpg?resize=578%2C376\" alt=\"Bomberos trabajando bajo un intenso calor.\" width=\"578\" height=\"376\" srcset=\"https:\/\/i0.wp.com\/eltrabajo.cl\/portal\/wp-content\/uploads\/2019\/11\/FUEGO3.jpg?w=578&amp;ssl=1 578w, https:\/\/i0.wp.com\/eltrabajo.cl\/portal\/wp-content\/uploads\/2019\/11\/FUEGO3.jpg?resize=300%2C195&amp;ssl=1 300w, https:\/\/i0.wp.com\/eltrabajo.cl\/portal\/wp-content\/uploads\/2019\/11\/FUEGO3.jpg?resize=200%2C130&amp;ssl=1 200w, https:\/\/i0.wp.com\/eltrabajo.cl\/portal\/wp-content\/uploads\/2019\/11\/FUEGO3.jpg?resize=231%2C150&amp;ssl=1 231w, https:\/\/i0.wp.com\/eltrabajo.cl\/portal\/wp-content\/uploads\/2019\/11\/FUEGO3.jpg?resize=400%2C260&amp;ssl=1 400w\" sizes=\"auto, (max-width: 578px) 100vw, 578px\" \/><figcaption id=\"caption-attachment-95530\" class=\"wp-caption-text\">Bomberos trabajando bajo un intenso calor.<\/figcaption><\/figure>\n<p>&nbsp;<\/p>\n<figure id=\"attachment_95531\" aria-describedby=\"caption-attachment-95531\" style=\"width: 579px\" class=\"wp-caption alignnone\"><img data-recalc-dims=\"1\" loading=\"lazy\" decoding=\"async\" class=\"size-full wp-image-95531\" src=\"https:\/\/i0.wp.com\/www.eltrabajo.cl\/portal\/wp-content\/uploads\/2019\/11\/FUEGO4.jpg?resize=579%2C435\" alt=\"SIN PALABRAS.- Las c\u00e1maras de Diario El Trabajo muestran ac\u00e1 la devastadora escena,\" width=\"579\" height=\"435\" srcset=\"https:\/\/i0.wp.com\/eltrabajo.cl\/portal\/wp-content\/uploads\/2019\/11\/FUEGO4.jpg?w=579&amp;ssl=1 579w, https:\/\/i0.wp.com\/eltrabajo.cl\/portal\/wp-content\/uploads\/2019\/11\/FUEGO4.jpg?resize=300%2C225&amp;ssl=1 300w, https:\/\/i0.wp.com\/eltrabajo.cl\/portal\/wp-content\/uploads\/2019\/11\/FUEGO4.jpg?resize=200%2C150&amp;ssl=1 200w, https:\/\/i0.wp.com\/eltrabajo.cl\/portal\/wp-content\/uploads\/2019\/11\/FUEGO4.jpg?resize=400%2C301&amp;ssl=1 400w\" sizes=\"auto, (max-width: 579px) 100vw, 579px\" \/><figcaption id=\"caption-attachment-95531\" class=\"wp-caption-text\">SIN PALABRAS.- Las c\u00e1maras de Diario El Trabajo muestran ac\u00e1 la devastadora escena,<\/figcaption><\/figure>\n<p><strong>\u00a0<\/strong><\/p>\n<p><strong>\u00a0<\/strong><\/p>\n","protected":false},"excerpt":{"rendered":"<p>Siniestro en calle Artem\u00f3n Cifuentes con Salinas: Fuego consumi\u00f3 totalmente el segundo piso del inmueble, desconoci\u00e9ndose hasta el momento el origen.\u00a0 Bomberos de siete compa\u00f1\u00edas trabajaron arduamente para evitar la propagaci\u00f3n de&#8230;<\/p>\n","protected":false},"author":482,"featured_media":95529,"comment_status":"open","ping_status":"open","sticky":false,"template":"","format":"standard","meta":{"advanced_seo_description":"","jetpack_seo_html_title":"","jetpack_seo_noindex":false,"_jetpack_memberships_contains_paid_content":false,"footnotes":""},"categories":[21],"tags":[],"class_list":["post-95527","post","type-post","status-publish","format-standard","has-post-thumbnail","hentry","category-policial"],"jetpack_featured_media_url":"https:\/\/i0.wp.com\/eltrabajo.cl\/portal\/wp-content\/uploads\/2019\/11\/FUEGO2.jpg?fit=580%2C359&ssl=1","jetpack_sharing_enabled":true,"jetpack_likes_enabled":true,"jetpack-related-posts":[],"_links":{"self":[{"href":"https:\/\/eltrabajo.cl\/portal\/wp-json\/wp\/v2\/posts\/95527","targetHints":{"allow":["GET"]}}],"collection":[{"href":"https:\/\/eltrabajo.cl\/portal\/wp-json\/wp\/v2\/posts"}],"about":[{"href":"https:\/\/eltrabajo.cl\/portal\/wp-json\/wp\/v2\/types\/post"}],"author":[{"embeddable":true,"href":"https:\/\/eltrabajo.cl\/portal\/wp-json\/wp\/v2\/users\/482"}],"replies":[{"embeddable":true,"href":"https:\/\/eltrabajo.cl\/portal\/wp-json\/wp\/v2\/comments?post=95527"}],"version-history":[{"count":0,"href":"https:\/\/eltrabajo.cl\/portal\/wp-json\/wp\/v2\/posts\/95527\/revisions"}],"wp:featuredmedia":[{"embeddable":true,"href":"https:\/\/eltrabajo.cl\/portal\/wp-json\/wp\/v2\/media\/95529"}],"wp:attachment":[{"href":"https:\/\/eltrabajo.cl\/portal\/wp-json\/wp\/v2\/media?parent=95527"}],"wp:term":[{"taxonomy":"category","embeddable":true,"href":"https:\/\/eltrabajo.cl\/portal\/wp-json\/wp\/v2\/categories?post=95527"},{"taxonomy":"post_tag","embeddable":true,"href":"https:\/\/eltrabajo.cl\/portal\/wp-json\/wp\/v2\/tags?post=95527"}],"curies":[{"name":"wp","href":"https:\/\/api.w.org\/{rel}","templated":true}]}}