{"id":95543,"date":"2019-11-21T05:03:39","date_gmt":"2019-11-21T08:03:39","guid":{"rendered":"http:\/\/www.eltrabajo.cl\/portal\/?p=95543"},"modified":"2019-11-21T02:06:53","modified_gmt":"2019-11-21T05:06:53","slug":"cabildo-femenino-se-realizo-ayer-en-dependencias-del-buen-pastor","status":"publish","type":"post","link":"https:\/\/eltrabajo.cl\/portal\/cabildo-femenino-se-realizo-ayer-en-dependencias-del-buen-pastor\/","title":{"rendered":"Cabildo Femenino se realiz\u00f3 ayer en dependencias del Buen Pastor"},"content":{"rendered":"<p>Con la finalidad de canalizar todas las inquietudes de la comunidad, con respecto al acontecer nacional, en horas de la ma\u00f1ana de ayer mi\u00e9rcoles la Municipalidad de San Felipe desarroll\u00f3 en una de las salas del complejo patrimonial Buen Pastor un Cabildo femenino, jornada que forma parte de varios m\u00e1s ya programados para lo que queda del mes de noviembre.<\/p>\n<p><strong>Diario El Trabajo<\/strong> habl\u00f3 con uno de los moderadores del Cabildo, <strong>Jaime Mu\u00f1oz<\/strong>, coordinador de la participaci\u00f3n ciudadana municipal, \u00ab<em>como Municipio se est\u00e1 realizando una especie de participaci\u00f3n ciudadana tal como se est\u00e1 realizando en todo el pa\u00eds, en esta oportunidad son dos los instrumentos participativos: Uno son los catorce cabildos programados en toda nuestra comuna para todo este mes, los que est\u00e1n siendo enfocados en mujeres, adultos mayores en el \u00e1mbito de la cultura de la discapacidad y tambi\u00e9n distribuidos en toda la comuna<\/em> (\u2026) <em>la idea es recibir informaci\u00f3n de los cabildos para sistematizarla en una sola voz y saber as\u00ed cu\u00e1l es la percepci\u00f3n que tiene la comunidad. Dentro de los cabildos tenemos una metodolog\u00eda bien simple, en las cuales se busca comprender cu\u00e1les son los or\u00edgenes del conflicto, cu\u00e1les son las problem\u00e1ticas que est\u00e1n enfrentando la sociedad como comunidad. La segunda pregunta obedece a las propuestas que tienen ellas para mejorar este conflicto, son tem\u00e1ticas de salud, pensiones y cultura, y como tercera pregunta tenemos el qu\u00e9 podemos hacer nosotros como comunidad para poder mejorar esta situaci\u00f3n. Tambi\u00e9n el otro instrumento que tenemos para personas que no pueden asistir a los cabildos es una encuesta llamada \u2018Propuestas para mejorar Chile\u2019, la tenemos por dos v\u00edas, una es la v\u00eda Online en la p\u00e1gina Web del Municipio y ah\u00ed se puede llenar el formulario de Consulta ciudadana<\/em>\u00bb, dijo Mu\u00f1oz.<\/p>\n<p><strong>Roberto Gonz\u00e1lez Short<\/strong><\/p>\n<figure id=\"attachment_95544\" aria-describedby=\"caption-attachment-95544\" style=\"width: 580px\" class=\"wp-caption alignnone\"><img data-recalc-dims=\"1\" loading=\"lazy\" decoding=\"async\" class=\"size-full wp-image-95544\" src=\"https:\/\/i0.wp.com\/www.eltrabajo.cl\/portal\/wp-content\/uploads\/2019\/11\/Cabildo1-2.jpg?resize=580%2C360\" alt=\"CABILDO FEMENINO.- Decenas de mujeres sanfelipe\u00f1as participaron activamente en este Cabildo Femenino, desarrollado por funcionarios municipales.\" width=\"580\" height=\"360\" srcset=\"https:\/\/i0.wp.com\/eltrabajo.cl\/portal\/wp-content\/uploads\/2019\/11\/Cabildo1-2.jpg?w=580&amp;ssl=1 580w, https:\/\/i0.wp.com\/eltrabajo.cl\/portal\/wp-content\/uploads\/2019\/11\/Cabildo1-2.jpg?resize=300%2C186&amp;ssl=1 300w, https:\/\/i0.wp.com\/eltrabajo.cl\/portal\/wp-content\/uploads\/2019\/11\/Cabildo1-2.jpg?resize=200%2C124&amp;ssl=1 200w, https:\/\/i0.wp.com\/eltrabajo.cl\/portal\/wp-content\/uploads\/2019\/11\/Cabildo1-2.jpg?resize=242%2C150&amp;ssl=1 242w, https:\/\/i0.wp.com\/eltrabajo.cl\/portal\/wp-content\/uploads\/2019\/11\/Cabildo1-2.jpg?resize=400%2C248&amp;ssl=1 400w\" sizes=\"auto, (max-width: 580px) 100vw, 580px\" \/><figcaption id=\"caption-attachment-95544\" class=\"wp-caption-text\">CABILDO FEMENINO.- Decenas de mujeres sanfelipe\u00f1as participaron activamente en este Cabildo Femenino, desarrollado por funcionarios municipales.<\/figcaption><\/figure>\n<p>&nbsp;<\/p>\n<figure id=\"attachment_95545\" aria-describedby=\"caption-attachment-95545\" style=\"width: 578px\" class=\"wp-caption alignnone\"><img data-recalc-dims=\"1\" loading=\"lazy\" decoding=\"async\" class=\"size-full wp-image-95545\" src=\"https:\/\/i0.wp.com\/www.eltrabajo.cl\/portal\/wp-content\/uploads\/2019\/11\/Cabildo2-1.jpg?resize=578%2C247\" alt=\"LOS QUE FALTAN.- Estas son las actividades programadas para este mes de noviembre en nuestra comuna.\" width=\"578\" height=\"247\" srcset=\"https:\/\/i0.wp.com\/eltrabajo.cl\/portal\/wp-content\/uploads\/2019\/11\/Cabildo2-1.jpg?w=578&amp;ssl=1 578w, https:\/\/i0.wp.com\/eltrabajo.cl\/portal\/wp-content\/uploads\/2019\/11\/Cabildo2-1.jpg?resize=300%2C128&amp;ssl=1 300w, https:\/\/i0.wp.com\/eltrabajo.cl\/portal\/wp-content\/uploads\/2019\/11\/Cabildo2-1.jpg?resize=200%2C85&amp;ssl=1 200w, https:\/\/i0.wp.com\/eltrabajo.cl\/portal\/wp-content\/uploads\/2019\/11\/Cabildo2-1.jpg?resize=400%2C171&amp;ssl=1 400w\" sizes=\"auto, (max-width: 578px) 100vw, 578px\" \/><figcaption id=\"caption-attachment-95545\" class=\"wp-caption-text\">LOS QUE FALTAN.- Estas son las actividades programadas para este mes de noviembre en nuestra comuna.<\/figcaption><\/figure>\n<p>&nbsp;<\/p>\n<figure id=\"attachment_95546\" aria-describedby=\"caption-attachment-95546\" style=\"width: 579px\" class=\"wp-caption alignnone\"><img data-recalc-dims=\"1\" loading=\"lazy\" decoding=\"async\" class=\"size-full wp-image-95546\" src=\"https:\/\/i0.wp.com\/www.eltrabajo.cl\/portal\/wp-content\/uploads\/2019\/11\/Cabildo_Jaime-Munoz.jpg?resize=579%2C661\" alt=\"Jaime Mu\u00f1oz, coordinador de la participaci\u00f3n ciudadana municipal.\" width=\"579\" height=\"661\" srcset=\"https:\/\/i0.wp.com\/eltrabajo.cl\/portal\/wp-content\/uploads\/2019\/11\/Cabildo_Jaime-Munoz.jpg?w=579&amp;ssl=1 579w, https:\/\/i0.wp.com\/eltrabajo.cl\/portal\/wp-content\/uploads\/2019\/11\/Cabildo_Jaime-Munoz.jpg?resize=263%2C300&amp;ssl=1 263w, https:\/\/i0.wp.com\/eltrabajo.cl\/portal\/wp-content\/uploads\/2019\/11\/Cabildo_Jaime-Munoz.jpg?resize=131%2C150&amp;ssl=1 131w, https:\/\/i0.wp.com\/eltrabajo.cl\/portal\/wp-content\/uploads\/2019\/11\/Cabildo_Jaime-Munoz.jpg?resize=400%2C457&amp;ssl=1 400w\" sizes=\"auto, (max-width: 579px) 100vw, 579px\" \/><figcaption id=\"caption-attachment-95546\" class=\"wp-caption-text\">Jaime Mu\u00f1oz, coordinador de la participaci\u00f3n ciudadana municipal.<\/figcaption><\/figure>\n","protected":false},"excerpt":{"rendered":"<p>Con la finalidad de canalizar todas las inquietudes de la comunidad, con respecto al acontecer nacional, en horas de la ma\u00f1ana de ayer mi\u00e9rcoles la Municipalidad de San Felipe desarroll\u00f3 en una&#8230;<\/p>\n","protected":false},"author":482,"featured_media":95544,"comment_status":"open","ping_status":"open","sticky":false,"template":"","format":"standard","meta":{"advanced_seo_description":"","jetpack_seo_html_title":"","jetpack_seo_noindex":false,"_jetpack_memberships_contains_paid_content":false,"footnotes":""},"categories":[15],"tags":[],"class_list":["post-95543","post","type-post","status-publish","format-standard","has-post-thumbnail","hentry","category-comunidad"],"jetpack_featured_media_url":"https:\/\/i0.wp.com\/eltrabajo.cl\/portal\/wp-content\/uploads\/2019\/11\/Cabildo1-2.jpg?fit=580%2C360&ssl=1","jetpack_sharing_enabled":true,"jetpack_likes_enabled":true,"jetpack-related-posts":[],"_links":{"self":[{"href":"https:\/\/eltrabajo.cl\/portal\/wp-json\/wp\/v2\/posts\/95543","targetHints":{"allow":["GET"]}}],"collection":[{"href":"https:\/\/eltrabajo.cl\/portal\/wp-json\/wp\/v2\/posts"}],"about":[{"href":"https:\/\/eltrabajo.cl\/portal\/wp-json\/wp\/v2\/types\/post"}],"author":[{"embeddable":true,"href":"https:\/\/eltrabajo.cl\/portal\/wp-json\/wp\/v2\/users\/482"}],"replies":[{"embeddable":true,"href":"https:\/\/eltrabajo.cl\/portal\/wp-json\/wp\/v2\/comments?post=95543"}],"version-history":[{"count":0,"href":"https:\/\/eltrabajo.cl\/portal\/wp-json\/wp\/v2\/posts\/95543\/revisions"}],"wp:featuredmedia":[{"embeddable":true,"href":"https:\/\/eltrabajo.cl\/portal\/wp-json\/wp\/v2\/media\/95544"}],"wp:attachment":[{"href":"https:\/\/eltrabajo.cl\/portal\/wp-json\/wp\/v2\/media?parent=95543"}],"wp:term":[{"taxonomy":"category","embeddable":true,"href":"https:\/\/eltrabajo.cl\/portal\/wp-json\/wp\/v2\/categories?post=95543"},{"taxonomy":"post_tag","embeddable":true,"href":"https:\/\/eltrabajo.cl\/portal\/wp-json\/wp\/v2\/tags?post=95543"}],"curies":[{"name":"wp","href":"https:\/\/api.w.org\/{rel}","templated":true}]}}