{"id":95549,"date":"2019-11-21T05:04:27","date_gmt":"2019-11-21T08:04:27","guid":{"rendered":"http:\/\/www.eltrabajo.cl\/portal\/?p=95549"},"modified":"2019-11-21T02:10:16","modified_gmt":"2019-11-21T05:10:16","slug":"en-diciembre-prepararan-juicio-oral-por-homicidio-de-pedro-vergara-lobos","status":"publish","type":"post","link":"https:\/\/eltrabajo.cl\/portal\/en-diciembre-prepararan-juicio-oral-por-homicidio-de-pedro-vergara-lobos\/","title":{"rendered":"En diciembre preparar\u00e1n juicio oral por homicidio de Pedro Vergara Lobos"},"content":{"rendered":"<p><span style=\"color: #ff0000;\"><strong>Cierran investigaci\u00f3n contra \u2018El Gaviota\u2019 y \u2018El Peruano\u2019:<\/strong><\/span><\/p>\n<ul>\n<li><strong>Tras la realizaci\u00f3n de esta audiencia en el Tribunal de Garant\u00eda de San Felipe, el juicio oral se estima que se llevar\u00eda a cabo dentro del primer trimestre del pr\u00f3ximo a\u00f1o 2020 en el Tribunal Oral en Lo Penal de San Felipe.<\/strong><\/li>\n<\/ul>\n<p>&nbsp;<\/p>\n<p>Para este pr\u00f3ximo jueves 12 de diciembre se tendr\u00eda contemplada la realizaci\u00f3n de la audiencia de preparaci\u00f3n de juicio en el Juzgado de Garant\u00eda de San Felipe, por el robo con homicidio de <strong>Pedro Vergara Lobos<\/strong>, de 36 a\u00f1os de edad, y robo con violencia e intimidaci\u00f3n a una transportista de locomoci\u00f3n colectiva ocurrido en el sector La Colonia de Catemu.<\/p>\n<p>La Fiscal\u00eda cerr\u00f3 la investigaci\u00f3n contra los presuntos autores de estos hechos identificados como <strong>Gabriel Gonz\u00e1lez Guerra<\/strong>, apodado<strong> \u2018El Gaviota\u2019<\/strong>, de 27 a\u00f1os de edad, y <strong>Bryan Jeremy Cavieres Vera<\/strong>, alias<strong> \u2018El Peruano\u2019<\/strong>, de 18 a\u00f1os de edad, quienes permanecen en prisi\u00f3n preventiva.<\/p>\n<p>El caso origin\u00f3 bastante conmoci\u00f3n a nivel local y nacional, se recuerda que los imputados Cavieres Vera y Gonz\u00e1lez Guerra habr\u00edan concertado el 25 de enero de este a\u00f1o, cometer el asalto a una conductora de un colectivo de 61 a\u00f1os de edad de recorrido Catemu \u2013 El Cobre, premunidos de un arma de fuego.<\/p>\n<p>Precisamente en el sector de La Colonia, Pedro Vergara Lobos habr\u00eda intentado repeler el robo del veh\u00edculo de la transportista, siendo asesinado de un disparo en la cabeza. En la ocasi\u00f3n los delincuentes huyeron en la camioneta del fallecido para abandonarla horas m\u00e1s tarde en la comuna de Llay Llay.<\/p>\n<p>Tras las diligencias efectuadas por la Polic\u00eda de Investigaciones, \u2018El Gaviota\u2019 fue arrestado en un sector rural de Catemu, mientras que \u2018El Peruano\u2019 fue capturado en la comuna de Ovalle, intentando escapar de la justicia.<\/p>\n<p>Gonz\u00e1lez Guerra enfrenta adem\u00e1s una acusaci\u00f3n de homicidio como presunto autor de la muerte de <strong>Manuel Ahumada Galdames<\/strong>, de 27 a\u00f1os de edad, quien falleci\u00f3 el 3 de noviembre del a\u00f1o pasado, producto de un disparo en el t\u00f3rax en pleno centro de la comuna de Catemu.<\/p>\n<p>El Fiscal Benjam\u00edn Santib\u00e1\u00f1ez afirm\u00f3 a <strong>Diario El Trabajo<\/strong> que tras la realizaci\u00f3n de esta audiencia en el Tribunal de Garant\u00eda de San Felipe, el juicio oral por este brutal homicidio se podr\u00eda llevar a cabo el pr\u00f3ximo mes de febrero o marzo del 2020.<\/p>\n<p>\u201c<em>Se acus\u00f3 a Gabriel Gonz\u00e1lez Guerra por el delito de homicidio simple, robo con homicidio y robo con violencia e intimidaci\u00f3n. El otro sujeto que le dicen \u2018El Peruano\u2019, el delito de robo con homicidio y robo con violencia e intimidaci\u00f3n.\u00a0 En un principio las primeras aproximaciones en cuanto a fecha en base a lo que ten\u00edamos, arrojaba que podr\u00edamos haber estado acusando en julio o agosto para estar en juicio en noviembre y diciembre, pero una de las defensas solicit\u00f3 algunas diligencias, buscando algunos antecedentes y en definitiva en base a ello se tuvo que cerrar la investigaci\u00f3n reci\u00e9n el 5 de noviembre. Calculamos que el juicio podr\u00eda ser en febrero o marzo\u201d,<\/em> concluy\u00f3 Santib\u00e1\u00f1ez.<\/p>\n<p>Las penas asignadas por robo con homicidio parten desde los 15 a\u00f1os y un d\u00eda hasta presidio perpetuo calificado. En tanto el robo con violencia e intimidaci\u00f3n parte desde los 5 a\u00f1os hasta los 20 a\u00f1os de c\u00e1rcel.<\/p>\n<p><strong>Pablo Salinas Sald\u00edas<\/strong><\/p>\n<figure id=\"attachment_95551\" aria-describedby=\"caption-attachment-95551\" style=\"width: 580px\" class=\"wp-caption alignnone\"><img data-recalc-dims=\"1\" loading=\"lazy\" decoding=\"async\" class=\"size-full wp-image-95551\" src=\"https:\/\/i0.wp.com\/www.eltrabajo.cl\/portal\/wp-content\/uploads\/2019\/11\/homicidio-EL-PERUANO-TRIBUNAL-1-1.jpg?resize=580%2C360\" alt=\"Bryan Cavieres Vera, apodado \u2018El Peruano\u2019.\" width=\"580\" height=\"360\" srcset=\"https:\/\/i0.wp.com\/eltrabajo.cl\/portal\/wp-content\/uploads\/2019\/11\/homicidio-EL-PERUANO-TRIBUNAL-1-1.jpg?w=580&amp;ssl=1 580w, https:\/\/i0.wp.com\/eltrabajo.cl\/portal\/wp-content\/uploads\/2019\/11\/homicidio-EL-PERUANO-TRIBUNAL-1-1.jpg?resize=300%2C186&amp;ssl=1 300w, https:\/\/i0.wp.com\/eltrabajo.cl\/portal\/wp-content\/uploads\/2019\/11\/homicidio-EL-PERUANO-TRIBUNAL-1-1.jpg?resize=200%2C124&amp;ssl=1 200w, https:\/\/i0.wp.com\/eltrabajo.cl\/portal\/wp-content\/uploads\/2019\/11\/homicidio-EL-PERUANO-TRIBUNAL-1-1.jpg?resize=242%2C150&amp;ssl=1 242w, https:\/\/i0.wp.com\/eltrabajo.cl\/portal\/wp-content\/uploads\/2019\/11\/homicidio-EL-PERUANO-TRIBUNAL-1-1.jpg?resize=400%2C248&amp;ssl=1 400w\" sizes=\"auto, (max-width: 580px) 100vw, 580px\" \/><figcaption id=\"caption-attachment-95551\" class=\"wp-caption-text\">Bryan Cavieres Vera, apodado \u2018El Peruano\u2019.<\/figcaption><\/figure>\n<p>&nbsp;<\/p>\n<figure id=\"attachment_95550\" aria-describedby=\"caption-attachment-95550\" style=\"width: 580px\" class=\"wp-caption alignnone\"><img data-recalc-dims=\"1\" loading=\"lazy\" decoding=\"async\" class=\"size-full wp-image-95550\" src=\"https:\/\/i0.wp.com\/www.eltrabajo.cl\/portal\/wp-content\/uploads\/2019\/11\/homicidio-EL-GAVIOTA-DETENIDO-1-1.jpg?resize=580%2C360\" alt=\"Gabriel Gonz\u00e1lez Guerra, apodado \u2018El Gaviota\u2019.\" width=\"580\" height=\"360\" srcset=\"https:\/\/i0.wp.com\/eltrabajo.cl\/portal\/wp-content\/uploads\/2019\/11\/homicidio-EL-GAVIOTA-DETENIDO-1-1.jpg?w=580&amp;ssl=1 580w, https:\/\/i0.wp.com\/eltrabajo.cl\/portal\/wp-content\/uploads\/2019\/11\/homicidio-EL-GAVIOTA-DETENIDO-1-1.jpg?resize=300%2C186&amp;ssl=1 300w, https:\/\/i0.wp.com\/eltrabajo.cl\/portal\/wp-content\/uploads\/2019\/11\/homicidio-EL-GAVIOTA-DETENIDO-1-1.jpg?resize=200%2C124&amp;ssl=1 200w, https:\/\/i0.wp.com\/eltrabajo.cl\/portal\/wp-content\/uploads\/2019\/11\/homicidio-EL-GAVIOTA-DETENIDO-1-1.jpg?resize=242%2C150&amp;ssl=1 242w, https:\/\/i0.wp.com\/eltrabajo.cl\/portal\/wp-content\/uploads\/2019\/11\/homicidio-EL-GAVIOTA-DETENIDO-1-1.jpg?resize=400%2C248&amp;ssl=1 400w\" sizes=\"auto, (max-width: 580px) 100vw, 580px\" \/><figcaption id=\"caption-attachment-95550\" class=\"wp-caption-text\">Gabriel Gonz\u00e1lez Guerra, apodado \u2018El Gaviota\u2019.<\/figcaption><\/figure>\n<p>&nbsp;<\/p>\n<figure id=\"attachment_95552\" aria-describedby=\"caption-attachment-95552\" style=\"width: 577px\" class=\"wp-caption alignnone\"><img data-recalc-dims=\"1\" loading=\"lazy\" decoding=\"async\" class=\"size-full wp-image-95552\" src=\"https:\/\/i0.wp.com\/www.eltrabajo.cl\/portal\/wp-content\/uploads\/2019\/11\/homicidio-PEDRO-VERGARA-1-1-1.jpg?resize=577%2C360\" alt=\"Pedro Vergara Lobos, padre de familia fue asesinado en la comuna de Catemu.\" width=\"577\" height=\"360\" srcset=\"https:\/\/i0.wp.com\/eltrabajo.cl\/portal\/wp-content\/uploads\/2019\/11\/homicidio-PEDRO-VERGARA-1-1-1.jpg?w=577&amp;ssl=1 577w, https:\/\/i0.wp.com\/eltrabajo.cl\/portal\/wp-content\/uploads\/2019\/11\/homicidio-PEDRO-VERGARA-1-1-1.jpg?resize=300%2C187&amp;ssl=1 300w, https:\/\/i0.wp.com\/eltrabajo.cl\/portal\/wp-content\/uploads\/2019\/11\/homicidio-PEDRO-VERGARA-1-1-1.jpg?resize=200%2C125&amp;ssl=1 200w, https:\/\/i0.wp.com\/eltrabajo.cl\/portal\/wp-content\/uploads\/2019\/11\/homicidio-PEDRO-VERGARA-1-1-1.jpg?resize=240%2C150&amp;ssl=1 240w, https:\/\/i0.wp.com\/eltrabajo.cl\/portal\/wp-content\/uploads\/2019\/11\/homicidio-PEDRO-VERGARA-1-1-1.jpg?resize=400%2C250&amp;ssl=1 400w\" sizes=\"auto, (max-width: 577px) 100vw, 577px\" \/><figcaption id=\"caption-attachment-95552\" class=\"wp-caption-text\">Pedro Vergara Lobos, padre de familia fue asesinado en la comuna de Catemu.<\/figcaption><\/figure>\n<p><strong>\u00a0<\/strong><\/p>\n","protected":false},"excerpt":{"rendered":"<p>Cierran investigaci\u00f3n contra \u2018El Gaviota\u2019 y \u2018El Peruano\u2019: Tras la realizaci\u00f3n de esta audiencia en el Tribunal de Garant\u00eda de San Felipe, el juicio oral se estima que se llevar\u00eda a cabo&#8230;<\/p>\n","protected":false},"author":482,"featured_media":95552,"comment_status":"open","ping_status":"open","sticky":false,"template":"","format":"standard","meta":{"advanced_seo_description":"","jetpack_seo_html_title":"","jetpack_seo_noindex":false,"_jetpack_memberships_contains_paid_content":false,"footnotes":""},"categories":[97],"tags":[],"class_list":["post-95549","post","type-post","status-publish","format-standard","has-post-thumbnail","hentry","category-tribunales"],"jetpack_featured_media_url":"https:\/\/i0.wp.com\/eltrabajo.cl\/portal\/wp-content\/uploads\/2019\/11\/homicidio-PEDRO-VERGARA-1-1-1.jpg?fit=577%2C360&ssl=1","jetpack_sharing_enabled":true,"jetpack_likes_enabled":true,"jetpack-related-posts":[],"_links":{"self":[{"href":"https:\/\/eltrabajo.cl\/portal\/wp-json\/wp\/v2\/posts\/95549","targetHints":{"allow":["GET"]}}],"collection":[{"href":"https:\/\/eltrabajo.cl\/portal\/wp-json\/wp\/v2\/posts"}],"about":[{"href":"https:\/\/eltrabajo.cl\/portal\/wp-json\/wp\/v2\/types\/post"}],"author":[{"embeddable":true,"href":"https:\/\/eltrabajo.cl\/portal\/wp-json\/wp\/v2\/users\/482"}],"replies":[{"embeddable":true,"href":"https:\/\/eltrabajo.cl\/portal\/wp-json\/wp\/v2\/comments?post=95549"}],"version-history":[{"count":0,"href":"https:\/\/eltrabajo.cl\/portal\/wp-json\/wp\/v2\/posts\/95549\/revisions"}],"wp:featuredmedia":[{"embeddable":true,"href":"https:\/\/eltrabajo.cl\/portal\/wp-json\/wp\/v2\/media\/95552"}],"wp:attachment":[{"href":"https:\/\/eltrabajo.cl\/portal\/wp-json\/wp\/v2\/media?parent=95549"}],"wp:term":[{"taxonomy":"category","embeddable":true,"href":"https:\/\/eltrabajo.cl\/portal\/wp-json\/wp\/v2\/categories?post=95549"},{"taxonomy":"post_tag","embeddable":true,"href":"https:\/\/eltrabajo.cl\/portal\/wp-json\/wp\/v2\/tags?post=95549"}],"curies":[{"name":"wp","href":"https:\/\/api.w.org\/{rel}","templated":true}]}}