{"id":95556,"date":"2019-11-21T05:05:21","date_gmt":"2019-11-21T08:05:21","guid":{"rendered":"http:\/\/www.eltrabajo.cl\/portal\/?p=95556"},"modified":"2019-11-21T02:12:30","modified_gmt":"2019-11-21T05:12:30","slug":"familia-afectada-por-incendio-piensa-que-el-siniestro-pudo-ser-intencional","status":"publish","type":"post","link":"https:\/\/eltrabajo.cl\/portal\/familia-afectada-por-incendio-piensa-que-el-siniestro-pudo-ser-intencional\/","title":{"rendered":"Familia afectada por incendio piensa que el siniestro pudo ser intencional"},"content":{"rendered":"<ul>\n<li><strong>Due\u00f1a de f\u00e1brica de timbres de gomas y galvanos dorm\u00eda cuando se inici\u00f3 el fuego en el segundo piso, no teniendo claro hasta el momento qu\u00e9 pudo haber pasado.<\/strong><\/li>\n<\/ul>\n<p><strong>\u00a0<\/strong><\/p>\n<p>Han pasado varias horas desde que ocurri\u00f3 el incendio que afect\u00f3 a la f\u00e1brica de timbres de gomas y galvanos ubicada en calle Artem\u00f3n Cifuentes, y nuestro medio pudo conversar con <strong>Margarita Delgadillo Rivera<\/strong>, due\u00f1a junto a su marido de la f\u00e1brica.<\/p>\n<p>Al llegar al lugar nos encontramos con personas sacando todos los restos de cenizas y escombros, lo que era lanzado a un contenedor instalado por la municipalidad de San Felipe.<\/p>\n<p>Margarita\u00a0 piensa que el incendio que les afect\u00f3 y\u00a0 que destruy\u00f3 todo el segundo piso, fue intencional. Ello porque pese a las altas temperaturas, nunca hab\u00edan tenido un episodio de esta naturaleza.<\/p>\n<p>Cuenta que ellos est\u00e1n ah\u00ed desde el a\u00f1o 1980. Antes estaban en Toro Mazote. Trabaja junto a su marido, antes lo hac\u00edan con su hijo, pero \u00e9l se separ\u00f3 y est\u00e1 trabajando en la esquina. Pese a toda la tragedia que la ha tocado vivir en estas \u00faltimas horas, accedi\u00f3 a conversar con nuestro medio. Se emocion\u00f3 al recordar el trabajo que realiz\u00f3 bomberos el d\u00eda del incendio.<\/p>\n<p>\u201c<em>Se nos quem\u00f3 la mitad de la casa, todo el segundo piso y no sabemos c\u00f3mo empez\u00f3 el incendio. Empez\u00f3 y se quem\u00f3 todo arriba, ten\u00edamos todos los materiales de trabajo, tenemos m\u00e1quinas, se quemaron todas y\u00a0 ahora no s\u00e9 qu\u00e9 vamos a hacer, c\u00f3mo vamos a trabajar ahora\u201d,<\/em> dice Margarita.<\/p>\n<p>&#8211; <strong>Cu\u00e9ntenos, \u00bfustedes estaban aqu\u00ed en la casa, almorzando? <\/strong><\/p>\n<p>&#8211; Eran como las tres m\u00e1s o menos, yo estaba durmiendo siesta, mi suegro igual; mi marido hab\u00eda salido a hacer un tr\u00e1mite y de repente sent\u00eda cosas, yo pensaba que eran las protestas en la alameda, nunca pens\u00e9 que era aqu\u00ed, y una vecina, la Carolina, me vino a golpear la puerta y me dijo que se estaba quemando la casa, y ah\u00ed sal\u00ed y saqu\u00e9 a mi suegro y ah\u00ed empez\u00f3 el incendio a reventar los ventanales; se quem\u00f3 todo lo material que ten\u00edamos en la bodega, las cosas, las m\u00e1quinas, todo se quem\u00f3.<\/p>\n<p>&#8211; <strong>Ahora qu\u00e9 piensan ustedes o conversan, \u00bfpodr\u00eda haber sido el recalentamiento de algo o qu\u00e9 se imaginan ustedes?<\/strong><\/p>\n<p>&#8211; Yo pienso que a lo mejor fue un atentado que hicieron, tiraron algo para adentro, porque nunca nos hab\u00eda pasado esto, as\u00ed es que no tenemos idea qu\u00e9 es lo que pudo haber pasado.<\/p>\n<p>&#8211; <strong>Pese a las altas temperaturas, \u00bfnunca hab\u00edan tenido un problema similar?<\/strong><\/p>\n<p>&#8211; No, si siempre ha hecho calor y todo, siempre tenemos precauci\u00f3n que no se hagan incendios.<\/p>\n<p>&#8211; <strong>Se\u00f1ora Margarita, si pudiera contarle a la opini\u00f3n p\u00fablica qu\u00e9 labor se cumpl\u00eda en el segundo piso siniestrado.<\/strong><\/p>\n<p>&#8211; El taller de trabajo del a\u00f1o 80 que nosotros estamos, tenemos cosas, materiales, maquinaria y todo eso se quem\u00f3, los timbres, los galvanos. Ahora a fin de a\u00f1o ten\u00edamos listo las maderas para hacerlas y no s\u00e9 c\u00f3mo lo vamos a hacer, ah\u00ed estamos.<\/p>\n<p>&#8211; <strong>Porque viene el tema de las licenciaturas con el fin de a\u00f1o.<\/strong><\/p>\n<p>&#8211; Las licenciaturas, mandan a hacer los trabajos, ten\u00edamos timbres, copas y trofeos, todo eso se quem\u00f3.<\/p>\n<p>&#8211; <strong>\u00bfUn valor aproximado en p\u00e9rdidas?<\/strong><\/p>\n<p>&#8211; La pura m\u00e1quina val\u00eda como 14 millones, ten\u00edamos varias maquinarias, cargadores de tiro, varias cosas ten\u00edamos de valor&#8230; todo se quem\u00f3.<\/p>\n<p>&#8211; <strong>\u00bfAlg\u00fan tipo de seguro como para poder amortiguar los da\u00f1os?<\/strong><\/p>\n<p>&#8211; No, no tenemos ninguna cosa porque nosotros siempre hemos sido precavidos, andamos previniendo las cosas que sucedan, y hab\u00eda una ventana abierta arriba, pueden que hayan tirado algo prendido, porque tan r\u00e1pido que fue, porque mi marido sali\u00f3 cinco para las dos a hacer un tr\u00e1mite y \u00e9l lleg\u00f3 cuando estaba todo quemado.<\/p>\n<p>&#8211; <strong>\u00bfCu\u00e1ntas personas trabajan ah\u00ed se\u00f1ora Margarita?<\/strong><\/p>\n<p>&#8211; Trabajamos los dos y un hijo, pero el hijo se separ\u00f3 y est\u00e1 en la esquina, nosotros trabajamos arriba y nosotros le vend\u00edamos material a \u00e9l.<\/p>\n<p>&#8211; <strong>\u00bfDesde cu\u00e1ndo que est\u00e1n funcionando ustedes?<\/strong><\/p>\n<p>&#8211; Desde el a\u00f1o &#8217;80 aqu\u00ed, pero antes funcion\u00e1bamos en Toromazote.<\/p>\n<p>&#8211; <strong>\u00bfQu\u00e9 piensan hacer ahora?<\/strong><\/p>\n<p>&#8211; Han venido los amigos a limpiar y tengo todo mojado aqu\u00ed abajo, todav\u00eda no hemos pensado nada.<\/p>\n<p>&#8211; <strong>\u00bfAlguien ya le ha ofrecido ayuda, alguien del gremio?<\/strong><\/p>\n<p>&#8211; La municipalidad&#8230; el comit\u00e9 de desarrollo me ha ofrecido ayuda, lo que necesite, para empezar trajeron eso (contenedor) para echar lo quemado.<\/p>\n<p>&#8211; <strong>Cuesta reponerse de esto.<\/strong><\/p>\n<p>&#8211; S\u00ed, cuesta mucho, yo amanec\u00ed molida porque he tenido que estar sacando agua, se me ech\u00f3 a perder el parquet, los pisos flotantes, todo eso se me ech\u00f3 a perder. Lo que no se quem\u00f3, se moj\u00f3 porque aqu\u00ed abajo tengo puro parquet, piso flotante, se hinch\u00f3 todo.<\/p>\n<p>&#8211; <strong>\u00bfFue r\u00e1pido el accionar de los bomberos en ese sentido?<\/strong><\/p>\n<p>&#8211; S\u00ed, los bomberos se portaron un 7, les doy muchas gracias a ellos (se emociona).<\/p>\n<p>Cabe recordar que este incendio se produjo el d\u00eda martes a eso de las tres de la tarde en el inmueble ubicado en Artem\u00f3n Cifuentes Nro. 163. Se viene a unir tambi\u00e9n a otro sufrido el d\u00eda domingo por un emprendedor o empresa familiar que afect\u00f3 a 250 colmenas en calle Nu\u00f1ez de propiedad de Orlando Contreras Vega.<\/p>\n<p>&nbsp;<\/p>\n<figure id=\"attachment_95557\" aria-describedby=\"caption-attachment-95557\" style=\"width: 580px\" class=\"wp-caption alignnone\"><img data-recalc-dims=\"1\" loading=\"lazy\" decoding=\"async\" class=\"size-full wp-image-95557\" src=\"https:\/\/i0.wp.com\/www.eltrabajo.cl\/portal\/wp-content\/uploads\/2019\/11\/Timbres-Margarita-Delgadillo-.jpg?resize=580%2C360\" alt=\"Margarita Delgadillo Rivera en la puerta de su casa, esperanzada en poder recuperarse de esta tragedia.\" width=\"580\" height=\"360\" srcset=\"https:\/\/i0.wp.com\/eltrabajo.cl\/portal\/wp-content\/uploads\/2019\/11\/Timbres-Margarita-Delgadillo-.jpg?w=580&amp;ssl=1 580w, https:\/\/i0.wp.com\/eltrabajo.cl\/portal\/wp-content\/uploads\/2019\/11\/Timbres-Margarita-Delgadillo-.jpg?resize=300%2C186&amp;ssl=1 300w, https:\/\/i0.wp.com\/eltrabajo.cl\/portal\/wp-content\/uploads\/2019\/11\/Timbres-Margarita-Delgadillo-.jpg?resize=200%2C124&amp;ssl=1 200w, https:\/\/i0.wp.com\/eltrabajo.cl\/portal\/wp-content\/uploads\/2019\/11\/Timbres-Margarita-Delgadillo-.jpg?resize=242%2C150&amp;ssl=1 242w, https:\/\/i0.wp.com\/eltrabajo.cl\/portal\/wp-content\/uploads\/2019\/11\/Timbres-Margarita-Delgadillo-.jpg?resize=400%2C248&amp;ssl=1 400w\" sizes=\"auto, (max-width: 580px) 100vw, 580px\" \/><figcaption id=\"caption-attachment-95557\" class=\"wp-caption-text\">Margarita Delgadillo Rivera en la puerta de su casa, esperanzada en poder recuperarse de esta tragedia.<\/figcaption><\/figure>\n<p>&nbsp;<\/p>\n<figure id=\"attachment_95559\" aria-describedby=\"caption-attachment-95559\" style=\"width: 579px\" class=\"wp-caption alignnone\"><img data-recalc-dims=\"1\" loading=\"lazy\" decoding=\"async\" class=\"size-full wp-image-95559\" src=\"https:\/\/i0.wp.com\/www.eltrabajo.cl\/portal\/wp-content\/uploads\/2019\/11\/Timbres-fuego.jpg?resize=579%2C658\" alt=\"Enormes y abundantes llamas asomaban por la ventana del segundo piso, por donde Margarita Delgadillo no descarta hayan lanzado alg\u00fan elemento incendiario.\" width=\"579\" height=\"658\" srcset=\"https:\/\/i0.wp.com\/eltrabajo.cl\/portal\/wp-content\/uploads\/2019\/11\/Timbres-fuego.jpg?w=579&amp;ssl=1 579w, https:\/\/i0.wp.com\/eltrabajo.cl\/portal\/wp-content\/uploads\/2019\/11\/Timbres-fuego.jpg?resize=264%2C300&amp;ssl=1 264w, https:\/\/i0.wp.com\/eltrabajo.cl\/portal\/wp-content\/uploads\/2019\/11\/Timbres-fuego.jpg?resize=132%2C150&amp;ssl=1 132w, https:\/\/i0.wp.com\/eltrabajo.cl\/portal\/wp-content\/uploads\/2019\/11\/Timbres-fuego.jpg?resize=400%2C455&amp;ssl=1 400w\" sizes=\"auto, (max-width: 579px) 100vw, 579px\" \/><figcaption id=\"caption-attachment-95559\" class=\"wp-caption-text\">Enormes y abundantes llamas asomaban por la ventana del segundo piso, por donde Margarita Delgadillo no descarta hayan lanzado alg\u00fan elemento incendiario.<\/figcaption><\/figure>\n<p>&nbsp;<\/p>\n<figure id=\"attachment_95558\" aria-describedby=\"caption-attachment-95558\" style=\"width: 579px\" class=\"wp-caption alignnone\"><img data-recalc-dims=\"1\" loading=\"lazy\" decoding=\"async\" class=\"size-full wp-image-95558\" src=\"https:\/\/i0.wp.com\/www.eltrabajo.cl\/portal\/wp-content\/uploads\/2019\/11\/Timbres-da%C3%B1os.jpg?resize=579%2C435\" alt=\"Los da\u00f1os fueron totales en el segundo piso, donde junto a la estructura del inmueble tambi\u00e9n fueron destruidos numerosos trabajos, insumos y m\u00e1quinas para desarrollar su labor.\" width=\"579\" height=\"435\" srcset=\"https:\/\/i0.wp.com\/eltrabajo.cl\/portal\/wp-content\/uploads\/2019\/11\/Timbres-da%C3%B1os.jpg?w=579&amp;ssl=1 579w, https:\/\/i0.wp.com\/eltrabajo.cl\/portal\/wp-content\/uploads\/2019\/11\/Timbres-da%C3%B1os.jpg?resize=300%2C225&amp;ssl=1 300w, https:\/\/i0.wp.com\/eltrabajo.cl\/portal\/wp-content\/uploads\/2019\/11\/Timbres-da%C3%B1os.jpg?resize=200%2C150&amp;ssl=1 200w, https:\/\/i0.wp.com\/eltrabajo.cl\/portal\/wp-content\/uploads\/2019\/11\/Timbres-da%C3%B1os.jpg?resize=400%2C301&amp;ssl=1 400w\" sizes=\"auto, (max-width: 579px) 100vw, 579px\" \/><figcaption id=\"caption-attachment-95558\" class=\"wp-caption-text\">Los da\u00f1os fueron totales en el segundo piso, donde junto a la estructura del inmueble tambi\u00e9n fueron destruidos numerosos trabajos, insumos y m\u00e1quinas para desarrollar su labor.<\/figcaption><\/figure>\n","protected":false},"excerpt":{"rendered":"<p>Due\u00f1a de f\u00e1brica de timbres de gomas y galvanos dorm\u00eda cuando se inici\u00f3 el fuego en el segundo piso, no teniendo claro hasta el momento qu\u00e9 pudo haber pasado. \u00a0 Han pasado&#8230;<\/p>\n","protected":false},"author":482,"featured_media":95557,"comment_status":"open","ping_status":"open","sticky":false,"template":"","format":"standard","meta":{"advanced_seo_description":"","jetpack_seo_html_title":"","jetpack_seo_noindex":false,"_jetpack_memberships_contains_paid_content":false,"footnotes":""},"categories":[15],"tags":[],"class_list":["post-95556","post","type-post","status-publish","format-standard","has-post-thumbnail","hentry","category-comunidad"],"jetpack_featured_media_url":"https:\/\/i0.wp.com\/eltrabajo.cl\/portal\/wp-content\/uploads\/2019\/11\/Timbres-Margarita-Delgadillo-.jpg?fit=580%2C360&ssl=1","jetpack_sharing_enabled":true,"jetpack_likes_enabled":true,"jetpack-related-posts":[],"_links":{"self":[{"href":"https:\/\/eltrabajo.cl\/portal\/wp-json\/wp\/v2\/posts\/95556","targetHints":{"allow":["GET"]}}],"collection":[{"href":"https:\/\/eltrabajo.cl\/portal\/wp-json\/wp\/v2\/posts"}],"about":[{"href":"https:\/\/eltrabajo.cl\/portal\/wp-json\/wp\/v2\/types\/post"}],"author":[{"embeddable":true,"href":"https:\/\/eltrabajo.cl\/portal\/wp-json\/wp\/v2\/users\/482"}],"replies":[{"embeddable":true,"href":"https:\/\/eltrabajo.cl\/portal\/wp-json\/wp\/v2\/comments?post=95556"}],"version-history":[{"count":0,"href":"https:\/\/eltrabajo.cl\/portal\/wp-json\/wp\/v2\/posts\/95556\/revisions"}],"wp:featuredmedia":[{"embeddable":true,"href":"https:\/\/eltrabajo.cl\/portal\/wp-json\/wp\/v2\/media\/95557"}],"wp:attachment":[{"href":"https:\/\/eltrabajo.cl\/portal\/wp-json\/wp\/v2\/media?parent=95556"}],"wp:term":[{"taxonomy":"category","embeddable":true,"href":"https:\/\/eltrabajo.cl\/portal\/wp-json\/wp\/v2\/categories?post=95556"},{"taxonomy":"post_tag","embeddable":true,"href":"https:\/\/eltrabajo.cl\/portal\/wp-json\/wp\/v2\/tags?post=95556"}],"curies":[{"name":"wp","href":"https:\/\/api.w.org\/{rel}","templated":true}]}}