{"id":95561,"date":"2019-11-21T05:06:46","date_gmt":"2019-11-21T08:06:46","guid":{"rendered":"http:\/\/www.eltrabajo.cl\/portal\/?p=95561"},"modified":"2019-11-21T21:32:59","modified_gmt":"2019-11-22T00:32:59","slug":"decenas-de-estafados-reclaman-justicia-al-obispado-por-estafa-con-sepulturas","status":"publish","type":"post","link":"https:\/\/eltrabajo.cl\/portal\/decenas-de-estafados-reclaman-justicia-al-obispado-por-estafa-con-sepulturas\/","title":{"rendered":"Decenas de estafados reclaman justicia al Obispado por estafa con sepulturas"},"content":{"rendered":"<p><span style=\"color: #ff0000;\"><strong>M\u00e1s de $10 millones cobr\u00f3 con enga\u00f1os una funcionaria:<\/strong><\/span><\/p>\n<p><strong>CATEMU<\/strong>.- Se imaginan el tener que enfrentar el doloroso trance de perder a nuestra madre, buscar fuerzas de donde puedas para atender la contingencia familiar de despedir a la mujer que nos dio la vida, vestirla, asear su cuerpo y sentir cada segundo una eternidad porque sabes que perdiste lo m\u00e1s sagrado de ti. Y ahora nos resultar\u00eda m\u00e1s que intolerable el enterarte cuando se llega a la oficina del Cementerio Parroquial a validar la sepultura para ella, y que te digan que no tienes ese derecho, pese a que pagaste m\u00e1s de medio mill\u00f3n de pesos.<\/p>\n<p>&nbsp;<\/p>\n<p><span style=\"color: #ff0000;\"><strong>MACABRA CODICIA<\/strong><\/span><\/p>\n<p>Pues no imaginemos tan lejana esta situaci\u00f3n. Este macabro escenario es el que han vivido y est\u00e1n por vivir muchas familias en Catemu, luego que la administradora del Cementerio Parroquial de Catemu, <strong>Anita Araya<\/strong>, no da cuenta de los muchos millones de pesos de clientes que con el paso de los a\u00f1os fueron pagando cuota a cuota su nicho familiar o sepulturas comunes.<\/p>\n<p>Nuestra investigaci\u00f3n nos llev\u00f3 a contactarnos con varias personas afectadas por esta funcionaria del Obispado, entre ellas <strong>Mar\u00eda P\u00e9rez Tapia<\/strong>, quien hace menos de un mes vivi\u00f3 estas amargas experiencias, la de perder para siempre a su amada madre, y la de encontrarse con que la hab\u00edan estafado a ella y a su esposo: <em>\u00abMi madre <strong>Teresa Gladis Tapia Salas<\/strong> muri\u00f3 el d\u00eda 23 de octubre, el d\u00eda 24 vinimos a coordinar la Misa con el Padre y pasamos luego a la secretar\u00eda parroquial a pagar el derecho de sepultura de mi madre, que nos cobran $35.000, y cuando la se\u00f1orita comenz\u00f3 a revisar nos dice que mi mam\u00e1 no tiene nicho y ni mi pap\u00e1 tampoco, y ya hab\u00edamos pagado 520.000 pesos, entonces se nos dice que no tenemos derecho a sepultura porque no hab\u00eda registro, pero que nos iban a prestar un nicho, por lo que ahora mi mam\u00e1 descansa en un nicho prestado<\/em>\u00bb, nos relat\u00f3 esta vecina de Catemu.<\/p>\n<p>&nbsp;<\/p>\n<p><span style=\"color: #ff0000;\"><strong>BEB\u00c9 SIN TUMBA<\/strong><\/span><\/p>\n<p>Nuestro medio tambi\u00e9n se contact\u00f3 con otra vecina afectada, en este caso con la joven <strong>Yuyunis Olmos Flores<\/strong>, una de las afectadas: <em>\u00abYo la sepultura la compr\u00e9 en abril de 2018, lo que pas\u00f3 fue que la termin\u00e9 de pagar en cuotas y cuando termin\u00e9 vine con los recibos para que me hicieran el t\u00edtulo de la sepultura, pero la se\u00f1orita Anita Araya siempre me colocaba problemas porque era una sepultura de beb\u00e9 que hab\u00edan quitado; siempre me dec\u00eda ya que me esperara, que iba a llamar al encargado del cementerio para ver el n\u00famero de sepultura, lo cierto es que siempre me coloc\u00f3 alg\u00fan pretexto para no darme mi sepultura. Me dijo hace como dos meses que viniera en noviembre para ya asignarme el n\u00famero de sepultura, y resulta que me informan hoy lo que est\u00e1 pasando, que no sale mi hijo registrado como sepultado en ese cementerio. Su cuerpo est\u00e1 ah\u00ed con su cruz y su nombre, pero aparece otra persona como due\u00f1o de la sepultura, el due\u00f1o anterior, se supone que ese due\u00f1o anterior tampoco sabe nada, la \u00fanica soluci\u00f3n que me ofrecen ac\u00e1 es que el Obispado de San Felipe me dar\u00e1 una soluci\u00f3n<\/em>\u00bb, coment\u00f3 Yuyunis.<\/p>\n<p>&nbsp;<\/p>\n<p><span style=\"color: #ff0000;\"><strong>M\u00c1S DE 15 CASOS<\/strong><\/span><\/p>\n<p>As\u00ed, en <strong>Diario El Trabajo<\/strong> empezamos a formular preguntas, esta investigaci\u00f3n nos llev\u00f3 hasta la misma oficina del Cementerio Parroquial donde labora Ana Araya, quien se encuentra con licencia m\u00e9dica por \u2018Estr\u00e9s laboral\u2019, se nos inform\u00f3. A\u00fan as\u00ed amablemente fuimos atendidos por <strong>Fabiola Ledesma<\/strong>, administradora interina del Cementerio Parroquial de Catemu: <em>\u00abAl principio cuando me ofrecieron este trabajo, jam\u00e1s pens\u00e9 en el tremendo problema que se gener\u00f3 ac\u00e1 en el cementerio, porque empezaron a llegar con sus reclamos las personas, los due\u00f1os de nichos y sepulturas. Entiendo que estas personas son gente sacrificada y personas de esfuerzo, que en verdad me apena y me pongo en el lugar de ellas por la forma en que fueron enga\u00f1adas<\/em>\u00bb, coment\u00f3 Ledesma.<\/p>\n<p>&#8211; <strong>\u00bfUsted conoce a la anterior funcionaria en este puesto?<\/strong><\/p>\n<p>&#8211; Yo no conozco a la persona que estuvo antes ac\u00e1, no la ubico, no s\u00e9 qui\u00e9n es y no s\u00e9 la verdad por qu\u00e9 lo hizo, por lo que ac\u00e1 yo estoy tratando de solucionar en lo m\u00e1s que pueda a las personas afectadas.<\/p>\n<p>&#8211; <strong>\u00bfUstedes est\u00e1n validando los comprobantes y recibos que Ana Araya extendi\u00f3 a estas personas?<\/strong><\/p>\n<p>&#8211; S\u00ed. Ac\u00e1 nosotros estamos haciendo v\u00e1lidos los comprobantes que son falsos, el Obispado se est\u00e1 haciendo cargo de estos comprobantes y les estamos dando soluci\u00f3n a los vecinos en todo lo que corresponda.<\/p>\n<p>&#8211; <strong>\u00bfPor qu\u00e9 dice usted que son comprobantes falsos si fueron entregados por una funcionaria del Obispado en las oficinas de la instituci\u00f3n?<\/strong><\/p>\n<p>&#8211; Digo que son falsos porque por ejemplo: Nuestro calendario original vamos en el N\u00ba 4240 por as\u00ed decirlo, mientras que me llegan recibos con n\u00fameros de talonario N\u00ba 5380, que para poder yo llegar a ese n\u00famero creo que llego quiz\u00e1s entre marzo y abril del pr\u00f3ximo a\u00f1o.<\/p>\n<p>&#8211; <strong>\u00bfHasta el d\u00eda de hoy cu\u00e1ntos casos se han descubierto con esta modalidad en relaci\u00f3n a esta funcionaria?<\/strong><\/p>\n<p>&#8211; Hasta ahora vamos ya por m\u00e1s de 15 casos, algunos vales son de $500.000, $600.000 y de hasta un mill\u00f3n de pesos cada uno, f\u00e1cilmente aqu\u00ed estamos hablando que el monto anda entre los 8 y 10 millones de pesos, no he hecho las cuentas completas ni soy contadora.<\/p>\n<p>&#8211; <strong>\u00bfSabe usted si el Obispado de San Felipe ya interpuso alguna denuncia contra Ana Araya por estas irregularidades?<\/strong><\/p>\n<p>&#8211; El Obispado tiene una demanda contra ella, estamos recaudando la mayor cantidad de pruebas posibles y eso se le entrega al abogado del Obispado.<\/p>\n<p>&#8211; <strong>\u00bfQu\u00e9 le puedes decir a los vecinos de Catemu y alrededores que se est\u00e1n viendo afectados por este actuar de la funcionaria?<\/strong><\/p>\n<p>&#8211; La gente debe estar tranquila, yo he hablado con todas las personas que llegan ac\u00e1, que por favor avisen a las dem\u00e1s personas que tengan sepulturas o nichos en el cementerio, que se acerquen a hablar conmigo, pero que vengan con documentos que se les hayan entregado ac\u00e1, independientemente de la fecha en que se extendieran.<\/p>\n<p>&nbsp;<\/p>\n<p><span style=\"color: #ff0000;\"><strong>OBISPADO RESPONDE<\/strong><\/span><\/p>\n<p>Tambi\u00e9n de manera oficial el Obispado confirm\u00f3 esta situaci\u00f3n, explic\u00e1ndonos en un escueto comunicado lo siguiente: <em>\u00abSe informa a la comunidad que a partir de una auditor\u00eda interna que realiz\u00f3 el Obispado al Cementerio Parroquial de Catemu, se detectaron una serie de irregularidades, motivo por lo cual y con los antecedentes reunidos se efectu\u00f3 denuncia ante el Ministerio P\u00fablico de San Felipe y con el objeto que se esclarezcan los hechos denunciados, a quien se le seguir\u00e1n aportando los antecedentes, a objeto que determine la existencia o no de un il\u00edcito. En caso de ser positivo el Obispado tomar\u00e1 las acciones legales pertinentes, con el objeto que se esclarezcan los hechos. El Obispado de San Felipe de Aconcagua reitera su compromiso con la verdad y la Justicia<\/em>\u00bb, dice el documento.<\/p>\n<p><strong>Roberto Gonz\u00e1lez Short<\/strong><br \/>\n<strong>ENVIADO ESPECIAL<\/strong><\/p>\n<p>&nbsp;<\/p>\n<figure id=\"attachment_95562\" aria-describedby=\"caption-attachment-95562\" style=\"width: 580px\" class=\"wp-caption alignnone\"><img data-recalc-dims=\"1\" loading=\"lazy\" decoding=\"async\" class=\"size-full wp-image-95562\" src=\"https:\/\/i0.wp.com\/www.eltrabajo.cl\/portal\/wp-content\/uploads\/2019\/11\/Sepulturas1.jpg?resize=580%2C359\" alt=\"EN NICHO PRESTADO.- Nuestro reportero Roberto Gonz\u00e1lez Short nos muestra el nicho prestado a esta familia catemina para que descalcen los restos de do\u00f1a Teresa Gladis Tapia Salas.\" width=\"580\" height=\"359\" srcset=\"https:\/\/i0.wp.com\/eltrabajo.cl\/portal\/wp-content\/uploads\/2019\/11\/Sepulturas1.jpg?w=580&amp;ssl=1 580w, https:\/\/i0.wp.com\/eltrabajo.cl\/portal\/wp-content\/uploads\/2019\/11\/Sepulturas1.jpg?resize=300%2C186&amp;ssl=1 300w, https:\/\/i0.wp.com\/eltrabajo.cl\/portal\/wp-content\/uploads\/2019\/11\/Sepulturas1.jpg?resize=200%2C124&amp;ssl=1 200w, https:\/\/i0.wp.com\/eltrabajo.cl\/portal\/wp-content\/uploads\/2019\/11\/Sepulturas1.jpg?resize=242%2C150&amp;ssl=1 242w, https:\/\/i0.wp.com\/eltrabajo.cl\/portal\/wp-content\/uploads\/2019\/11\/Sepulturas1.jpg?resize=400%2C248&amp;ssl=1 400w\" sizes=\"auto, (max-width: 580px) 100vw, 580px\" \/><figcaption id=\"caption-attachment-95562\" class=\"wp-caption-text\">EN NICHO PRESTADO.- Nuestro reportero Roberto Gonz\u00e1lez Short nos muestra el nicho prestado a esta familia catemina para que descalcen los restos de do\u00f1a Teresa Gladis Tapia Salas.<\/figcaption><\/figure>\n<p>&nbsp;<\/p>\n<figure id=\"attachment_95563\" aria-describedby=\"caption-attachment-95563\" style=\"width: 578px\" class=\"wp-caption alignnone\"><img data-recalc-dims=\"1\" loading=\"lazy\" decoding=\"async\" class=\"size-full wp-image-95563\" src=\"https:\/\/i0.wp.com\/www.eltrabajo.cl\/portal\/wp-content\/uploads\/2019\/11\/Sepulturas2.jpg?resize=578%2C441\" alt=\"CON EL DOLOR AJENO.- A este vecino, Carlos Morales Araya, le recibieron s\u00f3lo en esta oportunidad la suma de un mill\u00f3n de pesos, usando para el enga\u00f1o talonario falso pero con timbres del Obispado.\" width=\"578\" height=\"441\" srcset=\"https:\/\/i0.wp.com\/eltrabajo.cl\/portal\/wp-content\/uploads\/2019\/11\/Sepulturas2.jpg?w=578&amp;ssl=1 578w, https:\/\/i0.wp.com\/eltrabajo.cl\/portal\/wp-content\/uploads\/2019\/11\/Sepulturas2.jpg?resize=300%2C229&amp;ssl=1 300w, https:\/\/i0.wp.com\/eltrabajo.cl\/portal\/wp-content\/uploads\/2019\/11\/Sepulturas2.jpg?resize=197%2C150&amp;ssl=1 197w, https:\/\/i0.wp.com\/eltrabajo.cl\/portal\/wp-content\/uploads\/2019\/11\/Sepulturas2.jpg?resize=400%2C305&amp;ssl=1 400w\" sizes=\"auto, (max-width: 578px) 100vw, 578px\" \/><figcaption id=\"caption-attachment-95563\" class=\"wp-caption-text\">CON EL DOLOR AJENO.- A este vecino, Carlos Morales Araya, le recibieron s\u00f3lo en esta oportunidad la suma de un mill\u00f3n de pesos, usando para el enga\u00f1o talonario falso pero con timbres del Obispado.<\/figcaption><\/figure>\n<p>&nbsp;<\/p>\n<figure id=\"attachment_95564\" aria-describedby=\"caption-attachment-95564\" style=\"width: 579px\" class=\"wp-caption alignnone\"><img data-recalc-dims=\"1\" loading=\"lazy\" decoding=\"async\" class=\"size-full wp-image-95564\" src=\"https:\/\/i0.wp.com\/www.eltrabajo.cl\/portal\/wp-content\/uploads\/2019\/11\/Sepulturas3.jpg?resize=579%2C685\" alt=\"MILLONES PARA GASTAR.- Todos los d\u00edas aparecen m\u00e1s casos relacionados con esta funcionaria del Obispado, quien se encuentra \u2018estresada\u2019 y por ello solicit\u00f3 licencia m\u00e9dica.\" width=\"579\" height=\"685\" srcset=\"https:\/\/i0.wp.com\/eltrabajo.cl\/portal\/wp-content\/uploads\/2019\/11\/Sepulturas3.jpg?w=579&amp;ssl=1 579w, https:\/\/i0.wp.com\/eltrabajo.cl\/portal\/wp-content\/uploads\/2019\/11\/Sepulturas3.jpg?resize=254%2C300&amp;ssl=1 254w, https:\/\/i0.wp.com\/eltrabajo.cl\/portal\/wp-content\/uploads\/2019\/11\/Sepulturas3.jpg?resize=127%2C150&amp;ssl=1 127w, https:\/\/i0.wp.com\/eltrabajo.cl\/portal\/wp-content\/uploads\/2019\/11\/Sepulturas3.jpg?resize=400%2C473&amp;ssl=1 400w\" sizes=\"auto, (max-width: 579px) 100vw, 579px\" \/><figcaption id=\"caption-attachment-95564\" class=\"wp-caption-text\">MILLONES PARA GASTAR.- Todos los d\u00edas aparecen m\u00e1s casos relacionados con esta funcionaria del Obispado, quien se encuentra \u2018estresada\u2019 y por ello solicit\u00f3 licencia m\u00e9dica.<\/figcaption><\/figure>\n<p>&nbsp;<\/p>\n<figure id=\"attachment_95565\" aria-describedby=\"caption-attachment-95565\" style=\"width: 579px\" class=\"wp-caption alignnone\"><img data-recalc-dims=\"1\" loading=\"lazy\" decoding=\"async\" class=\"size-full wp-image-95565\" src=\"https:\/\/i0.wp.com\/www.eltrabajo.cl\/portal\/wp-content\/uploads\/2019\/11\/Sepulturas_Fabiola-Ledesma.jpg?resize=579%2C610\" alt=\"Fabiola Ledesma, actual administradora interina del Cementerio Parroquial de Catemu.\" width=\"579\" height=\"610\" srcset=\"https:\/\/i0.wp.com\/eltrabajo.cl\/portal\/wp-content\/uploads\/2019\/11\/Sepulturas_Fabiola-Ledesma.jpg?w=579&amp;ssl=1 579w, https:\/\/i0.wp.com\/eltrabajo.cl\/portal\/wp-content\/uploads\/2019\/11\/Sepulturas_Fabiola-Ledesma.jpg?resize=285%2C300&amp;ssl=1 285w, https:\/\/i0.wp.com\/eltrabajo.cl\/portal\/wp-content\/uploads\/2019\/11\/Sepulturas_Fabiola-Ledesma.jpg?resize=142%2C150&amp;ssl=1 142w, https:\/\/i0.wp.com\/eltrabajo.cl\/portal\/wp-content\/uploads\/2019\/11\/Sepulturas_Fabiola-Ledesma.jpg?resize=400%2C421&amp;ssl=1 400w\" sizes=\"auto, (max-width: 579px) 100vw, 579px\" \/><figcaption id=\"caption-attachment-95565\" class=\"wp-caption-text\">Fabiola Ledesma, actual administradora interina del Cementerio Parroquial de Catemu.<\/figcaption><\/figure>\n<p>&nbsp;<\/p>\n<figure id=\"attachment_95566\" aria-describedby=\"caption-attachment-95566\" style=\"width: 579px\" class=\"wp-caption alignnone\"><img data-recalc-dims=\"1\" loading=\"lazy\" decoding=\"async\" class=\"size-full wp-image-95566\" src=\"https:\/\/i0.wp.com\/www.eltrabajo.cl\/portal\/wp-content\/uploads\/2019\/11\/Sepulturas_Maria-Perez-Tapia.jpg?resize=579%2C595\" alt=\"Mar\u00eda P\u00e9rez Tapia, una de las tantas vecinas que asegura sentirse estafada por la administradora del Cementerio Parroquial de Catemu.\" width=\"579\" height=\"595\" srcset=\"https:\/\/i0.wp.com\/eltrabajo.cl\/portal\/wp-content\/uploads\/2019\/11\/Sepulturas_Maria-Perez-Tapia.jpg?w=579&amp;ssl=1 579w, https:\/\/i0.wp.com\/eltrabajo.cl\/portal\/wp-content\/uploads\/2019\/11\/Sepulturas_Maria-Perez-Tapia.jpg?resize=292%2C300&amp;ssl=1 292w, https:\/\/i0.wp.com\/eltrabajo.cl\/portal\/wp-content\/uploads\/2019\/11\/Sepulturas_Maria-Perez-Tapia.jpg?resize=146%2C150&amp;ssl=1 146w, https:\/\/i0.wp.com\/eltrabajo.cl\/portal\/wp-content\/uploads\/2019\/11\/Sepulturas_Maria-Perez-Tapia.jpg?resize=400%2C411&amp;ssl=1 400w\" sizes=\"auto, (max-width: 579px) 100vw, 579px\" \/><figcaption id=\"caption-attachment-95566\" class=\"wp-caption-text\">Mar\u00eda P\u00e9rez Tapia, una de las tantas vecinas que asegura sentirse estafada por la administradora del Cementerio Parroquial de Catemu.<\/figcaption><\/figure>\n<p>&nbsp;<\/p>\n<figure id=\"attachment_95567\" aria-describedby=\"caption-attachment-95567\" style=\"width: 579px\" class=\"wp-caption alignnone\"><img data-recalc-dims=\"1\" loading=\"lazy\" decoding=\"async\" class=\"size-full wp-image-95567\" src=\"https:\/\/i0.wp.com\/www.eltrabajo.cl\/portal\/wp-content\/uploads\/2019\/11\/Sepulturas_Yuyunis-Olmos-Flores.jpg?resize=579%2C622\" alt=\"Yuyunis Olmos Flores, otra de las v\u00edctimas de este millonario enga\u00f1o.\" width=\"579\" height=\"622\" srcset=\"https:\/\/i0.wp.com\/eltrabajo.cl\/portal\/wp-content\/uploads\/2019\/11\/Sepulturas_Yuyunis-Olmos-Flores.jpg?w=579&amp;ssl=1 579w, https:\/\/i0.wp.com\/eltrabajo.cl\/portal\/wp-content\/uploads\/2019\/11\/Sepulturas_Yuyunis-Olmos-Flores.jpg?resize=279%2C300&amp;ssl=1 279w, https:\/\/i0.wp.com\/eltrabajo.cl\/portal\/wp-content\/uploads\/2019\/11\/Sepulturas_Yuyunis-Olmos-Flores.jpg?resize=140%2C150&amp;ssl=1 140w, https:\/\/i0.wp.com\/eltrabajo.cl\/portal\/wp-content\/uploads\/2019\/11\/Sepulturas_Yuyunis-Olmos-Flores.jpg?resize=400%2C430&amp;ssl=1 400w\" sizes=\"auto, (max-width: 579px) 100vw, 579px\" \/><figcaption id=\"caption-attachment-95567\" class=\"wp-caption-text\">Yuyunis Olmos Flores, otra de las v\u00edctimas de este millonario enga\u00f1o.<\/figcaption><\/figure>\n","protected":false},"excerpt":{"rendered":"<p>M\u00e1s de $10 millones cobr\u00f3 con enga\u00f1os una funcionaria: CATEMU.- Se imaginan el tener que enfrentar el doloroso trance de perder a nuestra madre, buscar fuerzas de donde puedas para atender la&#8230;<\/p>\n","protected":false},"author":482,"featured_media":95562,"comment_status":"open","ping_status":"open","sticky":false,"template":"","format":"standard","meta":{"advanced_seo_description":"","jetpack_seo_html_title":"","jetpack_seo_noindex":false,"_jetpack_memberships_contains_paid_content":false,"footnotes":""},"categories":[15],"tags":[],"class_list":["post-95561","post","type-post","status-publish","format-standard","has-post-thumbnail","hentry","category-comunidad"],"jetpack_featured_media_url":"https:\/\/i0.wp.com\/eltrabajo.cl\/portal\/wp-content\/uploads\/2019\/11\/Sepulturas1.jpg?fit=580%2C359&ssl=1","jetpack_sharing_enabled":true,"jetpack_likes_enabled":true,"jetpack-related-posts":[],"_links":{"self":[{"href":"https:\/\/eltrabajo.cl\/portal\/wp-json\/wp\/v2\/posts\/95561","targetHints":{"allow":["GET"]}}],"collection":[{"href":"https:\/\/eltrabajo.cl\/portal\/wp-json\/wp\/v2\/posts"}],"about":[{"href":"https:\/\/eltrabajo.cl\/portal\/wp-json\/wp\/v2\/types\/post"}],"author":[{"embeddable":true,"href":"https:\/\/eltrabajo.cl\/portal\/wp-json\/wp\/v2\/users\/482"}],"replies":[{"embeddable":true,"href":"https:\/\/eltrabajo.cl\/portal\/wp-json\/wp\/v2\/comments?post=95561"}],"version-history":[{"count":0,"href":"https:\/\/eltrabajo.cl\/portal\/wp-json\/wp\/v2\/posts\/95561\/revisions"}],"wp:featuredmedia":[{"embeddable":true,"href":"https:\/\/eltrabajo.cl\/portal\/wp-json\/wp\/v2\/media\/95562"}],"wp:attachment":[{"href":"https:\/\/eltrabajo.cl\/portal\/wp-json\/wp\/v2\/media?parent=95561"}],"wp:term":[{"taxonomy":"category","embeddable":true,"href":"https:\/\/eltrabajo.cl\/portal\/wp-json\/wp\/v2\/categories?post=95561"},{"taxonomy":"post_tag","embeddable":true,"href":"https:\/\/eltrabajo.cl\/portal\/wp-json\/wp\/v2\/tags?post=95561"}],"curies":[{"name":"wp","href":"https:\/\/api.w.org\/{rel}","templated":true}]}}