{"id":95585,"date":"2019-11-22T05:02:39","date_gmt":"2019-11-22T08:02:39","guid":{"rendered":"http:\/\/www.eltrabajo.cl\/portal\/?p=95585"},"modified":"2019-11-21T21:46:21","modified_gmt":"2019-11-22T00:46:21","slug":"union-san-felipe-jugara-manana-una-verdadera-final-con-santiago-morning","status":"publish","type":"post","link":"https:\/\/eltrabajo.cl\/portal\/union-san-felipe-jugara-manana-una-verdadera-final-con-santiago-morning\/","title":{"rendered":"Uni\u00f3n San Felipe jugar\u00e1 ma\u00f1ana una verdadera final con Santiago Morning"},"content":{"rendered":"<p>De no ocurrir cambios o suspensiones de \u00faltima hora, ma\u00f1ana Uni\u00f3n San Felipe recibir\u00e1 en el estadio Municipal a Santiago Morning, en el que ser\u00e1 uno de los partidos m\u00e1s importante de toda la temporada para el conjunto sanfelipe\u00f1o.<\/p>\n<p>Demas est\u00e1 decir que el cotejo con el equipo microbusero ser\u00e1 una verdadera final para ambos conjuntos, a ra\u00edz que si tanto los aconcag\u00fcinos y capitalinos quieren mantener n\u00edtidas posibilidades de avanzar a la liguilla del ascenso, tendr\u00e1n la obligaci\u00f3n de ganar.<\/p>\n<p>La larga detenci\u00f3n en la que entr\u00f3 el campeonato sin lugar a dudas jug\u00f3 a favor de los dirigidos de <strong>Germ\u00e1n Corengia<\/strong>, porque logr\u00f3 recuperar a jugadores importantes como lo son Gonzalo \u00c1lvarez y Lautaro Palacios, y que otros tan determinantes (Mu\u00f1oz, Cort\u00e9s, Romero) hayan dejado atr\u00e1s molestias f\u00edsicas que los hab\u00edan complicado antes del alto en la que ingres\u00f3 la competencia.<\/p>\n<p>Por su parte Santiago Morning llega complicado a ra\u00edz que no podr\u00e1 contar con Oscar Ortega y Francisco Pi\u00f1a, dos jugadores de clase que perfectamente pudieron haber complicado a los sanfelipe\u00f1os, por lo que su ausencia en el Municipal es una buena noticia para las huestes locales.<\/p>\n<p>La m\u00e1s probable formaci\u00f3n albirroja ser\u00eda con: Jonathan Salvador; Benjam\u00edn Gazzolo, David Fern\u00e1ndez, Sergio Catal\u00e1n; Jeffrey Monroy, Jos\u00e9 Mart\u00ednez, Brian Cort\u00e9s, Enzo Orme\u00f1o, Christian Mu\u00f1oz, Luciano Romero y Miguel Orellana.<\/p>\n<p>Programaci\u00f3n de la fecha (29\u00aa)<\/p>\n<p>S\u00e1bado 23 de noviembre de 2019<\/p>\n<p>11:30 horas: Santiago Wanderers \u2013 \u00d1ublense<\/p>\n<p>17:30 horas: Puerto Montt \u2013 San Luis<\/p>\n<p>17:30 horas: Uni\u00f3n San Felipe \u2013 Santiago Morning<\/p>\n<p>19:00 horas: Santa Cruz \u2013 Deportes Copiap\u00f3<\/p>\n<p>19:30 horas: Barnechea \u2013 Valdivia<\/p>\n<p>Domingo 24 de noviembre<\/p>\n<p>11:00 horas: Melipilla \u2013 Temuco<\/p>\n<p>11:30 horas: Rangers \u2013 Cobreloa<\/p>\n<p>18:00 horas: Magallanes \u2013 Deportes La Serena<\/p>\n<p>&nbsp;<\/p>\n<p><strong>Tabla de Posiciones <\/strong><\/p>\n<p><strong>Lugar Ptos.<\/strong><\/p>\n<p>Santiago Wanderers \u00a0\u00a0\u00a0\u00a0\u00a0\u00a0\u00a0\u00a0 46<\/p>\n<p>La Serena \u00a0\u00a0\u00a0 43<\/p>\n<p>\u00d1ublense \u00a0\u00a0\u00a0\u00a0 42<\/p>\n<p>Barnechea \u00a0\u00a0 40<\/p>\n<p>Cobreloa \u00a0\u00a0\u00a0\u00a0\u00a0 39<\/p>\n<p>Melipilla \u00a0\u00a0\u00a0\u00a0\u00a0\u00a0\u00a0 39<\/p>\n<p><strong>Uni\u00f3n San Felipe \u00a0 39<\/strong><\/p>\n<p>Temuco \u00a0\u00a0\u00a0\u00a0\u00a0\u00a0\u00a0 38<\/p>\n<p>Copiap\u00f3 \u00a0\u00a0\u00a0\u00a0\u00a0\u00a0 38<\/p>\n<p>Puerto Montt \u00a0\u00a0\u00a0\u00a0\u00a0\u00a0\u00a0\u00a0\u00a0\u00a0 37<\/p>\n<p>Santa Cruz \u00a0 37<\/p>\n<p>Santiago Morning \u00a0 34<\/p>\n<p>Rangers \u00a0\u00a0\u00a0\u00a0\u00a0\u00a0 28<\/p>\n<p>San Luis \u00a0\u00a0\u00a0\u00a0\u00a0 27<\/p>\n<p>Magallanes \u00a0 25<\/p>\n<p>Valdivia \u00a0\u00a0\u00a0\u00a0\u00a0\u00a0\u00a0 19<\/p>\n<figure id=\"attachment_95586\" aria-describedby=\"caption-attachment-95586\" style=\"width: 580px\" class=\"wp-caption alignnone\"><img data-recalc-dims=\"1\" loading=\"lazy\" decoding=\"async\" class=\"size-full wp-image-95586\" src=\"https:\/\/i0.wp.com\/www.eltrabajo.cl\/portal\/wp-content\/uploads\/2019\/11\/uni-uni.jpg?resize=580%2C360\" alt=\"Miguel Orellana ser\u00e1 el punta de lanza albirrojo frente a Santiago Morning.\" width=\"580\" height=\"360\" srcset=\"https:\/\/i0.wp.com\/eltrabajo.cl\/portal\/wp-content\/uploads\/2019\/11\/uni-uni.jpg?w=580&amp;ssl=1 580w, https:\/\/i0.wp.com\/eltrabajo.cl\/portal\/wp-content\/uploads\/2019\/11\/uni-uni.jpg?resize=300%2C186&amp;ssl=1 300w, https:\/\/i0.wp.com\/eltrabajo.cl\/portal\/wp-content\/uploads\/2019\/11\/uni-uni.jpg?resize=200%2C124&amp;ssl=1 200w, https:\/\/i0.wp.com\/eltrabajo.cl\/portal\/wp-content\/uploads\/2019\/11\/uni-uni.jpg?resize=242%2C150&amp;ssl=1 242w, https:\/\/i0.wp.com\/eltrabajo.cl\/portal\/wp-content\/uploads\/2019\/11\/uni-uni.jpg?resize=400%2C248&amp;ssl=1 400w\" sizes=\"auto, (max-width: 580px) 100vw, 580px\" \/><figcaption id=\"caption-attachment-95586\" class=\"wp-caption-text\">Miguel Orellana ser\u00e1 el punta de lanza albirrojo frente a Santiago Morning.<\/figcaption><\/figure>\n","protected":false},"excerpt":{"rendered":"<p>De no ocurrir cambios o suspensiones de \u00faltima hora, ma\u00f1ana Uni\u00f3n San Felipe recibir\u00e1 en el estadio Municipal a Santiago Morning, en el que ser\u00e1 uno de los partidos m\u00e1s importante de&#8230;<\/p>\n","protected":false},"author":482,"featured_media":95586,"comment_status":"open","ping_status":"open","sticky":false,"template":"","format":"standard","meta":{"advanced_seo_description":"","jetpack_seo_html_title":"","jetpack_seo_noindex":false,"_jetpack_memberships_contains_paid_content":false,"footnotes":""},"categories":[19],"tags":[],"class_list":["post-95585","post","type-post","status-publish","format-standard","has-post-thumbnail","hentry","category-deportes"],"jetpack_featured_media_url":"https:\/\/i0.wp.com\/eltrabajo.cl\/portal\/wp-content\/uploads\/2019\/11\/uni-uni.jpg?fit=580%2C360&ssl=1","jetpack_sharing_enabled":true,"jetpack_likes_enabled":true,"jetpack-related-posts":[],"_links":{"self":[{"href":"https:\/\/eltrabajo.cl\/portal\/wp-json\/wp\/v2\/posts\/95585","targetHints":{"allow":["GET"]}}],"collection":[{"href":"https:\/\/eltrabajo.cl\/portal\/wp-json\/wp\/v2\/posts"}],"about":[{"href":"https:\/\/eltrabajo.cl\/portal\/wp-json\/wp\/v2\/types\/post"}],"author":[{"embeddable":true,"href":"https:\/\/eltrabajo.cl\/portal\/wp-json\/wp\/v2\/users\/482"}],"replies":[{"embeddable":true,"href":"https:\/\/eltrabajo.cl\/portal\/wp-json\/wp\/v2\/comments?post=95585"}],"version-history":[{"count":0,"href":"https:\/\/eltrabajo.cl\/portal\/wp-json\/wp\/v2\/posts\/95585\/revisions"}],"wp:featuredmedia":[{"embeddable":true,"href":"https:\/\/eltrabajo.cl\/portal\/wp-json\/wp\/v2\/media\/95586"}],"wp:attachment":[{"href":"https:\/\/eltrabajo.cl\/portal\/wp-json\/wp\/v2\/media?parent=95585"}],"wp:term":[{"taxonomy":"category","embeddable":true,"href":"https:\/\/eltrabajo.cl\/portal\/wp-json\/wp\/v2\/categories?post=95585"},{"taxonomy":"post_tag","embeddable":true,"href":"https:\/\/eltrabajo.cl\/portal\/wp-json\/wp\/v2\/tags?post=95585"}],"curies":[{"name":"wp","href":"https:\/\/api.w.org\/{rel}","templated":true}]}}