{"id":95588,"date":"2019-11-22T05:03:26","date_gmt":"2019-11-22T08:03:26","guid":{"rendered":"http:\/\/www.eltrabajo.cl\/portal\/?p=95588"},"modified":"2019-11-21T21:48:21","modified_gmt":"2019-11-22T00:48:21","slug":"comienza-el-torneo-regional-de-futbol-femenino-u17","status":"publish","type":"post","link":"https:\/\/eltrabajo.cl\/portal\/comienza-el-torneo-regional-de-futbol-femenino-u17\/","title":{"rendered":"Comienza el torneo regional de f\u00fatbol femenino U17"},"content":{"rendered":"<p>En un primer momento y debido a la delicada situaci\u00f3n pol\u00edtico social del pa\u00eds, la Asociaci\u00f3n de F\u00fatbol Regional (ARFA Quinta) opt\u00f3 por suspender el torneo regional de f\u00fatbol femenino U17; pero con el correr de los d\u00edas y en vista que la situaci\u00f3n ha tendido a la calma, el ente rector del balompi\u00e9 aficionado de la regi\u00f3n de Valpara\u00edso, decidi\u00f3 que la competencia se va a jugar, aunque modificando las llaves de clasificaci\u00f3n, ya que ahora los enfrentamientos ser\u00e1n zonales para evitar que los equipos deban incurrir en desplazamientos muy largos.<\/p>\n<p>Con esto la programaci\u00f3n y las llaves de la primera fase para las selecciones de la zona quedaron de la siguiente manera:<\/p>\n<p>S\u00e1bado 23 de noviembre:<\/p>\n<p>16:00 horas: Rural Llay Llay \u2013 Putaendo<\/p>\n<p>16:00 horas: Panquehue \u2013 Santa Mar\u00eda<\/p>\n<p>16: 00 horas: San Esteban \u2013 Catemu<\/p>\n<p>16:00 horas: Hijuelas \u2013 Rinconada<\/p>\n<p>16:00 horas: San Felipe \u2013 Los Andes (estadio de Curim\u00f3n)<\/p>\n<p>Domingo 24 de noviembre:<\/p>\n<p>12:00 horas: Llay Llay \u2013 Calle Larga<\/p>\n<figure id=\"attachment_95589\" aria-describedby=\"caption-attachment-95589\" style=\"width: 580px\" class=\"wp-caption alignnone\"><img data-recalc-dims=\"1\" loading=\"lazy\" decoding=\"async\" class=\"size-full wp-image-95589\" src=\"https:\/\/i0.wp.com\/www.eltrabajo.cl\/portal\/wp-content\/uploads\/2019\/11\/mujeres-futbol.jpg?resize=580%2C360\" alt=\"Este fin de semana comenzar\u00e1 a jugarse el torneo regional de mujeres en la serie U17.\" width=\"580\" height=\"360\" srcset=\"https:\/\/i0.wp.com\/eltrabajo.cl\/portal\/wp-content\/uploads\/2019\/11\/mujeres-futbol.jpg?w=580&amp;ssl=1 580w, https:\/\/i0.wp.com\/eltrabajo.cl\/portal\/wp-content\/uploads\/2019\/11\/mujeres-futbol.jpg?resize=300%2C186&amp;ssl=1 300w, https:\/\/i0.wp.com\/eltrabajo.cl\/portal\/wp-content\/uploads\/2019\/11\/mujeres-futbol.jpg?resize=200%2C124&amp;ssl=1 200w, https:\/\/i0.wp.com\/eltrabajo.cl\/portal\/wp-content\/uploads\/2019\/11\/mujeres-futbol.jpg?resize=242%2C150&amp;ssl=1 242w, https:\/\/i0.wp.com\/eltrabajo.cl\/portal\/wp-content\/uploads\/2019\/11\/mujeres-futbol.jpg?resize=400%2C248&amp;ssl=1 400w\" sizes=\"auto, (max-width: 580px) 100vw, 580px\" \/><figcaption id=\"caption-attachment-95589\" class=\"wp-caption-text\">Este fin de semana comenzar\u00e1 a jugarse el torneo regional de mujeres en la serie U17.<\/figcaption><\/figure>\n","protected":false},"excerpt":{"rendered":"<p>En un primer momento y debido a la delicada situaci\u00f3n pol\u00edtico social del pa\u00eds, la Asociaci\u00f3n de F\u00fatbol Regional (ARFA Quinta) opt\u00f3 por suspender el torneo regional de f\u00fatbol femenino U17; pero&#8230;<\/p>\n","protected":false},"author":482,"featured_media":95589,"comment_status":"open","ping_status":"open","sticky":false,"template":"","format":"standard","meta":{"advanced_seo_description":"","jetpack_seo_html_title":"","jetpack_seo_noindex":false,"_jetpack_memberships_contains_paid_content":false,"footnotes":""},"categories":[19],"tags":[],"class_list":["post-95588","post","type-post","status-publish","format-standard","has-post-thumbnail","hentry","category-deportes"],"jetpack_featured_media_url":"https:\/\/i0.wp.com\/eltrabajo.cl\/portal\/wp-content\/uploads\/2019\/11\/mujeres-futbol.jpg?fit=580%2C360&ssl=1","jetpack_sharing_enabled":true,"jetpack_likes_enabled":true,"jetpack-related-posts":[],"_links":{"self":[{"href":"https:\/\/eltrabajo.cl\/portal\/wp-json\/wp\/v2\/posts\/95588","targetHints":{"allow":["GET"]}}],"collection":[{"href":"https:\/\/eltrabajo.cl\/portal\/wp-json\/wp\/v2\/posts"}],"about":[{"href":"https:\/\/eltrabajo.cl\/portal\/wp-json\/wp\/v2\/types\/post"}],"author":[{"embeddable":true,"href":"https:\/\/eltrabajo.cl\/portal\/wp-json\/wp\/v2\/users\/482"}],"replies":[{"embeddable":true,"href":"https:\/\/eltrabajo.cl\/portal\/wp-json\/wp\/v2\/comments?post=95588"}],"version-history":[{"count":0,"href":"https:\/\/eltrabajo.cl\/portal\/wp-json\/wp\/v2\/posts\/95588\/revisions"}],"wp:featuredmedia":[{"embeddable":true,"href":"https:\/\/eltrabajo.cl\/portal\/wp-json\/wp\/v2\/media\/95589"}],"wp:attachment":[{"href":"https:\/\/eltrabajo.cl\/portal\/wp-json\/wp\/v2\/media?parent=95588"}],"wp:term":[{"taxonomy":"category","embeddable":true,"href":"https:\/\/eltrabajo.cl\/portal\/wp-json\/wp\/v2\/categories?post=95588"},{"taxonomy":"post_tag","embeddable":true,"href":"https:\/\/eltrabajo.cl\/portal\/wp-json\/wp\/v2\/tags?post=95588"}],"curies":[{"name":"wp","href":"https:\/\/api.w.org\/{rel}","templated":true}]}}