{"id":95594,"date":"2019-11-22T05:05:24","date_gmt":"2019-11-22T08:05:24","guid":{"rendered":"http:\/\/www.eltrabajo.cl\/portal\/?p=95594"},"modified":"2019-11-21T21:56:28","modified_gmt":"2019-11-22T00:56:28","slug":"postergan-para-el-24-de-enero-preparacion-de-juicio-oral-por-muerte-de-susana-sanhueza","status":"publish","type":"post","link":"https:\/\/eltrabajo.cl\/portal\/postergan-para-el-24-de-enero-preparacion-de-juicio-oral-por-muerte-de-susana-sanhueza\/","title":{"rendered":"Postergan para el 24 de enero preparaci\u00f3n de juicio oral por muerte de Susana Sanhueza"},"content":{"rendered":"<p><span style=\"color: #ff0000;\"><strong>Madre de la v\u00edctima habla con Diario El Trabajo:<\/strong><\/span><\/p>\n<p>Debido a que no pudo llegar el abogado defensor del imputado, por las barricadas, \u00a0se pospuso hasta el d\u00eda 24 de enero la preparaci\u00f3n del juicio oral por la muerte de <strong>Susana Sanhueza<\/strong>, joven que fue encontrada muerta en el archivo municipal de San Felipe ubicado en calle Prat, a un costado del Mercado Municipal.<\/p>\n<p>Seg\u00fan nos coment\u00f3 la familia de la v\u00edctima, en este caso la madre de la v\u00edctima, <strong>Nieves Aravena<\/strong>, \u00a0el abogado Mat\u00edas Mundaca no pudo pasar por las barricadas. Por ese motivo se cambi\u00f3 de fecha. Ahora a seguir esperando.<\/p>\n<p>&#8211; <strong>\u00bfC\u00f3mo es esa espera?<\/strong><\/p>\n<p>&#8211; Ansiosa, aburrida, choreada, porque al final nosotros somos los que perdimos, ellos son los que ganan porque lo tienen vivo, nosotros no la podemos ver, nosotros nada. Fuera que esta cuesti\u00f3n ya terminara, \u00bfme entiende?, a lo que quedara, a lo que venga, que terminara y listo\u2026 chao, porque al final no vamos a sacar nada&#8230; como est\u00e1 la ley ahora.<\/p>\n<p>&#8211; <strong>Cuando pasan estas cosas de inmediato los familiares -y es entendible- piden justicia, pero como dice usted se va a alargando. Ahora, \u00bfcu\u00e1l es la petici\u00f3n que pueden hacer ustedes en ese sentido?<\/strong><\/p>\n<p>&#8211; Que termine y que le den la condena que le van a dar, porque mat\u00f3 a un ser humano y era pa\u2019 m\u00e1s una amiga; imag\u00ednate, yo estoy con mi amigo y me va a matar y vamos a seguir esperando y seguir nada m\u00e1s.<\/p>\n<p>&#8211; <strong>\u00bfAlguna disculpa de la familia o conversaci\u00f3n con ellos?<\/strong><\/p>\n<p>&#8211; No, nosotros esa familia para m\u00ed no existe, \u00bfme entiendes? Nosotros, yo le dije a mi esposo y mi hijo que esa familia no existe para nosotros, con esa familia no tenemos nada que ver.<\/p>\n<p>&#8211; <strong>Pasa el tiempo, \u00bfel dolor sigue?<\/strong><\/p>\n<p>&#8211; Claro que s\u00ed, porque t\u00fa lo recuerdas todo el tiempo, nunca vas a terminar tu duelo, porque cada vez que venimos para ac\u00e1, explicaciones, dicen cosas, no se hace nada, no se ve nada. Nosotros no vemos la justicia, no vemos una condena, un d\u00eda que se termine, nada, as\u00ed es que realmente por eso digo yo, si mi hija ya no va a volver ya, y mi hija, no s\u00e9, un amigo\u2026 es un amigo, un amigo no mata al otro amigo.<\/p>\n<p>Cabe recordar que este hecho ocurri\u00f3 el 7 de marzo de 2017, por el cual se encuentra imputado <strong>Cristian Andr\u00e9s Mu\u00f1oz Mu\u00f1oz<\/strong>.<\/p>\n<figure id=\"attachment_95595\" aria-describedby=\"caption-attachment-95595\" style=\"width: 580px\" class=\"wp-caption alignnone\"><img data-recalc-dims=\"1\" loading=\"lazy\" decoding=\"async\" class=\"size-full wp-image-95595\" src=\"https:\/\/i0.wp.com\/www.eltrabajo.cl\/portal\/wp-content\/uploads\/2019\/11\/padres-susana-sanhueza.jpg?resize=580%2C360\" alt=\"Los padres de Susana Sanhueza a la salida del Tribunal de Garant\u00eda de San Felipe.\" width=\"580\" height=\"360\" srcset=\"https:\/\/i0.wp.com\/eltrabajo.cl\/portal\/wp-content\/uploads\/2019\/11\/padres-susana-sanhueza.jpg?w=580&amp;ssl=1 580w, https:\/\/i0.wp.com\/eltrabajo.cl\/portal\/wp-content\/uploads\/2019\/11\/padres-susana-sanhueza.jpg?resize=300%2C186&amp;ssl=1 300w, https:\/\/i0.wp.com\/eltrabajo.cl\/portal\/wp-content\/uploads\/2019\/11\/padres-susana-sanhueza.jpg?resize=200%2C124&amp;ssl=1 200w, https:\/\/i0.wp.com\/eltrabajo.cl\/portal\/wp-content\/uploads\/2019\/11\/padres-susana-sanhueza.jpg?resize=242%2C150&amp;ssl=1 242w, https:\/\/i0.wp.com\/eltrabajo.cl\/portal\/wp-content\/uploads\/2019\/11\/padres-susana-sanhueza.jpg?resize=400%2C248&amp;ssl=1 400w\" sizes=\"auto, (max-width: 580px) 100vw, 580px\" \/><figcaption id=\"caption-attachment-95595\" class=\"wp-caption-text\">Los padres de Susana Sanhueza a la salida del Tribunal de Garant\u00eda de San Felipe.<\/figcaption><\/figure>\n","protected":false},"excerpt":{"rendered":"<p>Madre de la v\u00edctima habla con Diario El Trabajo: Debido a que no pudo llegar el abogado defensor del imputado, por las barricadas, \u00a0se pospuso hasta el d\u00eda 24 de enero la&#8230;<\/p>\n","protected":false},"author":482,"featured_media":95595,"comment_status":"open","ping_status":"open","sticky":false,"template":"","format":"standard","meta":{"advanced_seo_description":"","jetpack_seo_html_title":"","jetpack_seo_noindex":false,"_jetpack_memberships_contains_paid_content":false,"footnotes":""},"categories":[97],"tags":[],"class_list":["post-95594","post","type-post","status-publish","format-standard","has-post-thumbnail","hentry","category-tribunales"],"jetpack_featured_media_url":"https:\/\/i0.wp.com\/eltrabajo.cl\/portal\/wp-content\/uploads\/2019\/11\/padres-susana-sanhueza.jpg?fit=580%2C360&ssl=1","jetpack_sharing_enabled":true,"jetpack_likes_enabled":true,"jetpack-related-posts":[],"_links":{"self":[{"href":"https:\/\/eltrabajo.cl\/portal\/wp-json\/wp\/v2\/posts\/95594","targetHints":{"allow":["GET"]}}],"collection":[{"href":"https:\/\/eltrabajo.cl\/portal\/wp-json\/wp\/v2\/posts"}],"about":[{"href":"https:\/\/eltrabajo.cl\/portal\/wp-json\/wp\/v2\/types\/post"}],"author":[{"embeddable":true,"href":"https:\/\/eltrabajo.cl\/portal\/wp-json\/wp\/v2\/users\/482"}],"replies":[{"embeddable":true,"href":"https:\/\/eltrabajo.cl\/portal\/wp-json\/wp\/v2\/comments?post=95594"}],"version-history":[{"count":0,"href":"https:\/\/eltrabajo.cl\/portal\/wp-json\/wp\/v2\/posts\/95594\/revisions"}],"wp:featuredmedia":[{"embeddable":true,"href":"https:\/\/eltrabajo.cl\/portal\/wp-json\/wp\/v2\/media\/95595"}],"wp:attachment":[{"href":"https:\/\/eltrabajo.cl\/portal\/wp-json\/wp\/v2\/media?parent=95594"}],"wp:term":[{"taxonomy":"category","embeddable":true,"href":"https:\/\/eltrabajo.cl\/portal\/wp-json\/wp\/v2\/categories?post=95594"},{"taxonomy":"post_tag","embeddable":true,"href":"https:\/\/eltrabajo.cl\/portal\/wp-json\/wp\/v2\/tags?post=95594"}],"curies":[{"name":"wp","href":"https:\/\/api.w.org\/{rel}","templated":true}]}}