{"id":95597,"date":"2019-11-22T05:06:32","date_gmt":"2019-11-22T08:06:32","guid":{"rendered":"http:\/\/www.eltrabajo.cl\/portal\/?p=95597"},"modified":"2019-11-21T21:59:33","modified_gmt":"2019-11-22T00:59:33","slug":"leve-mejoria-presenta-vecino-mordido-por-la-temida-arana-de-rincon","status":"publish","type":"post","link":"https:\/\/eltrabajo.cl\/portal\/leve-mejoria-presenta-vecino-mordido-por-la-temida-arana-de-rincon\/","title":{"rendered":"Leve mejor\u00eda presenta vecino mordido por la temida ara\u00f1a de rinc\u00f3n\u00a0"},"content":{"rendered":"<p><span style=\"color: #ff0000;\"><strong>Familia realizar\u00e1 venta de almuerzos ma\u00f1ana s\u00e1bado 23:<\/strong><\/span><\/p>\n<ul>\n<li><strong>Don Rub\u00e9n Gallardo, de 59 a\u00f1os de edad, fue dado de alta tras permanecer internado en el Hospital San Camilo de San Felipe. D\u00eda por medio est\u00e1 siendo sometido a curaciones, adem\u00e1s de la ingesta de medicamentos para lograr revertir las graves consecuencias de la mordedura del temido ar\u00e1cnido. <\/strong><\/li>\n<\/ul>\n<p>&nbsp;<\/p>\n<p>Una leve mejor\u00eda dentro de su gravedad presenta don <strong>Rub\u00e9n Gallardo Nieto<\/strong>, de 59 a\u00f1os de edad, un temporero agr\u00edcola y padre de familia, luego de sufrir una mordedura de ara\u00f1a de rinc\u00f3n el pasado 2 de noviembre.<\/p>\n<p>Debido a la gravedad de estas lesiones en su brazo, don Rub\u00e9n debi\u00f3 quedar internado en el Hospital San Camilo de San Felipe para ser sometido a un tratamiento m\u00e9dico para lograr revertir las consecuencias de este veneno en la zona afectada.<\/p>\n<p>Hace unos d\u00edas, don Rub\u00e9n fue dado de alta del hospital, manteni\u00e9ndose en reposo en su vivienda ubicada en el sector Los Campos de San Felipe, cercano al cruce Los Villares, debiendo concurrir a curaciones en dicho centro asistencial adem\u00e1s de la ingesta de medicamentos.<\/p>\n<p>La hija de don Rub\u00e9n, <strong>Kiara Gallardo Lazcano<\/strong>, \u00a0inform\u00f3 a <strong>Diario El Trabajo<\/strong> que tras la realizaci\u00f3n de un bingo a beneficio el pasado 9 de noviembre, ma\u00f1ana s\u00e1bado 23 del presente realizar\u00e1n una venta de almuerzos para obtener ingresos econ\u00f3micos para solventar gastos asociados al estado de salud del afectado.<\/p>\n<p>&#8211; <strong>\u00bfCu\u00e1l es el estado de salud de su padre?<\/strong><\/p>\n<p>&#8211; Ha tenido una mejor\u00eda, pero no satisfactoria, una leve mejor\u00eda.<\/p>\n<p>&#8211; <strong>\u00bf\u00c9l fue dado de alta?<\/strong><\/p>\n<p>&#8211; S\u00ed, como una semana m\u00e1s o menos.<\/p>\n<p>&#8211; <strong>\u00bfCu\u00e1l ha sido el reporte m\u00e9dico?<\/strong><\/p>\n<p>&#8211; \u00c9l est\u00e1 con curaciones d\u00eda por medio, el 20 de diciembre tiene control m\u00e9dico.<\/p>\n<p>&#8211; <strong>\u00bf\u00c9l contin\u00faa el tratamiento con medicamentos?<\/strong><\/p>\n<p>&#8211; S\u00ed, con medicamentos y curaciones.<\/p>\n<p>&#8211; <strong>\u00bf\u00c9l ha podido regresar a su trabajo?<\/strong><\/p>\n<p>&#8211; No, nada de eso, no puede trabajar, hacer fuerzas, tiene que vivir su vida casi en una burbuja, por prescripci\u00f3n m\u00e9dica.<\/p>\n<p>&#8211; <strong>\u00bfCon el Bingo pasado lograron reunir fondos para solventar gastos?<\/strong><\/p>\n<p>&#8211; S\u00ed, claro, para pagar el Hospital.<\/p>\n<p>&#8211; <strong>Realizar\u00e1n una venta de almuerzos ahora.<\/strong><\/p>\n<p>&#8211; S\u00ed, este s\u00e1bado 23 de noviembre, el men\u00fa es pollo con arroz m\u00e1s ensaladas por $2.000.<\/p>\n<p>&#8211; <strong>\u00bfD\u00f3nde pueden dirigirse las personas que quieran colaborar?<\/strong><\/p>\n<p>&#8211; En calle Principal sector Los Campos, cercano al Fundo La Pampa en direcci\u00f3n hacia la Hacienda Rinconada.<\/p>\n<p>Los lectores interesados en ayudar a esta familia, pueden comunicarse con Kiara Gallardo al tel\u00e9fono <strong>+56 9 9054 3894.<\/strong><\/p>\n<p><strong>Pablo Salinas Sald\u00edas<\/strong><\/p>\n<figure id=\"attachment_95598\" aria-describedby=\"caption-attachment-95598\" style=\"width: 580px\" class=\"wp-caption alignnone\"><img data-recalc-dims=\"1\" loading=\"lazy\" decoding=\"async\" class=\"size-full wp-image-95598\" src=\"https:\/\/i0.wp.com\/www.eltrabajo.cl\/portal\/wp-content\/uploads\/2019\/11\/MORDEDURA-1.jpg?resize=580%2C598\" alt=\"Los primeros d\u00edas despu\u00e9s de la mordedura de ara\u00f1a de rinc\u00f3n, don Rub\u00e9n luc\u00eda peque\u00f1as marcas en su brazo.\" width=\"580\" height=\"598\" srcset=\"https:\/\/i0.wp.com\/eltrabajo.cl\/portal\/wp-content\/uploads\/2019\/11\/MORDEDURA-1.jpg?w=580&amp;ssl=1 580w, https:\/\/i0.wp.com\/eltrabajo.cl\/portal\/wp-content\/uploads\/2019\/11\/MORDEDURA-1.jpg?resize=291%2C300&amp;ssl=1 291w, https:\/\/i0.wp.com\/eltrabajo.cl\/portal\/wp-content\/uploads\/2019\/11\/MORDEDURA-1.jpg?resize=145%2C150&amp;ssl=1 145w, https:\/\/i0.wp.com\/eltrabajo.cl\/portal\/wp-content\/uploads\/2019\/11\/MORDEDURA-1.jpg?resize=400%2C412&amp;ssl=1 400w\" sizes=\"auto, (max-width: 580px) 100vw, 580px\" \/><figcaption id=\"caption-attachment-95598\" class=\"wp-caption-text\">Los primeros d\u00edas despu\u00e9s de la mordedura de ara\u00f1a de rinc\u00f3n, don Rub\u00e9n luc\u00eda peque\u00f1as marcas en su brazo.<\/figcaption><\/figure>\n<p>&nbsp;<\/p>\n<figure id=\"attachment_95599\" aria-describedby=\"caption-attachment-95599\" style=\"width: 580px\" class=\"wp-caption alignnone\"><img data-recalc-dims=\"1\" loading=\"lazy\" decoding=\"async\" class=\"size-full wp-image-95599\" src=\"https:\/\/i0.wp.com\/www.eltrabajo.cl\/portal\/wp-content\/uploads\/2019\/11\/MORDEDURA-2.jpg?resize=580%2C598\" alt=\"Actualmente el paciente de 59 a\u00f1os de edad se encuentra levemente mejor, aunque la lesi\u00f3n en su brazo ha ido evolucionando.\" width=\"580\" height=\"598\" srcset=\"https:\/\/i0.wp.com\/eltrabajo.cl\/portal\/wp-content\/uploads\/2019\/11\/MORDEDURA-2.jpg?w=580&amp;ssl=1 580w, https:\/\/i0.wp.com\/eltrabajo.cl\/portal\/wp-content\/uploads\/2019\/11\/MORDEDURA-2.jpg?resize=291%2C300&amp;ssl=1 291w, https:\/\/i0.wp.com\/eltrabajo.cl\/portal\/wp-content\/uploads\/2019\/11\/MORDEDURA-2.jpg?resize=145%2C150&amp;ssl=1 145w, https:\/\/i0.wp.com\/eltrabajo.cl\/portal\/wp-content\/uploads\/2019\/11\/MORDEDURA-2.jpg?resize=400%2C412&amp;ssl=1 400w\" sizes=\"auto, (max-width: 580px) 100vw, 580px\" \/><figcaption id=\"caption-attachment-95599\" class=\"wp-caption-text\">Actualmente el paciente de 59 a\u00f1os de edad se encuentra levemente mejor, aunque la lesi\u00f3n en su brazo ha ido evolucionando.<\/figcaption><\/figure>\n","protected":false},"excerpt":{"rendered":"<p>Familia realizar\u00e1 venta de almuerzos ma\u00f1ana s\u00e1bado 23: Don Rub\u00e9n Gallardo, de 59 a\u00f1os de edad, fue dado de alta tras permanecer internado en el Hospital San Camilo de San Felipe. D\u00eda&#8230;<\/p>\n","protected":false},"author":482,"featured_media":95600,"comment_status":"open","ping_status":"open","sticky":false,"template":"","format":"standard","meta":{"advanced_seo_description":"","jetpack_seo_html_title":"","jetpack_seo_noindex":false,"_jetpack_memberships_contains_paid_content":false,"footnotes":""},"categories":[15],"tags":[],"class_list":["post-95597","post","type-post","status-publish","format-standard","has-post-thumbnail","hentry","category-comunidad"],"jetpack_featured_media_url":"https:\/\/i0.wp.com\/eltrabajo.cl\/portal\/wp-content\/uploads\/2019\/11\/MORDEDURAS-1-Y-2.jpg?fit=580%2C359&ssl=1","jetpack_sharing_enabled":true,"jetpack_likes_enabled":true,"jetpack-related-posts":[],"_links":{"self":[{"href":"https:\/\/eltrabajo.cl\/portal\/wp-json\/wp\/v2\/posts\/95597","targetHints":{"allow":["GET"]}}],"collection":[{"href":"https:\/\/eltrabajo.cl\/portal\/wp-json\/wp\/v2\/posts"}],"about":[{"href":"https:\/\/eltrabajo.cl\/portal\/wp-json\/wp\/v2\/types\/post"}],"author":[{"embeddable":true,"href":"https:\/\/eltrabajo.cl\/portal\/wp-json\/wp\/v2\/users\/482"}],"replies":[{"embeddable":true,"href":"https:\/\/eltrabajo.cl\/portal\/wp-json\/wp\/v2\/comments?post=95597"}],"version-history":[{"count":0,"href":"https:\/\/eltrabajo.cl\/portal\/wp-json\/wp\/v2\/posts\/95597\/revisions"}],"wp:featuredmedia":[{"embeddable":true,"href":"https:\/\/eltrabajo.cl\/portal\/wp-json\/wp\/v2\/media\/95600"}],"wp:attachment":[{"href":"https:\/\/eltrabajo.cl\/portal\/wp-json\/wp\/v2\/media?parent=95597"}],"wp:term":[{"taxonomy":"category","embeddable":true,"href":"https:\/\/eltrabajo.cl\/portal\/wp-json\/wp\/v2\/categories?post=95597"},{"taxonomy":"post_tag","embeddable":true,"href":"https:\/\/eltrabajo.cl\/portal\/wp-json\/wp\/v2\/tags?post=95597"}],"curies":[{"name":"wp","href":"https:\/\/api.w.org\/{rel}","templated":true}]}}