{"id":95602,"date":"2019-11-22T05:07:37","date_gmt":"2019-11-22T08:07:37","guid":{"rendered":"http:\/\/www.eltrabajo.cl\/portal\/?p=95602"},"modified":"2019-11-21T22:01:20","modified_gmt":"2019-11-22T01:01:20","slug":"aplican-medida-de-seguridad-de-10-anos-y-un-dia-a-enajenado-mental-por-abusos-sexuales-a-dos-ninos","status":"publish","type":"post","link":"https:\/\/eltrabajo.cl\/portal\/aplican-medida-de-seguridad-de-10-anos-y-un-dia-a-enajenado-mental-por-abusos-sexuales-a-dos-ninos\/","title":{"rendered":"Aplican medida de seguridad de 10 a\u00f1os y un d\u00eda a enajenado mental por abusos sexuales a dos ni\u00f1os"},"content":{"rendered":"<p><span style=\"color: #ff0000;\"><strong> Casos ocurrieron en la comuna de Llay Llay:<\/strong><\/span><\/p>\n<ul>\n<li><strong>Tribunal Oral en Lo Penal de San Felipe orden\u00f3 que el acusado permaneciera internado en el Hospital Psiqui\u00e1trico Philippe Pinel de Putaendo.<\/strong><\/li>\n<\/ul>\n<p>&nbsp;<\/p>\n<p>Una medida de seguridad de 10 a\u00f1os y un d\u00eda resolvi\u00f3 aplicar el Tribunal Oral en Lo Penal en contra de un enajenado mental por abusos sexuales contra un ni\u00f1o y una ni\u00f1a de 5 y 8 a\u00f1os de edad en la comuna de Llay Llay.<\/p>\n<p>Como se recordar\u00e1, los hechos de la acusaci\u00f3n de la Fiscal\u00eda sostienen que durante el transcurso del a\u00f1o 2017, al interior de un domicilio en Llay Llay, el acusado habr\u00eda efectuado tocaciones en las partes \u00edntimas de una ni\u00f1a de 8 a\u00f1os de edad en tres episodios.<\/p>\n<p>Adem\u00e1s el 19 de octubre de 2018, el acusado habr\u00eda abordado a un ni\u00f1o de 5 a\u00f1os de edad para abusar de \u00e9l sexualmente.<\/p>\n<p>Para la Fiscal\u00eda estos cuatro episodios constituyeron delitos consumados de abuso sexual de menor de 14 a\u00f1os, sancionado en el C\u00f3digo Penal, persigui\u00e9ndose una medida de internaci\u00f3n en un centro psiqui\u00e1trico por un periodo de 10 a\u00f1os y un d\u00eda.<\/p>\n<p>El Fiscal Alejandro Bustos Ibarra precis\u00f3 a <strong>Diario El Trabajo<\/strong> que el acusado deber\u00e1 permanecer internado en el Hospital Psiqui\u00e1trico Philippe Pinel de Putaendo para dar cumplimiento a dicha medida de internaci\u00f3n impuesta por los jueces del Tribunal Oral en Lo Penal de San Felipe.<\/p>\n<p><strong>Pablo Salinas Sald\u00edas<\/strong><\/p>\n<figure id=\"attachment_95603\" aria-describedby=\"caption-attachment-95603\" style=\"width: 577px\" class=\"wp-caption alignnone\"><img data-recalc-dims=\"1\" loading=\"lazy\" decoding=\"async\" class=\"size-full wp-image-95603\" src=\"https:\/\/i0.wp.com\/www.eltrabajo.cl\/portal\/wp-content\/uploads\/2019\/11\/NI%C3%91O-ABUSADO1.jpg?resize=577%2C360\" alt=\"Los ni\u00f1os fueron v\u00edctimas de abusos sexuales en la comuna de Llay Llay. (Fotograf\u00eda referencial).\" width=\"577\" height=\"360\" srcset=\"https:\/\/i0.wp.com\/eltrabajo.cl\/portal\/wp-content\/uploads\/2019\/11\/NI%C3%91O-ABUSADO1.jpg?w=577&amp;ssl=1 577w, https:\/\/i0.wp.com\/eltrabajo.cl\/portal\/wp-content\/uploads\/2019\/11\/NI%C3%91O-ABUSADO1.jpg?resize=300%2C187&amp;ssl=1 300w, https:\/\/i0.wp.com\/eltrabajo.cl\/portal\/wp-content\/uploads\/2019\/11\/NI%C3%91O-ABUSADO1.jpg?resize=200%2C125&amp;ssl=1 200w, https:\/\/i0.wp.com\/eltrabajo.cl\/portal\/wp-content\/uploads\/2019\/11\/NI%C3%91O-ABUSADO1.jpg?resize=240%2C150&amp;ssl=1 240w, https:\/\/i0.wp.com\/eltrabajo.cl\/portal\/wp-content\/uploads\/2019\/11\/NI%C3%91O-ABUSADO1.jpg?resize=400%2C250&amp;ssl=1 400w\" sizes=\"auto, (max-width: 577px) 100vw, 577px\" \/><figcaption id=\"caption-attachment-95603\" class=\"wp-caption-text\">Los ni\u00f1os fueron v\u00edctimas de abusos sexuales en la comuna de Llay Llay. (Fotograf\u00eda referencial).<\/figcaption><\/figure>\n","protected":false},"excerpt":{"rendered":"<p>Casos ocurrieron en la comuna de Llay Llay: Tribunal Oral en Lo Penal de San Felipe orden\u00f3 que el acusado permaneciera internado en el Hospital Psiqui\u00e1trico Philippe Pinel de Putaendo. &nbsp; Una&#8230;<\/p>\n","protected":false},"author":482,"featured_media":95603,"comment_status":"open","ping_status":"open","sticky":false,"template":"","format":"standard","meta":{"advanced_seo_description":"","jetpack_seo_html_title":"","jetpack_seo_noindex":false,"_jetpack_memberships_contains_paid_content":false,"footnotes":""},"categories":[97],"tags":[],"class_list":["post-95602","post","type-post","status-publish","format-standard","has-post-thumbnail","hentry","category-tribunales"],"jetpack_featured_media_url":"https:\/\/i0.wp.com\/eltrabajo.cl\/portal\/wp-content\/uploads\/2019\/11\/NI%C3%91O-ABUSADO1.jpg?fit=577%2C360&ssl=1","jetpack_sharing_enabled":true,"jetpack_likes_enabled":true,"jetpack-related-posts":[],"_links":{"self":[{"href":"https:\/\/eltrabajo.cl\/portal\/wp-json\/wp\/v2\/posts\/95602","targetHints":{"allow":["GET"]}}],"collection":[{"href":"https:\/\/eltrabajo.cl\/portal\/wp-json\/wp\/v2\/posts"}],"about":[{"href":"https:\/\/eltrabajo.cl\/portal\/wp-json\/wp\/v2\/types\/post"}],"author":[{"embeddable":true,"href":"https:\/\/eltrabajo.cl\/portal\/wp-json\/wp\/v2\/users\/482"}],"replies":[{"embeddable":true,"href":"https:\/\/eltrabajo.cl\/portal\/wp-json\/wp\/v2\/comments?post=95602"}],"version-history":[{"count":0,"href":"https:\/\/eltrabajo.cl\/portal\/wp-json\/wp\/v2\/posts\/95602\/revisions"}],"wp:featuredmedia":[{"embeddable":true,"href":"https:\/\/eltrabajo.cl\/portal\/wp-json\/wp\/v2\/media\/95603"}],"wp:attachment":[{"href":"https:\/\/eltrabajo.cl\/portal\/wp-json\/wp\/v2\/media?parent=95602"}],"wp:term":[{"taxonomy":"category","embeddable":true,"href":"https:\/\/eltrabajo.cl\/portal\/wp-json\/wp\/v2\/categories?post=95602"},{"taxonomy":"post_tag","embeddable":true,"href":"https:\/\/eltrabajo.cl\/portal\/wp-json\/wp\/v2\/tags?post=95602"}],"curies":[{"name":"wp","href":"https:\/\/api.w.org\/{rel}","templated":true}]}}