{"id":95605,"date":"2019-11-25T05:01:54","date_gmt":"2019-11-25T08:01:54","guid":{"rendered":"http:\/\/www.eltrabajo.cl\/portal\/?p=95605"},"modified":"2019-11-24T20:53:48","modified_gmt":"2019-11-24T23:53:48","slug":"pesar-por-fallecimiento-de-comunicador-hugo-marcelo-neira","status":"publish","type":"post","link":"https:\/\/eltrabajo.cl\/portal\/pesar-por-fallecimiento-de-comunicador-hugo-marcelo-neira\/","title":{"rendered":"Pesar por fallecimiento de comunicador Hugo Marcelo Neira"},"content":{"rendered":"<p><span style=\"color: #ff0000;\"><strong>Sus funerales se efectuaron este s\u00e1bado:<\/strong><\/span><\/p>\n<ul>\n<li><strong>Creador de Canal CLL en Llay Llay, reporteeo y fot\u00f3grafo, fueron parte de sus destacadas labores en el Valle de Aconcagua.<\/strong><\/li>\n<\/ul>\n<p>&nbsp;<\/p>\n<p>Profundo pesar en el seno familiar y en la prensa local origin\u00f3 el fallecimiento del comunicador catemino <strong><em>Hugo Marcelo Neira Marchant<\/em><\/strong>, este jueves 21 de noviembre tras permanecer internado en el Hospital San Camilo de San Felipe a consecuencia de un segundo accidente cerebro vascular.<\/p>\n<p>Neira fue fundador del Canal CLL en la comuna de Llay Llay y colaborador de la p\u00e1gina informativa Aqu\u00ed Catemu, desplegando su labor por muchos a\u00f1os en la prensa local como reportero, destacando su pasi\u00f3n por la fotograf\u00eda y en sus funciones en el Ministerio de Miner\u00eda, Servicio Salud Aconcagua y Municipalidad de Calle Larga.<\/p>\n<p>Sus familiares informaron de su deceso a trav\u00e9s de redes sociales invitando a la comunidad a rendir el \u00faltimo adi\u00f3s a este valiente luchador, quien pese a todos sus esfuerzos no pudo doblarle la mano al destino por su estado de salud, someti\u00e9ndose a diversas rehabilitaciones.<\/p>\n<p>Este s\u00e1bado 23 de noviembre, Hugo Marcelo fue despedido tras una Misa efectuada en la Parroquia San Ignacio de Loyola en la comuna de Llay Llay, para luego dar paso a sus funerales para su eterno descanso.<\/p>\n<p><strong>Pablo Salinas Sald\u00edas<\/strong><\/p>\n<figure id=\"attachment_95606\" aria-describedby=\"caption-attachment-95606\" style=\"width: 580px\" class=\"wp-caption alignnone\"><img data-recalc-dims=\"1\" loading=\"lazy\" decoding=\"async\" class=\"size-full wp-image-95606\" src=\"https:\/\/i0.wp.com\/www.eltrabajo.cl\/portal\/wp-content\/uploads\/2019\/11\/hugo-marcelo-neira.jpg?resize=580%2C359\" alt=\"Hugo Marcelo Neira Marchant falleci\u00f3 este jueves en el Hospital San Camilo de San Felipe.   \" width=\"580\" height=\"359\" srcset=\"https:\/\/i0.wp.com\/eltrabajo.cl\/portal\/wp-content\/uploads\/2019\/11\/hugo-marcelo-neira.jpg?w=580&amp;ssl=1 580w, https:\/\/i0.wp.com\/eltrabajo.cl\/portal\/wp-content\/uploads\/2019\/11\/hugo-marcelo-neira.jpg?resize=300%2C186&amp;ssl=1 300w, https:\/\/i0.wp.com\/eltrabajo.cl\/portal\/wp-content\/uploads\/2019\/11\/hugo-marcelo-neira.jpg?resize=200%2C124&amp;ssl=1 200w, https:\/\/i0.wp.com\/eltrabajo.cl\/portal\/wp-content\/uploads\/2019\/11\/hugo-marcelo-neira.jpg?resize=242%2C150&amp;ssl=1 242w, https:\/\/i0.wp.com\/eltrabajo.cl\/portal\/wp-content\/uploads\/2019\/11\/hugo-marcelo-neira.jpg?resize=400%2C248&amp;ssl=1 400w\" sizes=\"auto, (max-width: 580px) 100vw, 580px\" \/><figcaption id=\"caption-attachment-95606\" class=\"wp-caption-text\">Hugo Marcelo Neira Marchant falleci\u00f3 este jueves en el Hospital San Camilo de San Felipe.<\/figcaption><\/figure>\n","protected":false},"excerpt":{"rendered":"<p>Sus funerales se efectuaron este s\u00e1bado: Creador de Canal CLL en Llay Llay, reporteeo y fot\u00f3grafo, fueron parte de sus destacadas labores en el Valle de Aconcagua. &nbsp; Profundo pesar en el&#8230;<\/p>\n","protected":false},"author":482,"featured_media":95606,"comment_status":"open","ping_status":"open","sticky":false,"template":"","format":"standard","meta":{"advanced_seo_description":"","jetpack_seo_html_title":"","jetpack_seo_noindex":false,"_jetpack_memberships_contains_paid_content":false,"footnotes":""},"categories":[15],"tags":[],"class_list":["post-95605","post","type-post","status-publish","format-standard","has-post-thumbnail","hentry","category-comunidad"],"jetpack_featured_media_url":"https:\/\/i0.wp.com\/eltrabajo.cl\/portal\/wp-content\/uploads\/2019\/11\/hugo-marcelo-neira.jpg?fit=580%2C359&ssl=1","jetpack_sharing_enabled":true,"jetpack_likes_enabled":true,"jetpack-related-posts":[],"_links":{"self":[{"href":"https:\/\/eltrabajo.cl\/portal\/wp-json\/wp\/v2\/posts\/95605","targetHints":{"allow":["GET"]}}],"collection":[{"href":"https:\/\/eltrabajo.cl\/portal\/wp-json\/wp\/v2\/posts"}],"about":[{"href":"https:\/\/eltrabajo.cl\/portal\/wp-json\/wp\/v2\/types\/post"}],"author":[{"embeddable":true,"href":"https:\/\/eltrabajo.cl\/portal\/wp-json\/wp\/v2\/users\/482"}],"replies":[{"embeddable":true,"href":"https:\/\/eltrabajo.cl\/portal\/wp-json\/wp\/v2\/comments?post=95605"}],"version-history":[{"count":0,"href":"https:\/\/eltrabajo.cl\/portal\/wp-json\/wp\/v2\/posts\/95605\/revisions"}],"wp:featuredmedia":[{"embeddable":true,"href":"https:\/\/eltrabajo.cl\/portal\/wp-json\/wp\/v2\/media\/95606"}],"wp:attachment":[{"href":"https:\/\/eltrabajo.cl\/portal\/wp-json\/wp\/v2\/media?parent=95605"}],"wp:term":[{"taxonomy":"category","embeddable":true,"href":"https:\/\/eltrabajo.cl\/portal\/wp-json\/wp\/v2\/categories?post=95605"},{"taxonomy":"post_tag","embeddable":true,"href":"https:\/\/eltrabajo.cl\/portal\/wp-json\/wp\/v2\/tags?post=95605"}],"curies":[{"name":"wp","href":"https:\/\/api.w.org\/{rel}","templated":true}]}}