{"id":95608,"date":"2019-11-25T05:02:55","date_gmt":"2019-11-25T08:02:55","guid":{"rendered":"http:\/\/www.eltrabajo.cl\/portal\/?p=95608"},"modified":"2019-11-24T20:55:36","modified_gmt":"2019-11-24T23:55:36","slug":"saquean-por-segundas-vez-farmacia-cruz-verde-de-exalcalde-amar-en-los-andes","status":"publish","type":"post","link":"https:\/\/eltrabajo.cl\/portal\/saquean-por-segundas-vez-farmacia-cruz-verde-de-exalcalde-amar-en-los-andes\/","title":{"rendered":"Saquean por segundas vez farmacia Cruz Verde de exalcalde Amar en Los Andes"},"content":{"rendered":"<p>Por segunda vez y en menos de diez d\u00edas, la Farmacia Cruz Verde de Los Andes, de propiedad de la familia del el exalcalde <strong>Jaime Amar<\/strong>, fue saqueada en Los Andes. Este hecho ocurri\u00f3 el d\u00eda jueves en la noche.<\/p>\n<p>El exalcalde Amar sobre este nuevo saqueo dijo que \u00ab<em>la verdad que no solamente desilusionado, sino que ya no hay palabras, la verdad, el d\u00eda de ayer <\/em>(jueves), <em>alrededor de las ocho y media de la noche fueron\u00a0 reventadas las puertas de la farmacia, las cuales estaban clausuradas, estaban selladas con soldaduras, igual las reventaron y comenz\u00f3 un saqueo y alrededor de las nueve y cuarto, mi cu\u00f1ado y mi hijo fueron a ver si pod\u00edan cerrar, por lo menos para evitar parcialmente, cuando en ese minuto le tiraron elementos incandescentes prendidos con amenazas de muerte, les dieron un minuto para que salieran si no los mataban, que ten\u00edan que entregar la plata del d\u00eda d\u00eda, as\u00ed textualmente, ah\u00ed termin\u00f3 el \u00faltimo saqueo a las cinco y cuarto de la ma\u00f1ana, cuando me inform\u00f3 la empresa de seguridad que nuevamente estaba entrando gente, o sea, estuvo entrando gente pr\u00e1cticamente todo la noche, se hicieron muchos esfuerzos de Carabineros, fundamentalmente por la PDI, pero fue imposible, pr\u00e1cticamente la ciudad de Los Andes ayer estaba en un saqueo generalizado, algo va a ser nuestra ciudad, pero en menor proporci\u00f3n, pero la verdad es una cosa incre\u00edble, no hay manera de poder explicarlo y la verdad que a uno le duele mucho, pr\u00e1cticamente se ha servido durante 40 a\u00f1os, se ha dado un servicio a la comunidad, m\u00e1s a\u00fan en estos d\u00edas hemos estado haciendo los turnos, hemos estado con gente durmiendo en el interior de la farmacia para cumplir y darle un servicio a la gente, porque sabemos que en un turno la gente llega a altas horas de la noche, porque tiene necesidades pero esto no\u00a0 vale nada no vales absolutamente nada, este es un pa\u00eds absolutamente descontrolado, descontrolado, yo no s\u00e9 que estar\u00e1 esperando o que estar\u00e1n pensando las autoridades, porque aqu\u00ed estamos en un c\u00edrculo vicioso donde las opiniones son tan contradictorias tanto de los temas de los derechos humanos, tambi\u00e9n tenemos derechos los que estamos defendiendo, los que tenemos propiedades por lo tanto no tenemos nada m\u00e1s que hacer perder a\u00f1os de trabajo esa es la historia final<\/em>\u00ab, dijo Amar.<\/p>\n<p>&#8211; <strong>\u00bfUsted piensa que Carabineros o en general las polic\u00edas est\u00e1n sobrepasadas?<\/strong><\/p>\n<p>&#8211; Sobrepasadas, imposible, imposible, tienen distintos focos mientras estaban ah\u00ed se estaban quemando otras partes saqueando otras cuestiones que producen otro tipo de problemas, es imposible todos sabemos la cantidad de carabineros que tienen esas comunas y es imposible, es imposible, no hay manera de poder cuando se tienen focos en distintos lugares y se va generando y todos piden, yo habl\u00e9 con el gobernador de Los Andes y debo reconocer hizo todo lo posible, me dijo claramente que eso era por un rato mientras trataban de resolver el tema, porque no hab\u00eda ninguna posibilidad en ese momento, pr\u00e1cticamente hab\u00eda un saqueo generalizado, imposible, estaba espec\u00edficamente en el puesto de trabajo, pero est\u00e1 sobrepasado el sistema, Carabineros est\u00e1 sobrepasado \u00bfQu\u00e9 m\u00e1s le puedo pedir a Carabineros?, si soy humano y entiendo claramente que Carabineros no puede hacer m\u00e1s de lo que est\u00e1 haciendo, m\u00e1s a\u00fan cuando cada d\u00eda tiene menos herramientas para intervenir, entonces cuando est\u00e1n intervenido en una marcha pac\u00edfica, perfecto Carabineros debe cumplir ciertos par\u00e1metros, en este caso y en esta situaci\u00f3n todos sabemos que lo que est\u00e1 en la calle hay gente que va a destruir, yo estoy sin palabras, yo pr\u00e1cticamente de anoche no he tenido una gota de poder dormir, uno revienta uno revienta.<\/p>\n<p>&#8211; <strong>\u00bfSe piensa en cerrar, bajo estas circunstancias?<\/strong><\/p>\n<p>&#8211; Es una de las evaluaciones que vamos a tener que hacer con mucha tranquilidad, estas cosas pensarlas en caliente no son nada de f\u00e1cil, pero est\u00e1 dentro de las posibilidades, pr\u00e1cticamente son catorce familias que trabajan con nosotros en esa farmacia y son evaluaciones que hay que hacer.<\/p>\n<figure id=\"attachment_95609\" aria-describedby=\"caption-attachment-95609\" style=\"width: 580px\" class=\"wp-caption alignnone\"><img data-recalc-dims=\"1\" loading=\"lazy\" decoding=\"async\" class=\"size-full wp-image-95609\" src=\"https:\/\/i0.wp.com\/www.eltrabajo.cl\/portal\/wp-content\/uploads\/2019\/11\/Saqueo-cruz-verde1.jpg?resize=580%2C359\" alt=\"En cuanto al avalu\u00f3 del saqueo, lo hizo en la suma de 120 millones de pesos, teniendo en cuenta que la vez anterior fueron 80 millones de pesos. (Foto saqueo anterior).\" width=\"580\" height=\"359\" srcset=\"https:\/\/i0.wp.com\/eltrabajo.cl\/portal\/wp-content\/uploads\/2019\/11\/Saqueo-cruz-verde1.jpg?w=580&amp;ssl=1 580w, https:\/\/i0.wp.com\/eltrabajo.cl\/portal\/wp-content\/uploads\/2019\/11\/Saqueo-cruz-verde1.jpg?resize=300%2C186&amp;ssl=1 300w, https:\/\/i0.wp.com\/eltrabajo.cl\/portal\/wp-content\/uploads\/2019\/11\/Saqueo-cruz-verde1.jpg?resize=200%2C124&amp;ssl=1 200w, https:\/\/i0.wp.com\/eltrabajo.cl\/portal\/wp-content\/uploads\/2019\/11\/Saqueo-cruz-verde1.jpg?resize=242%2C150&amp;ssl=1 242w, https:\/\/i0.wp.com\/eltrabajo.cl\/portal\/wp-content\/uploads\/2019\/11\/Saqueo-cruz-verde1.jpg?resize=400%2C248&amp;ssl=1 400w\" sizes=\"auto, (max-width: 580px) 100vw, 580px\" \/><figcaption id=\"caption-attachment-95609\" class=\"wp-caption-text\">En cuanto al avalu\u00f3 del saqueo, lo hizo en la suma de 120 millones de pesos, teniendo en cuenta que la vez anterior fueron 80 millones de pesos. (Foto saqueo anterior).<\/figcaption><\/figure>\n","protected":false},"excerpt":{"rendered":"<p>Por segunda vez y en menos de diez d\u00edas, la Farmacia Cruz Verde de Los Andes, de propiedad de la familia del el exalcalde Jaime Amar, fue saqueada en Los Andes. Este&#8230;<\/p>\n","protected":false},"author":482,"featured_media":95609,"comment_status":"open","ping_status":"open","sticky":false,"template":"","format":"standard","meta":{"advanced_seo_description":"","jetpack_seo_html_title":"","jetpack_seo_noindex":false,"_jetpack_memberships_contains_paid_content":false,"footnotes":""},"categories":[21],"tags":[],"class_list":["post-95608","post","type-post","status-publish","format-standard","has-post-thumbnail","hentry","category-policial"],"jetpack_featured_media_url":"https:\/\/i0.wp.com\/eltrabajo.cl\/portal\/wp-content\/uploads\/2019\/11\/Saqueo-cruz-verde1.jpg?fit=580%2C359&ssl=1","jetpack_sharing_enabled":true,"jetpack_likes_enabled":true,"jetpack-related-posts":[],"_links":{"self":[{"href":"https:\/\/eltrabajo.cl\/portal\/wp-json\/wp\/v2\/posts\/95608","targetHints":{"allow":["GET"]}}],"collection":[{"href":"https:\/\/eltrabajo.cl\/portal\/wp-json\/wp\/v2\/posts"}],"about":[{"href":"https:\/\/eltrabajo.cl\/portal\/wp-json\/wp\/v2\/types\/post"}],"author":[{"embeddable":true,"href":"https:\/\/eltrabajo.cl\/portal\/wp-json\/wp\/v2\/users\/482"}],"replies":[{"embeddable":true,"href":"https:\/\/eltrabajo.cl\/portal\/wp-json\/wp\/v2\/comments?post=95608"}],"version-history":[{"count":0,"href":"https:\/\/eltrabajo.cl\/portal\/wp-json\/wp\/v2\/posts\/95608\/revisions"}],"wp:featuredmedia":[{"embeddable":true,"href":"https:\/\/eltrabajo.cl\/portal\/wp-json\/wp\/v2\/media\/95609"}],"wp:attachment":[{"href":"https:\/\/eltrabajo.cl\/portal\/wp-json\/wp\/v2\/media?parent=95608"}],"wp:term":[{"taxonomy":"category","embeddable":true,"href":"https:\/\/eltrabajo.cl\/portal\/wp-json\/wp\/v2\/categories?post=95608"},{"taxonomy":"post_tag","embeddable":true,"href":"https:\/\/eltrabajo.cl\/portal\/wp-json\/wp\/v2\/tags?post=95608"}],"curies":[{"name":"wp","href":"https:\/\/api.w.org\/{rel}","templated":true}]}}