{"id":95614,"date":"2019-11-25T05:04:39","date_gmt":"2019-11-25T08:04:39","guid":{"rendered":"http:\/\/www.eltrabajo.cl\/portal\/?p=95614"},"modified":"2019-11-24T20:59:15","modified_gmt":"2019-11-24T23:59:15","slug":"empleados-de-autoplanet-temen-perder-su-trabajo-tras-nuevo-saqueo-e-incendio","status":"publish","type":"post","link":"https:\/\/eltrabajo.cl\/portal\/empleados-de-autoplanet-temen-perder-su-trabajo-tras-nuevo-saqueo-e-incendio\/","title":{"rendered":"Empleados de Autoplanet temen perder su trabajo tras nuevo saqueo e incendio"},"content":{"rendered":"<p><strong>LOS ANDES<\/strong>.- En completa incertidumbre se encuentran los nueve trabajadores del local Autoplanet ubicado en Avenida Santa Teresa, luego que tras el saqueo de que fueron objeto el pasado 12 de noviembre, la noche del jueves una turba delictual forz\u00f3 las cortinas met\u00e1licas y rob\u00f3 lo poco que quedaba de repuestos, prendiendo fuego al recinto que termin\u00f3 completamente destruido.<\/p>\n<p>El siniestro moviliz\u00f3 unidades de cinco de las seis compa\u00f1\u00edas de Bomberos de Los Andes, las que al llegar encontraron ya el local ardiendo por completo. La encargada del local record\u00f3 que tras el saqueo registrado el pasado 12 de noviembre el local cerr\u00f3 sus puertas, siendo reubicados los trabajadores en la sucursal de San Felipe. Adicionalmente los accesos y ventanales fueron sellados, lo que no fue impedimento para que los desalmados violentaran nuevamente las cortinas met\u00e1licas.<\/p>\n<p>\u201c<em>La noche del jueves volvieron a ingresar, situaci\u00f3n que nos preocup\u00f3 mucho sobretodo a los trabajadores de ac\u00e1, porque no sabemos qu\u00e9 va a pasar con nuestro trabajo. La tienda ha estado cerrada desde el saqueo<\/em>\u201d, coment\u00f3 preocupada la encargada.<\/p>\n<p>Record\u00f3 que en el saqueo del 12 de noviembre los delincuentes se llevaron pr\u00e1cticamente todo lo que hab\u00eda en el local, especialmente bater\u00edas, neum\u00e1ticos, aceites, aditivos, herramientas, \u201c<em>es decir desapareci\u00f3 todo<\/em>\u201d. A\u00f1adi\u00f3 que incluso la turba sustrajo las c\u00e1maras de seguridad, computadores y monitores, raz\u00f3n por la cual desde el d\u00eda 12 no pudieron volver a atender p\u00fablico.<\/p>\n<p>\u201c<em>Me llam\u00f3 el vecino como a las 22:30 del jueves indic\u00e1ndome que se estaban tratando de meter, yo llegue a las 23.00 horas y vi que ingresaron y las 23:20, me llam\u00f3 nuevamente el vecino indic\u00e1ndome que le hab\u00edan prendido fuego al local y me vine inmediatamente y estuve hasta 2 de la madrugada cuando se fueron los bomberos<\/em>\u201d, expuso\u00a0 la encargada.<\/p>\n<p>A\u00f1adi\u00f3 que lo que pudieron llevarse los ladrones antes del incendio eran s\u00f3lo unos pocos repuestos que a\u00fan quedaban en cajas, \u201c<em>y estos no sacan nada con llev\u00e1rselos porque no saben para que veh\u00edculo puede ser \u00fatil<\/em>\u201d.<\/p>\n<p>Enfatiz\u00f3 que si bien no hay un avalu\u00f3 de las p\u00e9rdidas, estos a simple vista son millonarias, no obstante que la obra gruesa del local se mantuvo en buenas condiciones lo que permitir\u00eda su reparaci\u00f3n y habilitaci\u00f3n como local a futuro.<\/p>\n<p>\u201c<em>Esperamos que no se cierre la tienda y ahora vamos a ver qu\u00e9 va a pasar realmente, ya que llevamos cerca de tres a\u00f1os de funcionamiento y es dif\u00edcil dimensionar todo lo que ha pasado<\/em>\u201d, expres\u00f3 finalmente la encargada.<\/p>\n<figure id=\"attachment_95615\" aria-describedby=\"caption-attachment-95615\" style=\"width: 580px\" class=\"wp-caption alignnone\"><img data-recalc-dims=\"1\" loading=\"lazy\" decoding=\"async\" class=\"size-full wp-image-95615\" src=\"https:\/\/i0.wp.com\/www.eltrabajo.cl\/portal\/wp-content\/uploads\/2019\/11\/Autoplanet1.jpg?resize=580%2C360\" alt=\"Si bien el recinto permanec\u00eda cerrado desde el 12 de noviembre, la noche del jueves una turba de antisociales volvi\u00f3 a ingresar sustrayendo lo poco que quedaba y prendiendo fuego.\" width=\"580\" height=\"360\" srcset=\"https:\/\/i0.wp.com\/eltrabajo.cl\/portal\/wp-content\/uploads\/2019\/11\/Autoplanet1.jpg?w=580&amp;ssl=1 580w, https:\/\/i0.wp.com\/eltrabajo.cl\/portal\/wp-content\/uploads\/2019\/11\/Autoplanet1.jpg?resize=300%2C186&amp;ssl=1 300w, https:\/\/i0.wp.com\/eltrabajo.cl\/portal\/wp-content\/uploads\/2019\/11\/Autoplanet1.jpg?resize=200%2C124&amp;ssl=1 200w, https:\/\/i0.wp.com\/eltrabajo.cl\/portal\/wp-content\/uploads\/2019\/11\/Autoplanet1.jpg?resize=242%2C150&amp;ssl=1 242w, https:\/\/i0.wp.com\/eltrabajo.cl\/portal\/wp-content\/uploads\/2019\/11\/Autoplanet1.jpg?resize=400%2C248&amp;ssl=1 400w\" sizes=\"auto, (max-width: 580px) 100vw, 580px\" \/><figcaption id=\"caption-attachment-95615\" class=\"wp-caption-text\">Si bien el recinto permanec\u00eda cerrado desde el 12 de noviembre, la noche del jueves una turba de antisociales volvi\u00f3 a ingresar sustrayendo lo poco que quedaba y prendiendo fuego.<\/figcaption><\/figure>\n<p>&nbsp;<\/p>\n<figure id=\"attachment_95616\" aria-describedby=\"caption-attachment-95616\" style=\"width: 580px\" class=\"wp-caption alignnone\"><img data-recalc-dims=\"1\" loading=\"lazy\" decoding=\"async\" class=\"size-full wp-image-95616\" src=\"https:\/\/i0.wp.com\/www.eltrabajo.cl\/portal\/wp-content\/uploads\/2019\/11\/Autoplanet2.jpg?resize=580%2C359\" alt=\"Lo que pudieron llevarse los ladrones antes del incendio eran s\u00f3lo unos pocos repuestos que a\u00fan quedaban en cajas.\" width=\"580\" height=\"359\" srcset=\"https:\/\/i0.wp.com\/eltrabajo.cl\/portal\/wp-content\/uploads\/2019\/11\/Autoplanet2.jpg?w=580&amp;ssl=1 580w, https:\/\/i0.wp.com\/eltrabajo.cl\/portal\/wp-content\/uploads\/2019\/11\/Autoplanet2.jpg?resize=300%2C186&amp;ssl=1 300w, https:\/\/i0.wp.com\/eltrabajo.cl\/portal\/wp-content\/uploads\/2019\/11\/Autoplanet2.jpg?resize=200%2C124&amp;ssl=1 200w, https:\/\/i0.wp.com\/eltrabajo.cl\/portal\/wp-content\/uploads\/2019\/11\/Autoplanet2.jpg?resize=242%2C150&amp;ssl=1 242w, https:\/\/i0.wp.com\/eltrabajo.cl\/portal\/wp-content\/uploads\/2019\/11\/Autoplanet2.jpg?resize=400%2C248&amp;ssl=1 400w\" sizes=\"auto, (max-width: 580px) 100vw, 580px\" \/><figcaption id=\"caption-attachment-95616\" class=\"wp-caption-text\">Lo que pudieron llevarse los ladrones antes del incendio eran s\u00f3lo unos pocos repuestos que a\u00fan quedaban en cajas.<\/figcaption><\/figure>\n","protected":false},"excerpt":{"rendered":"<p>LOS ANDES.- En completa incertidumbre se encuentran los nueve trabajadores del local Autoplanet ubicado en Avenida Santa Teresa, luego que tras el saqueo de que fueron objeto el pasado 12 de noviembre,&#8230;<\/p>\n","protected":false},"author":482,"featured_media":95616,"comment_status":"open","ping_status":"open","sticky":false,"template":"","format":"standard","meta":{"advanced_seo_description":"","jetpack_seo_html_title":"","jetpack_seo_noindex":false,"_jetpack_memberships_contains_paid_content":false,"footnotes":""},"categories":[15],"tags":[],"class_list":["post-95614","post","type-post","status-publish","format-standard","has-post-thumbnail","hentry","category-comunidad"],"jetpack_featured_media_url":"https:\/\/i0.wp.com\/eltrabajo.cl\/portal\/wp-content\/uploads\/2019\/11\/Autoplanet2.jpg?fit=580%2C359&ssl=1","jetpack_sharing_enabled":true,"jetpack_likes_enabled":true,"jetpack-related-posts":[],"_links":{"self":[{"href":"https:\/\/eltrabajo.cl\/portal\/wp-json\/wp\/v2\/posts\/95614","targetHints":{"allow":["GET"]}}],"collection":[{"href":"https:\/\/eltrabajo.cl\/portal\/wp-json\/wp\/v2\/posts"}],"about":[{"href":"https:\/\/eltrabajo.cl\/portal\/wp-json\/wp\/v2\/types\/post"}],"author":[{"embeddable":true,"href":"https:\/\/eltrabajo.cl\/portal\/wp-json\/wp\/v2\/users\/482"}],"replies":[{"embeddable":true,"href":"https:\/\/eltrabajo.cl\/portal\/wp-json\/wp\/v2\/comments?post=95614"}],"version-history":[{"count":0,"href":"https:\/\/eltrabajo.cl\/portal\/wp-json\/wp\/v2\/posts\/95614\/revisions"}],"wp:featuredmedia":[{"embeddable":true,"href":"https:\/\/eltrabajo.cl\/portal\/wp-json\/wp\/v2\/media\/95616"}],"wp:attachment":[{"href":"https:\/\/eltrabajo.cl\/portal\/wp-json\/wp\/v2\/media?parent=95614"}],"wp:term":[{"taxonomy":"category","embeddable":true,"href":"https:\/\/eltrabajo.cl\/portal\/wp-json\/wp\/v2\/categories?post=95614"},{"taxonomy":"post_tag","embeddable":true,"href":"https:\/\/eltrabajo.cl\/portal\/wp-json\/wp\/v2\/tags?post=95614"}],"curies":[{"name":"wp","href":"https:\/\/api.w.org\/{rel}","templated":true}]}}