{"id":95621,"date":"2019-11-25T05:06:17","date_gmt":"2019-11-25T08:06:17","guid":{"rendered":"http:\/\/www.eltrabajo.cl\/portal\/?p=95621"},"modified":"2019-11-24T21:11:42","modified_gmt":"2019-11-25T00:11:42","slug":"dos-heridos-tras-violenta-colision-vehicular-en-sector-punta-el-olivo","status":"publish","type":"post","link":"https:\/\/eltrabajo.cl\/portal\/dos-heridos-tras-violenta-colision-vehicular-en-sector-punta-el-olivo\/","title":{"rendered":"Dos heridos tras violenta colisi\u00f3n vehicular en sector Punta El Olivo"},"content":{"rendered":"<ul>\n<li><strong>Carabineros adopt\u00f3 el procedimiento de rigor manteni\u00e9ndose el tr\u00e1nsito suspendido por algunos minutos tras el accidente ocurrido en la Ruta E-71 que une las comunas de San Felipe y Putaendo.<\/strong><\/li>\n<\/ul>\n<p>Dos personas resultaron lesionadas, producto de una violenta colisi\u00f3n frontal entre dos veh\u00edculos ocurrida en el sector Punta El Olivo en la Ruta E-71 que une las comunas de San Felipe y Putaendo.<br \/>\nEl accidente de tr\u00e1nsito ocurri\u00f3 pasadas las 14:00 horas de ayer domingo, entre un furg\u00f3n placa patente GB TS \u2013 37 y un veh\u00edculo menor placa patente BK CL \u2013 20. Aparentemente uno de los m\u00f3viles habr\u00eda traspasado el eje central de central en la curva de la calzada origin\u00e1ndose la violenta colisi\u00f3n.<br \/>\nAl lugar concurrieron los organismos de emergencia trasladando en ambulancia del Samu a los lesionados hasta el Hospital San Camilo para la constataci\u00f3n de lesiones sufridas. Asimismo Carabineros adopt\u00f3 el procedimiento de rigor, manteni\u00e9ndose por un largo momento el tr\u00e1nsito suspendido en la carretera debido al accidente.<br \/>\n<strong>Pablo Salinas Sald\u00edas<\/strong><\/p>\n<figure id=\"attachment_95623\" aria-describedby=\"caption-attachment-95623\" style=\"width: 580px\" class=\"wp-caption alignnone\"><img data-recalc-dims=\"1\" loading=\"lazy\" decoding=\"async\" class=\"size-full wp-image-95623\" src=\"https:\/\/i0.wp.com\/www.eltrabajo.cl\/portal\/wp-content\/uploads\/2019\/11\/colision-punta-el-olivo-2.jpg?resize=580%2C360\" alt=\"Personal de Carabineros adopt\u00f3 el procedimiento de rigor, manteni\u00e9ndose el tr\u00e1nsito suspendido por algunos momentos en la carretera.\" width=\"580\" height=\"360\" srcset=\"https:\/\/i0.wp.com\/eltrabajo.cl\/portal\/wp-content\/uploads\/2019\/11\/colision-punta-el-olivo-2.jpg?w=580&amp;ssl=1 580w, https:\/\/i0.wp.com\/eltrabajo.cl\/portal\/wp-content\/uploads\/2019\/11\/colision-punta-el-olivo-2.jpg?resize=300%2C186&amp;ssl=1 300w, https:\/\/i0.wp.com\/eltrabajo.cl\/portal\/wp-content\/uploads\/2019\/11\/colision-punta-el-olivo-2.jpg?resize=200%2C124&amp;ssl=1 200w, https:\/\/i0.wp.com\/eltrabajo.cl\/portal\/wp-content\/uploads\/2019\/11\/colision-punta-el-olivo-2.jpg?resize=242%2C150&amp;ssl=1 242w, https:\/\/i0.wp.com\/eltrabajo.cl\/portal\/wp-content\/uploads\/2019\/11\/colision-punta-el-olivo-2.jpg?resize=400%2C248&amp;ssl=1 400w\" sizes=\"auto, (max-width: 580px) 100vw, 580px\" \/><figcaption id=\"caption-attachment-95623\" class=\"wp-caption-text\">Personal de Carabineros adopt\u00f3 el procedimiento de rigor, manteni\u00e9ndose el tr\u00e1nsito suspendido por algunos momentos en la carretera.<\/figcaption><\/figure>\n<figure id=\"attachment_95624\" aria-describedby=\"caption-attachment-95624\" style=\"width: 580px\" class=\"wp-caption alignnone\"><img data-recalc-dims=\"1\" loading=\"lazy\" decoding=\"async\" class=\"size-full wp-image-95624\" src=\"https:\/\/i0.wp.com\/www.eltrabajo.cl\/portal\/wp-content\/uploads\/2019\/11\/colision-punta-el-olivo-3.jpg?resize=580%2C360\" alt=\"El furg\u00f3n involucrado en el accidente de tr\u00e1nsito ocurrido ayer domingo.\" width=\"580\" height=\"360\" srcset=\"https:\/\/i0.wp.com\/eltrabajo.cl\/portal\/wp-content\/uploads\/2019\/11\/colision-punta-el-olivo-3.jpg?w=580&amp;ssl=1 580w, https:\/\/i0.wp.com\/eltrabajo.cl\/portal\/wp-content\/uploads\/2019\/11\/colision-punta-el-olivo-3.jpg?resize=300%2C186&amp;ssl=1 300w, https:\/\/i0.wp.com\/eltrabajo.cl\/portal\/wp-content\/uploads\/2019\/11\/colision-punta-el-olivo-3.jpg?resize=200%2C124&amp;ssl=1 200w, https:\/\/i0.wp.com\/eltrabajo.cl\/portal\/wp-content\/uploads\/2019\/11\/colision-punta-el-olivo-3.jpg?resize=242%2C150&amp;ssl=1 242w, https:\/\/i0.wp.com\/eltrabajo.cl\/portal\/wp-content\/uploads\/2019\/11\/colision-punta-el-olivo-3.jpg?resize=400%2C248&amp;ssl=1 400w\" sizes=\"auto, (max-width: 580px) 100vw, 580px\" \/><figcaption id=\"caption-attachment-95624\" class=\"wp-caption-text\">El furg\u00f3n involucrado en el accidente de tr\u00e1nsito ocurrido ayer domingo.<\/figcaption><\/figure>\n<figure id=\"attachment_95622\" aria-describedby=\"caption-attachment-95622\" style=\"width: 580px\" class=\"wp-caption alignnone\"><img data-recalc-dims=\"1\" loading=\"lazy\" decoding=\"async\" class=\"size-full wp-image-95622\" src=\"https:\/\/i0.wp.com\/www.eltrabajo.cl\/portal\/wp-content\/uploads\/2019\/11\/colision-punta-el-olivo-1.jpg?resize=580%2C359\" alt=\"En estas condiciones qued\u00f3 el veh\u00edculo tras la violenta colisi\u00f3n.\" width=\"580\" height=\"359\" srcset=\"https:\/\/i0.wp.com\/eltrabajo.cl\/portal\/wp-content\/uploads\/2019\/11\/colision-punta-el-olivo-1.jpg?w=580&amp;ssl=1 580w, https:\/\/i0.wp.com\/eltrabajo.cl\/portal\/wp-content\/uploads\/2019\/11\/colision-punta-el-olivo-1.jpg?resize=300%2C186&amp;ssl=1 300w, https:\/\/i0.wp.com\/eltrabajo.cl\/portal\/wp-content\/uploads\/2019\/11\/colision-punta-el-olivo-1.jpg?resize=200%2C124&amp;ssl=1 200w, https:\/\/i0.wp.com\/eltrabajo.cl\/portal\/wp-content\/uploads\/2019\/11\/colision-punta-el-olivo-1.jpg?resize=242%2C150&amp;ssl=1 242w, https:\/\/i0.wp.com\/eltrabajo.cl\/portal\/wp-content\/uploads\/2019\/11\/colision-punta-el-olivo-1.jpg?resize=400%2C248&amp;ssl=1 400w\" sizes=\"auto, (max-width: 580px) 100vw, 580px\" \/><figcaption id=\"caption-attachment-95622\" class=\"wp-caption-text\">En estas condiciones qued\u00f3 el veh\u00edculo tras la violenta colisi\u00f3n.<\/figcaption><\/figure>\n","protected":false},"excerpt":{"rendered":"<p>Carabineros adopt\u00f3 el procedimiento de rigor manteni\u00e9ndose el tr\u00e1nsito suspendido por algunos minutos tras el accidente ocurrido en la Ruta E-71 que une las comunas de San Felipe y Putaendo. Dos personas&#8230;<\/p>\n","protected":false},"author":482,"featured_media":95623,"comment_status":"open","ping_status":"open","sticky":false,"template":"","format":"standard","meta":{"advanced_seo_description":"","jetpack_seo_html_title":"","jetpack_seo_noindex":false,"_jetpack_memberships_contains_paid_content":false,"footnotes":""},"categories":[21],"tags":[],"class_list":["post-95621","post","type-post","status-publish","format-standard","has-post-thumbnail","hentry","category-policial"],"jetpack_featured_media_url":"https:\/\/i0.wp.com\/eltrabajo.cl\/portal\/wp-content\/uploads\/2019\/11\/colision-punta-el-olivo-2.jpg?fit=580%2C360&ssl=1","jetpack_sharing_enabled":true,"jetpack_likes_enabled":true,"jetpack-related-posts":[],"_links":{"self":[{"href":"https:\/\/eltrabajo.cl\/portal\/wp-json\/wp\/v2\/posts\/95621","targetHints":{"allow":["GET"]}}],"collection":[{"href":"https:\/\/eltrabajo.cl\/portal\/wp-json\/wp\/v2\/posts"}],"about":[{"href":"https:\/\/eltrabajo.cl\/portal\/wp-json\/wp\/v2\/types\/post"}],"author":[{"embeddable":true,"href":"https:\/\/eltrabajo.cl\/portal\/wp-json\/wp\/v2\/users\/482"}],"replies":[{"embeddable":true,"href":"https:\/\/eltrabajo.cl\/portal\/wp-json\/wp\/v2\/comments?post=95621"}],"version-history":[{"count":0,"href":"https:\/\/eltrabajo.cl\/portal\/wp-json\/wp\/v2\/posts\/95621\/revisions"}],"wp:featuredmedia":[{"embeddable":true,"href":"https:\/\/eltrabajo.cl\/portal\/wp-json\/wp\/v2\/media\/95623"}],"wp:attachment":[{"href":"https:\/\/eltrabajo.cl\/portal\/wp-json\/wp\/v2\/media?parent=95621"}],"wp:term":[{"taxonomy":"category","embeddable":true,"href":"https:\/\/eltrabajo.cl\/portal\/wp-json\/wp\/v2\/categories?post=95621"},{"taxonomy":"post_tag","embeddable":true,"href":"https:\/\/eltrabajo.cl\/portal\/wp-json\/wp\/v2\/tags?post=95621"}],"curies":[{"name":"wp","href":"https:\/\/api.w.org\/{rel}","templated":true}]}}