{"id":95626,"date":"2019-11-25T05:07:50","date_gmt":"2019-11-25T08:07:50","guid":{"rendered":"http:\/\/www.eltrabajo.cl\/portal\/?p=95626"},"modified":"2019-11-24T21:13:37","modified_gmt":"2019-11-25T00:13:37","slug":"a-la-carcel-por-asaltar-con-pistola-de-juguete-a-funcionario-de-carabineros-de-civil","status":"publish","type":"post","link":"https:\/\/eltrabajo.cl\/portal\/a-la-carcel-por-asaltar-con-pistola-de-juguete-a-funcionario-de-carabineros-de-civil\/","title":{"rendered":"A la c\u00e1rcel por asaltar con pistola de juguete a funcionario de Carabineros de civil"},"content":{"rendered":"<p><span style=\"color: #ff0000;\"><strong>De madrugada en Calle 5 de Abril de San Felipe:<\/strong><\/span><\/p>\n<ul>\n<li><strong>El imputado de 26 a\u00f1os de edad movilizado en una bicicleta intimid\u00f3 al funcionario policial con la pistola, logrando un magro bot\u00edn de $4.000. Minutos m\u00e1s tarde fue detenido por Carabineros para ser formalizado en Tribunales.<\/strong><\/li>\n<\/ul>\n<p><strong>\u00a0<\/strong><\/p>\n<p>En Prisi\u00f3n Preventiva qued\u00f3 sujeto un antisocial de 26 a\u00f1os de edad, quien con una pistola pl\u00e1stica asalt\u00f3 a un funcionario de Carabineros en los momentos que circulaba de civil por Calle 5 de Abril en direcci\u00f3n a la Segunda Comisar\u00eda, logrando un magro bot\u00edn de $4.000.<\/p>\n<p>El hecho se habr\u00eda originado alrededor de las 03:30 horas\u00a0 de ayer domingo, en circunstancias en que el polic\u00eda vistiendo de civil abandon\u00f3 su vivienda para dirigirse al cuartel policial, ubicado en Avenida Bernardo O\u2019Higgins de San Felipe.<\/p>\n<p>Durante el trayecto, sorpresivamente un delincuente a bordo de una bicicleta, apunt\u00f3 a la v\u00edctima con una pistola orden\u00e1ndole la entrega del dinero.<\/p>\n<p>Obtenido el magro bot\u00edn de $4.000 el delincuente huye del lugar en direcci\u00f3n desconocida, mientras el funcionario policial solicit\u00f3 ayuda a trav\u00e9s de su tel\u00e9fono celular para informar el asalto sufrido, informando a sus colegas las caracter\u00edsticas f\u00edsicas y vestimentas del asaltante.<\/p>\n<p>El comisario de Carabineros de San Felipe, mayor <strong>Mauricio Guzm\u00e1n Yuri<\/strong>, inform\u00f3 a <strong>Diario El Trabajo<\/strong> que el imputado fue detenido minutos m\u00e1s tarde por Carabineros, descubri\u00e9ndose que el armamento utilizado para cometer el delito es de juguete.<\/p>\n<p>\u201c<em>Fue un carabinero que estaba franco en direcci\u00f3n a la Comisar\u00eda y un sujeto a bordo de una bicicleta lo intimid\u00f3 con una pistola que era de pl\u00e1stico. No result\u00f3 lesionado y el robo fue de $4.000 en efectivo cerca de Calle 5 de Abril de San Felipe<\/em>\u201d.<\/p>\n<p>No obstante, el imputado fue identificado como <strong>\u00c1lvaro Villarroel Aguilar<\/strong>, de 26 a\u00f1os de edad, quien cuenta con antecedentes penales, fue derivado la ma\u00f1ana de ayer domingo hasta el Juzgado de Garant\u00eda de San Felipe.<\/p>\n<p>El fiscal Julio Palacios Bobadilla formaliz\u00f3 al acusado por Robo con intimidaci\u00f3n, requiriendo la cautelar de Prisi\u00f3n Preventiva por representar un peligro para la sociedad. Este Tribunal acogi\u00f3 la solicitud del Ministerio P\u00fablico ordenando el ingreso del detenido hasta la c\u00e1rcel, fijando un plazo de investigaci\u00f3n de 60 d\u00edas.<\/p>\n<p><strong>Pablo Salinas Sald\u00edas<\/strong><\/p>\n<figure id=\"attachment_95627\" aria-describedby=\"caption-attachment-95627\" style=\"width: 580px\" class=\"wp-caption alignnone\"><img data-recalc-dims=\"1\" loading=\"lazy\" decoding=\"async\" class=\"size-full wp-image-95627\" src=\"https:\/\/i0.wp.com\/www.eltrabajo.cl\/portal\/wp-content\/uploads\/2019\/11\/detenido-3.jpg?resize=580%2C359\" alt=\"El imputado fue capturado por Carabineros siendo formalizado por Robo con intimidaci\u00f3n, quedando sujeto a la cautelar de Prisi\u00f3n Preventiva. (Fotograf\u00eda Referencial).\" width=\"580\" height=\"359\" srcset=\"https:\/\/i0.wp.com\/eltrabajo.cl\/portal\/wp-content\/uploads\/2019\/11\/detenido-3.jpg?w=580&amp;ssl=1 580w, https:\/\/i0.wp.com\/eltrabajo.cl\/portal\/wp-content\/uploads\/2019\/11\/detenido-3.jpg?resize=300%2C186&amp;ssl=1 300w, https:\/\/i0.wp.com\/eltrabajo.cl\/portal\/wp-content\/uploads\/2019\/11\/detenido-3.jpg?resize=200%2C124&amp;ssl=1 200w, https:\/\/i0.wp.com\/eltrabajo.cl\/portal\/wp-content\/uploads\/2019\/11\/detenido-3.jpg?resize=242%2C150&amp;ssl=1 242w, https:\/\/i0.wp.com\/eltrabajo.cl\/portal\/wp-content\/uploads\/2019\/11\/detenido-3.jpg?resize=400%2C248&amp;ssl=1 400w\" sizes=\"auto, (max-width: 580px) 100vw, 580px\" \/><figcaption id=\"caption-attachment-95627\" class=\"wp-caption-text\">El imputado fue capturado por Carabineros siendo formalizado por Robo con intimidaci\u00f3n, quedando sujeto a la cautelar de Prisi\u00f3n Preventiva. (Fotograf\u00eda Referencial).<\/figcaption><\/figure>\n","protected":false},"excerpt":{"rendered":"<p>De madrugada en Calle 5 de Abril de San Felipe: El imputado de 26 a\u00f1os de edad movilizado en una bicicleta intimid\u00f3 al funcionario policial con la pistola, logrando un magro bot\u00edn&#8230;<\/p>\n","protected":false},"author":482,"featured_media":95627,"comment_status":"open","ping_status":"open","sticky":false,"template":"","format":"standard","meta":{"advanced_seo_description":"","jetpack_seo_html_title":"","jetpack_seo_noindex":false,"_jetpack_memberships_contains_paid_content":false,"footnotes":""},"categories":[21],"tags":[],"class_list":["post-95626","post","type-post","status-publish","format-standard","has-post-thumbnail","hentry","category-policial"],"jetpack_featured_media_url":"https:\/\/i0.wp.com\/eltrabajo.cl\/portal\/wp-content\/uploads\/2019\/11\/detenido-3.jpg?fit=580%2C359&ssl=1","jetpack_sharing_enabled":true,"jetpack_likes_enabled":true,"jetpack-related-posts":[],"_links":{"self":[{"href":"https:\/\/eltrabajo.cl\/portal\/wp-json\/wp\/v2\/posts\/95626","targetHints":{"allow":["GET"]}}],"collection":[{"href":"https:\/\/eltrabajo.cl\/portal\/wp-json\/wp\/v2\/posts"}],"about":[{"href":"https:\/\/eltrabajo.cl\/portal\/wp-json\/wp\/v2\/types\/post"}],"author":[{"embeddable":true,"href":"https:\/\/eltrabajo.cl\/portal\/wp-json\/wp\/v2\/users\/482"}],"replies":[{"embeddable":true,"href":"https:\/\/eltrabajo.cl\/portal\/wp-json\/wp\/v2\/comments?post=95626"}],"version-history":[{"count":0,"href":"https:\/\/eltrabajo.cl\/portal\/wp-json\/wp\/v2\/posts\/95626\/revisions"}],"wp:featuredmedia":[{"embeddable":true,"href":"https:\/\/eltrabajo.cl\/portal\/wp-json\/wp\/v2\/media\/95627"}],"wp:attachment":[{"href":"https:\/\/eltrabajo.cl\/portal\/wp-json\/wp\/v2\/media?parent=95626"}],"wp:term":[{"taxonomy":"category","embeddable":true,"href":"https:\/\/eltrabajo.cl\/portal\/wp-json\/wp\/v2\/categories?post=95626"},{"taxonomy":"post_tag","embeddable":true,"href":"https:\/\/eltrabajo.cl\/portal\/wp-json\/wp\/v2\/tags?post=95626"}],"curies":[{"name":"wp","href":"https:\/\/api.w.org\/{rel}","templated":true}]}}