{"id":95629,"date":"2019-11-26T05:01:57","date_gmt":"2019-11-26T08:01:57","guid":{"rendered":"http:\/\/www.eltrabajo.cl\/portal\/?p=95629"},"modified":"2019-11-26T00:52:51","modified_gmt":"2019-11-26T03:52:51","slug":"exalumnos-de-antigua-escuela-uno-se-reencuentran-en-quintero","status":"publish","type":"post","link":"https:\/\/eltrabajo.cl\/portal\/exalumnos-de-antigua-escuela-uno-se-reencuentran-en-quintero\/","title":{"rendered":"Exalumnos de antigua Escuela Uno se reencuentran en Quintero"},"content":{"rendered":"<p>Tuvieron que transcurrir 44 a\u00f1os para que 21 exalumnos de la antigua Escuela Uno (hoy Bernardo O\u2019Higgins) volvieran a reencontrarse y fundirse en emotivos abrazos. Se trata de un reencuentro de amigos que se logr\u00f3 concretar este fin de semana en Quintero, luego que dos de ellos se empe\u00f1aran en reunir a todos los que a\u00fan est\u00e1n vivos y se animaran a llegar a la cita.<\/p>\n<p>\u00ab<em>Yo laboro en un colegio sanfelipe\u00f1o, con el pasar del tiempo he visto c\u00f3mo distintas generaciones de las escuelas y liceos han establecido ese tipo de reuniones, viendo la felicidad entre ellos decid\u00ed empezar a localizar a mis excompa\u00f1eros de 8\u00b0 a\u00f1o con quien yo estudi\u00e9 siendo tambi\u00e9n una ni\u00f1a, luego se uni\u00f3 a la idea Jaime Puentes, otro excompa\u00f1ero de clases, y entre los dos fuimos indagando d\u00f3nde est\u00e1n cada uno de los dem\u00e1s, en pocos meses ten\u00edamos ya ubicados a todos, supimos con pesar que dos de ellos ya hab\u00edan muerto<\/em> (Jos\u00e9 Saavedra Astudillo \u2018Cotelo\u2019 y Juan Salinas Vicencio \u2018Chimpilo\u2019), <em>pero los dem\u00e1s s\u00ed segu\u00edamos por ah\u00ed, as\u00ed que los fuimos contactando y poco a poco reforzamos la idea, creamos un grupo de WhatsApp, y as\u00ed logramos reunirnos este s\u00e1bado, de los 37 que quedamos con vida, cerca de 20 logramos llegar, pues algunos no viven en el pa\u00eds o viven en Chile pero bastante lejos<\/em>\u00bb, nos hab\u00eda comentado hace algunas semana cuando preparaban el especial encuentro la principal gestora del evento, <strong>Gloria Aguirre<\/strong>.<\/p>\n<p><strong>\u00a0<\/strong><\/p>\n<p><span style=\"color: #ff0000;\"><strong>OTROS TIEMPOS<\/strong><\/span><\/p>\n<p>Quien tambi\u00e9n fue pieza importante para esta jornada es <strong>Jaime Puentes<\/strong>, otro de los protagonistas de aquella aventura infantil, pues coordin\u00f3 la llegada de muchos de ellos, \u00ab<em>fuimos un grupo normal de ni\u00f1os, la Escuela Uno de fund\u00f3 en 1974, y nosotros egresamos de octavo al a\u00f1o siguiente en 1975, llegamos de sexto, y como es normal, ten\u00edamos nuestros apodos, por ejemplo exist\u00edan algunos como \u2018La Chaucha\u2019, \u2018Sapir\u00f3n\u2019, \u2018Chirigua\u2019, \u2018Loco Rolando\u2019, \u2018Sapito\u2019, las \u2018Mellizas Juri\u2019. En aquellos a\u00f1os jug\u00e1bamos a la soga, a escondidas y a la pelota, no era como ahora, donde el celular absorbe a casi todos los ni\u00f1os, en total llegamos 21, en total \u00e9ramos 39<\/em>\u00bb, coment\u00f3 Puentes.<\/p>\n<p>La actividad se organiz\u00f3 para este s\u00e1bado y domingo, algunos se dieron gusto en las aguas del Pac\u00edfico y recorriendo las bellas calles de Quintero.<\/p>\n<p><strong>Roberto Gonz\u00e1lez Short<\/strong><\/p>\n<figure id=\"attachment_95631\" aria-describedby=\"caption-attachment-95631\" style=\"width: 580px\" class=\"wp-caption alignnone\"><img data-recalc-dims=\"1\" loading=\"lazy\" decoding=\"async\" class=\"size-full wp-image-95631\" src=\"https:\/\/i0.wp.com\/www.eltrabajo.cl\/portal\/wp-content\/uploads\/2019\/11\/Quintero1.jpg?resize=580%2C359\" alt=\"DISFRUTANDO EN QUINTERO.- Aqu\u00ed vemos a parte del grupo de egresados 1975 de la Escuela Uno, ahora Bernardo O\u2019Higgins.\" width=\"580\" height=\"359\" srcset=\"https:\/\/i0.wp.com\/eltrabajo.cl\/portal\/wp-content\/uploads\/2019\/11\/Quintero1.jpg?w=580&amp;ssl=1 580w, https:\/\/i0.wp.com\/eltrabajo.cl\/portal\/wp-content\/uploads\/2019\/11\/Quintero1.jpg?resize=300%2C186&amp;ssl=1 300w, https:\/\/i0.wp.com\/eltrabajo.cl\/portal\/wp-content\/uploads\/2019\/11\/Quintero1.jpg?resize=200%2C124&amp;ssl=1 200w, https:\/\/i0.wp.com\/eltrabajo.cl\/portal\/wp-content\/uploads\/2019\/11\/Quintero1.jpg?resize=242%2C150&amp;ssl=1 242w, https:\/\/i0.wp.com\/eltrabajo.cl\/portal\/wp-content\/uploads\/2019\/11\/Quintero1.jpg?resize=400%2C248&amp;ssl=1 400w\" sizes=\"auto, (max-width: 580px) 100vw, 580px\" \/><figcaption id=\"caption-attachment-95631\" class=\"wp-caption-text\">DISFRUTANDO EN QUINTERO.- Aqu\u00ed vemos a parte del grupo de egresados 1975 de la Escuela Uno, ahora Bernardo O\u2019Higgins.<\/figcaption><\/figure>\n<p>&nbsp;<\/p>\n<figure id=\"attachment_95632\" aria-describedby=\"caption-attachment-95632\" style=\"width: 580px\" class=\"wp-caption alignnone\"><img data-recalc-dims=\"1\" loading=\"lazy\" decoding=\"async\" class=\"size-full wp-image-95632\" src=\"https:\/\/i0.wp.com\/www.eltrabajo.cl\/portal\/wp-content\/uploads\/2019\/11\/Quintero2.jpg?resize=580%2C358\" alt=\"SIEMPRE NI\u00d1OS.- Aqu\u00ed tenemos a estos ni\u00f1os grandes: Tatiana Araya, Silvia Jim\u00e9nez, Leontina Pino, Estela Puentes y Cristina Rojas.\" width=\"580\" height=\"358\" srcset=\"https:\/\/i0.wp.com\/eltrabajo.cl\/portal\/wp-content\/uploads\/2019\/11\/Quintero2.jpg?w=580&amp;ssl=1 580w, https:\/\/i0.wp.com\/eltrabajo.cl\/portal\/wp-content\/uploads\/2019\/11\/Quintero2.jpg?resize=300%2C185&amp;ssl=1 300w, https:\/\/i0.wp.com\/eltrabajo.cl\/portal\/wp-content\/uploads\/2019\/11\/Quintero2.jpg?resize=200%2C123&amp;ssl=1 200w, https:\/\/i0.wp.com\/eltrabajo.cl\/portal\/wp-content\/uploads\/2019\/11\/Quintero2.jpg?resize=243%2C150&amp;ssl=1 243w, https:\/\/i0.wp.com\/eltrabajo.cl\/portal\/wp-content\/uploads\/2019\/11\/Quintero2.jpg?resize=400%2C247&amp;ssl=1 400w\" sizes=\"auto, (max-width: 580px) 100vw, 580px\" \/><figcaption id=\"caption-attachment-95632\" class=\"wp-caption-text\">SIEMPRE NI\u00d1OS.- Aqu\u00ed tenemos a estos ni\u00f1os grandes: Tatiana Araya, Silvia Jim\u00e9nez, Leontina Pino, Estela Puentes y Cristina Rojas.<\/figcaption><\/figure>\n<p>&nbsp;<\/p>\n<figure id=\"attachment_95630\" aria-describedby=\"caption-attachment-95630\" style=\"width: 580px\" class=\"wp-caption alignnone\"><img data-recalc-dims=\"1\" loading=\"lazy\" decoding=\"async\" class=\"size-full wp-image-95630\" src=\"https:\/\/i0.wp.com\/www.eltrabajo.cl\/portal\/wp-content\/uploads\/2019\/11\/Quintero_Jaime-Puentes-y-Gloria-Aguirre.jpg?resize=580%2C358\" alt=\"Jaime Puentes y Gloria Aguirre, organizaron este reencuentro.\" width=\"580\" height=\"358\" srcset=\"https:\/\/i0.wp.com\/eltrabajo.cl\/portal\/wp-content\/uploads\/2019\/11\/Quintero_Jaime-Puentes-y-Gloria-Aguirre.jpg?w=580&amp;ssl=1 580w, https:\/\/i0.wp.com\/eltrabajo.cl\/portal\/wp-content\/uploads\/2019\/11\/Quintero_Jaime-Puentes-y-Gloria-Aguirre.jpg?resize=300%2C185&amp;ssl=1 300w, https:\/\/i0.wp.com\/eltrabajo.cl\/portal\/wp-content\/uploads\/2019\/11\/Quintero_Jaime-Puentes-y-Gloria-Aguirre.jpg?resize=200%2C123&amp;ssl=1 200w, https:\/\/i0.wp.com\/eltrabajo.cl\/portal\/wp-content\/uploads\/2019\/11\/Quintero_Jaime-Puentes-y-Gloria-Aguirre.jpg?resize=243%2C150&amp;ssl=1 243w, https:\/\/i0.wp.com\/eltrabajo.cl\/portal\/wp-content\/uploads\/2019\/11\/Quintero_Jaime-Puentes-y-Gloria-Aguirre.jpg?resize=400%2C247&amp;ssl=1 400w\" sizes=\"auto, (max-width: 580px) 100vw, 580px\" \/><figcaption id=\"caption-attachment-95630\" class=\"wp-caption-text\">Jaime Puentes y Gloria Aguirre, organizaron este reencuentro.<\/figcaption><\/figure>\n","protected":false},"excerpt":{"rendered":"<p>Tuvieron que transcurrir 44 a\u00f1os para que 21 exalumnos de la antigua Escuela Uno (hoy Bernardo O\u2019Higgins) volvieran a reencontrarse y fundirse en emotivos abrazos. Se trata de un reencuentro de amigos&#8230;<\/p>\n","protected":false},"author":482,"featured_media":95631,"comment_status":"open","ping_status":"open","sticky":false,"template":"","format":"standard","meta":{"advanced_seo_description":"","jetpack_seo_html_title":"","jetpack_seo_noindex":false,"_jetpack_memberships_contains_paid_content":false,"footnotes":""},"categories":[15],"tags":[],"class_list":["post-95629","post","type-post","status-publish","format-standard","has-post-thumbnail","hentry","category-comunidad"],"jetpack_featured_media_url":"https:\/\/i0.wp.com\/eltrabajo.cl\/portal\/wp-content\/uploads\/2019\/11\/Quintero1.jpg?fit=580%2C359&ssl=1","jetpack_sharing_enabled":true,"jetpack_likes_enabled":true,"jetpack-related-posts":[],"_links":{"self":[{"href":"https:\/\/eltrabajo.cl\/portal\/wp-json\/wp\/v2\/posts\/95629","targetHints":{"allow":["GET"]}}],"collection":[{"href":"https:\/\/eltrabajo.cl\/portal\/wp-json\/wp\/v2\/posts"}],"about":[{"href":"https:\/\/eltrabajo.cl\/portal\/wp-json\/wp\/v2\/types\/post"}],"author":[{"embeddable":true,"href":"https:\/\/eltrabajo.cl\/portal\/wp-json\/wp\/v2\/users\/482"}],"replies":[{"embeddable":true,"href":"https:\/\/eltrabajo.cl\/portal\/wp-json\/wp\/v2\/comments?post=95629"}],"version-history":[{"count":0,"href":"https:\/\/eltrabajo.cl\/portal\/wp-json\/wp\/v2\/posts\/95629\/revisions"}],"wp:featuredmedia":[{"embeddable":true,"href":"https:\/\/eltrabajo.cl\/portal\/wp-json\/wp\/v2\/media\/95631"}],"wp:attachment":[{"href":"https:\/\/eltrabajo.cl\/portal\/wp-json\/wp\/v2\/media?parent=95629"}],"wp:term":[{"taxonomy":"category","embeddable":true,"href":"https:\/\/eltrabajo.cl\/portal\/wp-json\/wp\/v2\/categories?post=95629"},{"taxonomy":"post_tag","embeddable":true,"href":"https:\/\/eltrabajo.cl\/portal\/wp-json\/wp\/v2\/tags?post=95629"}],"curies":[{"name":"wp","href":"https:\/\/api.w.org\/{rel}","templated":true}]}}