{"id":95634,"date":"2019-11-26T05:02:03","date_gmt":"2019-11-26T08:02:03","guid":{"rendered":"http:\/\/www.eltrabajo.cl\/portal\/?p=95634"},"modified":"2019-11-26T00:54:59","modified_gmt":"2019-11-26T03:54:59","slug":"trabajadores-de-parquimetros-se-encuentran-felices-de-volver-al-fin-a-trabajar","status":"publish","type":"post","link":"https:\/\/eltrabajo.cl\/portal\/trabajadores-de-parquimetros-se-encuentran-felices-de-volver-al-fin-a-trabajar\/","title":{"rendered":"Trabajadores de parqu\u00edmetros se encuentran felices de volver al fin a trabajar"},"content":{"rendered":"<p>Ayer lunes, y tal como lo hab\u00edamos anticipado, comenz\u00f3 nuevamente el cobro de parqu\u00edmetros en la ciudad de San Felipe, a cargo de una nueva empresa por estos cuatro meses, hasta que se vuelva a licitar por un per\u00edodo m\u00e1s largo, el que se extender\u00eda por cuatro a\u00f1os.<\/p>\n<p>La ex presidenta del sindicato de los trabajadores auto despedidos, <strong>Rosa Olivares<\/strong>, consultada por este regreso al trabajo, se\u00f1al\u00f3 que <em>\u201ccomenzamos con todas las ganas de trabajar y aqu\u00ed contentos igual por el primer d\u00eda de trabajo, ojal\u00e1 nos vaya bien. Hemos esperado harto, pero primer d\u00eda, la gente igual por ser a m\u00ed no me ha reclamado nada, a algunos que otros, pero casi nadie\u201d,<\/em> se\u00f1al\u00f3.<\/p>\n<p>&#8211; <strong>\u00bfCu\u00e1les son las expectativas que hay con esta empresa?<\/strong><\/p>\n<p>&#8211; Bueno las expectativas es seguir, la empresa siga con nosotros despu\u00e9s de los cuatro meses, ojala en la otra licitaci\u00f3n salga esta empresa y los jefes son buenos por el momento y creo que van a seguir igual, y todos contentos los compa\u00f1eros, a parte son unos buenos jefes.<\/p>\n<p>&#8211; <strong>\u00bfLos precios siguen los mismos?<\/strong><\/p>\n<p>&#8211; Los mismos precios, es lo mismo que antes, as\u00ed es que por ese lado estamos tranquilos y contentos por el primer d\u00eda de trabajo y tener trabajo, porque hace rato estamos sin trabajo y entonces ahora contentos.<\/p>\n<p>&#8211; <strong>\u00bfCu\u00e1ntos trabajadores hay en total?<\/strong><\/p>\n<p>&#8211; En total somos como 43.<\/p>\n<p>&#8211; <strong>\u00bfFalta gente que contratar todav\u00eda?<\/strong><\/p>\n<p>&#8211; Hoy no s\u00e9, no he conversado ese tema con el jefe, pero igual est\u00e1 la mayor\u00eda que estaba en la empresa antigua, o sea casi todos, son muy pocos la gente que se ha recibido que es nueva.<\/p>\n<p>&#8211; <strong>\u00bfEl mensaje de los jefes como ha sido?<\/strong><\/p>\n<p>&#8211; Ayer (domingo) tuvimos una reuni\u00f3n con los jefes y todo bien, todos, bien recibido, el jefe s\u00faper humilde, buen jefe\u2026 los jefes que tenemos ahora son muy buenos jefes.<\/p>\n<p>&#8211; <strong>\u00bfC\u00f3mo est\u00e1n los trabajadores?<\/strong><\/p>\n<p>&#8211; Yo creo que todos est\u00e1n contentos, todos deseaban trabajar, est\u00e1bamos ah\u00ed con deudas, lo \u00fanico que dese\u00e1bamos era trabajar y al fin estamos trabajando.<\/p>\n<p>Agreg\u00f3 que esperan que la experiencia con la empresa anterior no se vuelva a repetir; \u201c\u00e9sta se nota que es buena empresa, ayuda a Bomberos, todos los meses le da un aporte a Bomberos y eso es bueno, eso habla bien de la empresa.<\/p>\n<p>&#8211; <strong>\u00bfSe agregaron m\u00e1s calles?<\/strong><\/p>\n<p>&#8211; Mire, las calles son las mismas que estaban en la otra licitaci\u00f3n anterior, que vienen con el mismo contrato, entonces yo creo que ah\u00ed el jefe ver\u00e1 el tema de las calles m\u00e1s adelante, pero por ahora al menos tenemos las mismas calles de antes y\u00a0 como dos, como quitaron algunas, dieron otras que son externas, que son San Mart\u00edn.<\/p>\n<p>Indic\u00f3 que mientras tanto sigue el juicio con la empresa anterior, tienen audiencia el d\u00eda 23 de diciembre, porque no encontraron la direcci\u00f3n de la empresa.<\/p>\n<figure id=\"attachment_95635\" aria-describedby=\"caption-attachment-95635\" style=\"width: 580px\" class=\"wp-caption alignnone\"><img data-recalc-dims=\"1\" loading=\"lazy\" decoding=\"async\" class=\"size-full wp-image-95635\" src=\"https:\/\/i0.wp.com\/www.eltrabajo.cl\/portal\/wp-content\/uploads\/2019\/11\/Rosa-Olivares-parquimetros.jpg?resize=580%2C360\" alt=\"Rosa Olivares cobrando un estacionamiento en el centro de San Felipe, feliz de volver al trabajo.\" width=\"580\" height=\"360\" srcset=\"https:\/\/i0.wp.com\/eltrabajo.cl\/portal\/wp-content\/uploads\/2019\/11\/Rosa-Olivares-parquimetros.jpg?w=580&amp;ssl=1 580w, https:\/\/i0.wp.com\/eltrabajo.cl\/portal\/wp-content\/uploads\/2019\/11\/Rosa-Olivares-parquimetros.jpg?resize=300%2C186&amp;ssl=1 300w, https:\/\/i0.wp.com\/eltrabajo.cl\/portal\/wp-content\/uploads\/2019\/11\/Rosa-Olivares-parquimetros.jpg?resize=200%2C124&amp;ssl=1 200w, https:\/\/i0.wp.com\/eltrabajo.cl\/portal\/wp-content\/uploads\/2019\/11\/Rosa-Olivares-parquimetros.jpg?resize=242%2C150&amp;ssl=1 242w, https:\/\/i0.wp.com\/eltrabajo.cl\/portal\/wp-content\/uploads\/2019\/11\/Rosa-Olivares-parquimetros.jpg?resize=400%2C248&amp;ssl=1 400w\" sizes=\"auto, (max-width: 580px) 100vw, 580px\" \/><figcaption id=\"caption-attachment-95635\" class=\"wp-caption-text\">Rosa Olivares cobrando un estacionamiento en el centro de San Felipe, feliz de volver al trabajo.<\/figcaption><\/figure>\n","protected":false},"excerpt":{"rendered":"<p>Ayer lunes, y tal como lo hab\u00edamos anticipado, comenz\u00f3 nuevamente el cobro de parqu\u00edmetros en la ciudad de San Felipe, a cargo de una nueva empresa por estos cuatro meses, hasta que&#8230;<\/p>\n","protected":false},"author":482,"featured_media":95635,"comment_status":"open","ping_status":"open","sticky":false,"template":"","format":"standard","meta":{"advanced_seo_description":"","jetpack_seo_html_title":"","jetpack_seo_noindex":false,"_jetpack_memberships_contains_paid_content":false,"footnotes":""},"categories":[15],"tags":[],"class_list":["post-95634","post","type-post","status-publish","format-standard","has-post-thumbnail","hentry","category-comunidad"],"jetpack_featured_media_url":"https:\/\/i0.wp.com\/eltrabajo.cl\/portal\/wp-content\/uploads\/2019\/11\/Rosa-Olivares-parquimetros.jpg?fit=580%2C360&ssl=1","jetpack_sharing_enabled":true,"jetpack_likes_enabled":true,"jetpack-related-posts":[],"_links":{"self":[{"href":"https:\/\/eltrabajo.cl\/portal\/wp-json\/wp\/v2\/posts\/95634","targetHints":{"allow":["GET"]}}],"collection":[{"href":"https:\/\/eltrabajo.cl\/portal\/wp-json\/wp\/v2\/posts"}],"about":[{"href":"https:\/\/eltrabajo.cl\/portal\/wp-json\/wp\/v2\/types\/post"}],"author":[{"embeddable":true,"href":"https:\/\/eltrabajo.cl\/portal\/wp-json\/wp\/v2\/users\/482"}],"replies":[{"embeddable":true,"href":"https:\/\/eltrabajo.cl\/portal\/wp-json\/wp\/v2\/comments?post=95634"}],"version-history":[{"count":0,"href":"https:\/\/eltrabajo.cl\/portal\/wp-json\/wp\/v2\/posts\/95634\/revisions"}],"wp:featuredmedia":[{"embeddable":true,"href":"https:\/\/eltrabajo.cl\/portal\/wp-json\/wp\/v2\/media\/95635"}],"wp:attachment":[{"href":"https:\/\/eltrabajo.cl\/portal\/wp-json\/wp\/v2\/media?parent=95634"}],"wp:term":[{"taxonomy":"category","embeddable":true,"href":"https:\/\/eltrabajo.cl\/portal\/wp-json\/wp\/v2\/categories?post=95634"},{"taxonomy":"post_tag","embeddable":true,"href":"https:\/\/eltrabajo.cl\/portal\/wp-json\/wp\/v2\/tags?post=95634"}],"curies":[{"name":"wp","href":"https:\/\/api.w.org\/{rel}","templated":true}]}}