{"id":95640,"date":"2019-11-26T05:03:56","date_gmt":"2019-11-26T08:03:56","guid":{"rendered":"http:\/\/www.eltrabajo.cl\/portal\/?p=95640"},"modified":"2019-11-26T01:00:36","modified_gmt":"2019-11-26T04:00:36","slug":"dan-de-alta-a-joven-de-29-anos-de-edad-apunalado-por-la-espalda-en-putaendo","status":"publish","type":"post","link":"https:\/\/eltrabajo.cl\/portal\/dan-de-alta-a-joven-de-29-anos-de-edad-apunalado-por-la-espalda-en-putaendo\/","title":{"rendered":"Dan de alta a joven de 29 a\u00f1os de edad apu\u00f1alado por la espalda en Putaendo"},"content":{"rendered":"<p><span style=\"color: #ff0000;\"><strong>Tras permanecer grave en la UCI del Hospital San Camilo:<\/strong><\/span><\/p>\n<ul>\n<li><strong>La madre del afectado inform\u00f3 el actual estado de salud de su hijo recuper\u00e1ndose en su casa, esperando que se haga justicia con el atacante, quien se encuentra en prisi\u00f3n preventiva, formalizado por homicidio frustrado.<\/strong><\/li>\n<\/ul>\n<p>&nbsp;<\/p>\n<p>Tras permanecer en estado grave internado en la UCI del Hospital San Camilo de San Felipe, fue dado de alta <strong>Juan Carlos Berr\u00edos Munizaga<\/strong>, de 29 a\u00f1os de edad, quien fue atacado por un sujeto apu\u00f1al\u00e1ndolo por la espalda el pasado 5 de noviembre en el sector La Gruta de Putaendo.<\/p>\n<p>As\u00ed lo inform\u00f3 a<strong> Diario El Trabajo <\/strong>la madre del afectado,<strong> Jacqueline Munizaga Espinoza<\/strong>, quien junto con agradecer las m\u00faltiples cadenas de oraci\u00f3n por la recuperaci\u00f3n de su hijo, espera que se haga justicia con el imputado, quien actualmente se encuentra en prisi\u00f3n preventiva por el delito de homicidio frustrado.<\/p>\n<p>&#8211; <strong>\u00bfSu hijo fue dado de alta?<\/strong><\/p>\n<p>&#8211; S\u00ed, ya sali\u00f3 de la UCI el viernes de la semana pasada.<\/p>\n<p>&#8211; <strong>\u00bfEst\u00e1 en reposo?<\/strong><\/p>\n<p>&#8211; S\u00ed, pero como joven no hace mucho reposo, igual est\u00e1 con problemas de la presi\u00f3n, inhal\u00e1ndose porque tiene problemas para respirar, cansancio.<\/p>\n<p>&#8211; <strong>\u00bfQued\u00f3 con alguna otra complicaci\u00f3n o secuela?<\/strong><\/p>\n<p>&#8211; Eso a\u00fan no lo sabemos porque tiene control el 12 de diciembre para ver sus pulmones y su coraz\u00f3n.\u00a0 Ah\u00ed los m\u00e9dicos me van a decir c\u00f3mo est\u00e1 su organismo. Todav\u00eda no puede trabajar, no puede hacer fuerzas, es poco lo que puede caminar.<\/p>\n<p>&#8211; <strong>Es un gran alivio que \u00e9l haya salvado.<\/strong><\/p>\n<p>&#8211; S\u00ed, nosotros estamos agradecidos de todas las personas que hicieron oraciones por mi hijo, agradecer a Patricio Gallardo que se port\u00f3 excelente con nosotros y a toda la gente que hizo cadenas de oraciones para la recuperaci\u00f3n de mi hijo.<\/p>\n<p>&#8211; <strong>\u00bfAhora espera que se haga justicia?<\/strong><\/p>\n<p>&#8211; Eso es lo que nosotros decimos, que se haga justicia, porque si Dios me lo dej\u00f3 aqu\u00ed en la tierra y si ese hombre sale puede hacer lo mismo y puede que esa otra persona se vaya.\u00a0 Porque una persona as\u00ed no tiene coraz\u00f3n con lo que hizo.<\/p>\n<p>&#8211; <strong>\u00bfHa podido conversar con su hijo sobre los hechos?<\/strong><\/p>\n<p>&#8211; Hemos conversado, pero \u00e9l no nos informa mucho por no hacernos da\u00f1o, \u00e9l es muy reservado con sus cosas.\u00a0 Nosotros le dijimos que cuando le toque ir a declarar, que diga la verdad y contar todo como fue, porque tampoco quer\u00eda acusarlo, yo le digo que tiene que hacerlo, porque despu\u00e9s le puede pasar a otra persona\u00a0 y quiz\u00e1s no va correr la misma suerte que \u00e9l.<\/p>\n<p><strong>Pablo Salinas Sald\u00edas<\/strong><\/p>\n<figure id=\"attachment_95642\" aria-describedby=\"caption-attachment-95642\" style=\"width: 580px\" class=\"wp-caption alignnone\"><img data-recalc-dims=\"1\" loading=\"lazy\" decoding=\"async\" class=\"size-full wp-image-95642\" src=\"https:\/\/i0.wp.com\/www.eltrabajo.cl\/portal\/wp-content\/uploads\/2019\/11\/JUAN-CARLOS-BERRIOS-1.jpg?resize=580%2C358\" alt=\"Juan Carlos Berr\u00edos, de 29 a\u00f1os de edad, fue dado de alta de la UCI del Hospital San Camilo de San Felipe.\" width=\"580\" height=\"358\" srcset=\"https:\/\/i0.wp.com\/eltrabajo.cl\/portal\/wp-content\/uploads\/2019\/11\/JUAN-CARLOS-BERRIOS-1.jpg?w=580&amp;ssl=1 580w, https:\/\/i0.wp.com\/eltrabajo.cl\/portal\/wp-content\/uploads\/2019\/11\/JUAN-CARLOS-BERRIOS-1.jpg?resize=300%2C185&amp;ssl=1 300w, https:\/\/i0.wp.com\/eltrabajo.cl\/portal\/wp-content\/uploads\/2019\/11\/JUAN-CARLOS-BERRIOS-1.jpg?resize=200%2C123&amp;ssl=1 200w, https:\/\/i0.wp.com\/eltrabajo.cl\/portal\/wp-content\/uploads\/2019\/11\/JUAN-CARLOS-BERRIOS-1.jpg?resize=243%2C150&amp;ssl=1 243w, https:\/\/i0.wp.com\/eltrabajo.cl\/portal\/wp-content\/uploads\/2019\/11\/JUAN-CARLOS-BERRIOS-1.jpg?resize=400%2C247&amp;ssl=1 400w\" sizes=\"auto, (max-width: 580px) 100vw, 580px\" \/><figcaption id=\"caption-attachment-95642\" class=\"wp-caption-text\">Juan Carlos Berr\u00edos, de 29 a\u00f1os de edad, fue dado de alta de la UCI del Hospital San Camilo de San Felipe.<\/figcaption><\/figure>\n<p>&nbsp;<\/p>\n<figure id=\"attachment_95641\" aria-describedby=\"caption-attachment-95641\" style=\"width: 580px\" class=\"wp-caption alignnone\"><img data-recalc-dims=\"1\" loading=\"lazy\" decoding=\"async\" class=\"size-full wp-image-95641\" src=\"https:\/\/i0.wp.com\/www.eltrabajo.cl\/portal\/wp-content\/uploads\/2019\/11\/Juan-carlos-berrios-sitio-del-suceso-Putaendo.jpg?resize=580%2C360\" alt=\"El pasado 5 de noviembre, el joven fue atacado por la espalda con un cuchillo, resultando gravemente herido. El agresor fue detenido por Carabineros y formalizado por la Fiscal\u00eda.\" width=\"580\" height=\"360\" srcset=\"https:\/\/i0.wp.com\/eltrabajo.cl\/portal\/wp-content\/uploads\/2019\/11\/Juan-carlos-berrios-sitio-del-suceso-Putaendo.jpg?w=580&amp;ssl=1 580w, https:\/\/i0.wp.com\/eltrabajo.cl\/portal\/wp-content\/uploads\/2019\/11\/Juan-carlos-berrios-sitio-del-suceso-Putaendo.jpg?resize=300%2C186&amp;ssl=1 300w, https:\/\/i0.wp.com\/eltrabajo.cl\/portal\/wp-content\/uploads\/2019\/11\/Juan-carlos-berrios-sitio-del-suceso-Putaendo.jpg?resize=200%2C124&amp;ssl=1 200w, https:\/\/i0.wp.com\/eltrabajo.cl\/portal\/wp-content\/uploads\/2019\/11\/Juan-carlos-berrios-sitio-del-suceso-Putaendo.jpg?resize=242%2C150&amp;ssl=1 242w, https:\/\/i0.wp.com\/eltrabajo.cl\/portal\/wp-content\/uploads\/2019\/11\/Juan-carlos-berrios-sitio-del-suceso-Putaendo.jpg?resize=400%2C248&amp;ssl=1 400w\" sizes=\"auto, (max-width: 580px) 100vw, 580px\" \/><figcaption id=\"caption-attachment-95641\" class=\"wp-caption-text\">El pasado 5 de noviembre, el joven fue atacado por la espalda con un cuchillo, resultando gravemente herido. El agresor fue detenido por Carabineros y formalizado por la Fiscal\u00eda.<\/figcaption><\/figure>\n<p><strong>\u00a0<\/strong><\/p>\n<p>&nbsp;<\/p>\n","protected":false},"excerpt":{"rendered":"<p>Tras permanecer grave en la UCI del Hospital San Camilo: La madre del afectado inform\u00f3 el actual estado de salud de su hijo recuper\u00e1ndose en su casa, esperando que se haga justicia&#8230;<\/p>\n","protected":false},"author":482,"featured_media":95642,"comment_status":"open","ping_status":"open","sticky":false,"template":"","format":"standard","meta":{"advanced_seo_description":"","jetpack_seo_html_title":"","jetpack_seo_noindex":false,"_jetpack_memberships_contains_paid_content":false,"footnotes":""},"categories":[15],"tags":[],"class_list":["post-95640","post","type-post","status-publish","format-standard","has-post-thumbnail","hentry","category-comunidad"],"jetpack_featured_media_url":"https:\/\/i0.wp.com\/eltrabajo.cl\/portal\/wp-content\/uploads\/2019\/11\/JUAN-CARLOS-BERRIOS-1.jpg?fit=580%2C358&ssl=1","jetpack_sharing_enabled":true,"jetpack_likes_enabled":true,"jetpack-related-posts":[],"_links":{"self":[{"href":"https:\/\/eltrabajo.cl\/portal\/wp-json\/wp\/v2\/posts\/95640","targetHints":{"allow":["GET"]}}],"collection":[{"href":"https:\/\/eltrabajo.cl\/portal\/wp-json\/wp\/v2\/posts"}],"about":[{"href":"https:\/\/eltrabajo.cl\/portal\/wp-json\/wp\/v2\/types\/post"}],"author":[{"embeddable":true,"href":"https:\/\/eltrabajo.cl\/portal\/wp-json\/wp\/v2\/users\/482"}],"replies":[{"embeddable":true,"href":"https:\/\/eltrabajo.cl\/portal\/wp-json\/wp\/v2\/comments?post=95640"}],"version-history":[{"count":0,"href":"https:\/\/eltrabajo.cl\/portal\/wp-json\/wp\/v2\/posts\/95640\/revisions"}],"wp:featuredmedia":[{"embeddable":true,"href":"https:\/\/eltrabajo.cl\/portal\/wp-json\/wp\/v2\/media\/95642"}],"wp:attachment":[{"href":"https:\/\/eltrabajo.cl\/portal\/wp-json\/wp\/v2\/media?parent=95640"}],"wp:term":[{"taxonomy":"category","embeddable":true,"href":"https:\/\/eltrabajo.cl\/portal\/wp-json\/wp\/v2\/categories?post=95640"},{"taxonomy":"post_tag","embeddable":true,"href":"https:\/\/eltrabajo.cl\/portal\/wp-json\/wp\/v2\/tags?post=95640"}],"curies":[{"name":"wp","href":"https:\/\/api.w.org\/{rel}","templated":true}]}}