{"id":95644,"date":"2019-11-26T05:04:50","date_gmt":"2019-11-26T08:04:50","guid":{"rendered":"http:\/\/www.eltrabajo.cl\/portal\/?p=95644"},"modified":"2019-11-26T01:04:08","modified_gmt":"2019-11-26T04:04:08","slug":"artistas-locales-se-unen-para-interpretar-cancion-y-grabar-video-suena","status":"publish","type":"post","link":"https:\/\/eltrabajo.cl\/portal\/artistas-locales-se-unen-para-interpretar-cancion-y-grabar-video-suena\/","title":{"rendered":"Artistas locales se unen para interpretar canci\u00f3n y grabar video \u2018Sue\u00f1a\u2019"},"content":{"rendered":"<p>Haciendo un s\u00edmil de lo que fue la interpretaci\u00f3n de la canci\u00f3n \u2018El Derecho de Vivir en Paz\u2019, de V\u00edctor Jara, por parte de varios artistas nacionales, en San Felipe la cantante local <strong>Caco Rosinelli<\/strong> reuni\u00f3 a un grupo de artistas que se desempe\u00f1an en algunos locales nocturnos y realiz\u00f3 arreglos musicales junto a su banda de la canci\u00f3n \u2018Sue\u00f1a\u2019, fue as\u00ed que grabaron un video que hoy est\u00e1 disponible en Youtube.<\/p>\n<p>\u201c<em>La idea de esta canci\u00f3n \u2018Sue\u00f1a\u2019, parti\u00f3 b\u00e1sicamente por todo lo que est\u00e1 pasando, lo digo nosotros tenemos una marcha aqu\u00ed, independiente de todo el pa\u00eds, que es el agua, eso fue como la base, a parte que nosotros como artistas hemos sido s\u00faper vetados, entonces dije tenemos que rescatar, y b\u00e1sicamente pens\u00e9 en los cantantes de pub que son como compa\u00f1eros m\u00edos y que nos hemos visto directamente afectados con esto. No es que no haya pensado en los dem\u00e1s, entonces dije hay que hacer algo y hay que hacer algo para dejar una huella, una huella aqu\u00ed en el Valle y en todo el Valle, por eso invit\u00e9 a artistas de Los Andes y de aqu\u00ed de San Felipe, muchos amigos me han criticado de \u2018por qu\u00e9 no me invitaste a m\u00ed\u2019, y no es una cosa que no admire el talento que hay, porque hay mucho talento en el valle, pero rescat\u00e9 a los m\u00e1s directos m\u00edos, que nos hemos visto afectados, porque muchos otros han hecho cosas, eventos. Los Andes, los chicos con las bandas han hecho muchas cuestiones, entonces cada uno coopera con su granito de arena y eso es lo que le dec\u00eda a Javier\u00a0 Mura, que esto en veinte a\u00f1os m\u00e1s se vea y mi nieta diga mi abuela hizo esto el 2019 con un grupo de artistas, entonces eso fue m\u00e1s que nada la idea, eso fue lo que nos impuls\u00f3\u201d,<\/em> dijo.<\/p>\n<p>&#8211; <strong>\u00bfC\u00f3mo fue la elecci\u00f3n de la canci\u00f3n?<\/strong><\/p>\n<p>&#8211; La elecci\u00f3n de la canci\u00f3n fue m\u00eda y de Freddy Pantoja que me dio un empujoncito, y la banda m\u00eda hizo los arreglos y Jos\u00e9 Henr\u00edquez me ayud\u00f3 con los arreglos; no, si estuvimos bien\u2026 todos complementados en la producci\u00f3n de la canci\u00f3n, estamos content\u00edsimos.<\/p>\n<p>&#8211; <strong>\u00bfD\u00f3nde se puede ver, est\u00e1 en Youtube?<\/strong><\/p>\n<p>&#8211; S\u00ed, est\u00e1 en Youtube, dice \u2018Sue\u00f1a para que Chile no deje de so\u00f1ar\u2019. Estamos en Instagram con \u2018Sue\u00f1a\u2019 y tambi\u00e9n en mi Facebook pueden buscarme como Caco Rosinelli, Javier Mura y todos los cantantes que estuvieron en el video.<\/p>\n<p>&#8211; <strong>\u00bfEs como un s\u00edmil de la versi\u00f3n \u2018El Derecho de Vivir en Paz\u2019, interpretado por artistas nacionales?<\/strong><\/p>\n<p>&#8211; Justamente de ah\u00ed, no voy a mentir a m\u00ed se me ocurri\u00f3 la idea, no. Si fue a base de que justamente vi eso, yo dije claro, eso es a nivel nacional, con los conocidos, pero nosotros como valle, como tenemos una lucha interna, nosotros tambi\u00e9n tenemos que dejar una huella aqu\u00ed en el Valle, entonces esa fue la idea.<\/p>\n<p>&#8211; <strong>A prop\u00f3sito de esto mismo, \u00bfle ha disminuido la asistencia de p\u00fablico a los pub, c\u00f3mo est\u00e1 eso?<\/strong><\/p>\n<p>&#8211; No, no, p\u00e9simo, p\u00e9simo, la gente, bueno que la gente tiene miedo, para qu\u00e9 vamos a estar con cosas, t\u00fa est\u00e1s de repente en un pub y pasa por fuera una camioneta con encapuchados, entonces no \u2018pod\u00eds\u2019 estar tranquilo; igual hay gente que se atreve, pero de que ha costado, ha costado, para qu\u00e9 decir los eventos de fin de a\u00f1o, los artistas nos hemos visto afectados y cero apoyo para los artistas locales, cero, ni siquiera puedo decir un 1, 2, 3 por ciento, cero por ciento de apoyo a los artistas locales, si no fuera por nosotros que nos movemos, estamos directamente abandonados.<\/p>\n<p>&#8211; <strong>En el caso tuyo, \u00bfse te han bajado eventos?<\/strong><\/p>\n<p>&#8211; S\u00ed, muchos, m\u00e1s de seis eventos para fin de a\u00f1o, aqu\u00ed en San Felipe, Los Andes, es que son las t\u00edpicas fiestas de fin de a\u00f1o para empresas, particulares, que esto, todos, escenarios p\u00fablicos por parte de todos, municipio, Los Andes en todos lados tambi\u00e9n, cero, o sea se pens\u00f3 ahorrar por un lado, pero no se pens\u00f3 en todo, de beneficio para todos, porque no es un beneficio para todos.<\/p>\n<p>&#8211; <strong>\u00bfCu\u00e1l es la explicaci\u00f3n que se da?<\/strong><\/p>\n<p>&#8211; Que no, que se sacan, se eliminan eventos y cosas para poder tapar otros hoyos, siendo que nosotros como artistas lo hemos hablado, \u00bfc\u00f3mo es posible que se saque de un hoyo para tapar otro hoyo?, una cosa as\u00ed.<\/p>\n<p>&#8211; <strong>Ahora est\u00e1 el tema que se suspendi\u00f3 el festival Palmenia Pizarro, \u00bfes perjudicial?<\/strong><\/p>\n<p>&#8211; S\u00faper, s\u00faper perjudicial, porque es mucha gente detr\u00e1s del Palmenia, mucha gente musicalmente, de todo, de todo, nadie sabe la dimensi\u00f3n de haber suspendido el Palmenia, a parte que est\u00e1 entre los festivales m\u00e1s importantes de Chile, entonces haberle privado de eso a la gente con la excusa de que es para cubrir otros gastos, gastos que supuestamente deben estar cubiertos, no pueden sacar uno para cubrir otros, entonces es una opini\u00f3n que tenemos nosotros los artistas, por lo mismo estoy ya con Basilio Muena que me est\u00e1 ayudando, estamos haciendo una organizaci\u00f3n de artistas, de artistas ll\u00e1mese bailarines, cantantes, m\u00fasicos, malabaristas, de todo, una agrupaci\u00f3n, una organizaci\u00f3n de artistas de aqu\u00ed del Valle de Aconcagua de todas las comunas.<\/p>\n<p>Al finalizar dice que est\u00e1n preparando un evento masivo justamente para abarcar todos los artistas que se han visto perjudicados.<\/p>\n<p>Respecto al tema \u2018Sue\u00f1a\u2019, cont\u00f3 con la participaci\u00f3n de la banda Old New Age, cantantes invitados Jos\u00e9 Manuel Contreras, Fredy Pantoja, Leo Irarr\u00e1zabal, Fredy Salinas, V\u00edctor Leiva, Jano Contreras, Jos\u00e9 Henr\u00edquez, Constanza V\u00e1squez, Naott, Danisa Parra.<\/p>\n<p>Lenguaje de se\u00f1as Allison Campos. Voz de inicio Mois\u00e9s Bruna.<\/p>\n<p>Grabaci\u00f3n Smilepro, Arisa Canabes, Javier Mura.<\/p>\n<p>Sonido GRD Jos\u00e9 Henr\u00edquez.<\/p>\n<figure id=\"attachment_95646\" aria-describedby=\"caption-attachment-95646\" style=\"width: 580px\" class=\"wp-caption alignnone\"><img data-recalc-dims=\"1\" loading=\"lazy\" decoding=\"async\" class=\"size-full wp-image-95646\" src=\"https:\/\/i0.wp.com\/www.eltrabajo.cl\/portal\/wp-content\/uploads\/2019\/11\/sue%C3%B1a.jpg?resize=580%2C359\" alt=\"El otro grupo de cantantes encabezados por Caco Rosinelli.\" width=\"580\" height=\"359\" srcset=\"https:\/\/i0.wp.com\/eltrabajo.cl\/portal\/wp-content\/uploads\/2019\/11\/sue%C3%B1a.jpg?w=580&amp;ssl=1 580w, https:\/\/i0.wp.com\/eltrabajo.cl\/portal\/wp-content\/uploads\/2019\/11\/sue%C3%B1a.jpg?resize=300%2C186&amp;ssl=1 300w, https:\/\/i0.wp.com\/eltrabajo.cl\/portal\/wp-content\/uploads\/2019\/11\/sue%C3%B1a.jpg?resize=200%2C124&amp;ssl=1 200w, https:\/\/i0.wp.com\/eltrabajo.cl\/portal\/wp-content\/uploads\/2019\/11\/sue%C3%B1a.jpg?resize=242%2C150&amp;ssl=1 242w, https:\/\/i0.wp.com\/eltrabajo.cl\/portal\/wp-content\/uploads\/2019\/11\/sue%C3%B1a.jpg?resize=400%2C248&amp;ssl=1 400w\" sizes=\"auto, (max-width: 580px) 100vw, 580px\" \/><figcaption id=\"caption-attachment-95646\" class=\"wp-caption-text\">El otro grupo de cantantes encabezados por Caco Rosinelli.<\/figcaption><\/figure>\n<p>&nbsp;<\/p>\n<figure id=\"attachment_95645\" aria-describedby=\"caption-attachment-95645\" style=\"width: 580px\" class=\"wp-caption alignnone\"><img data-recalc-dims=\"1\" loading=\"lazy\" decoding=\"async\" class=\"size-full wp-image-95645\" src=\"https:\/\/i0.wp.com\/www.eltrabajo.cl\/portal\/wp-content\/uploads\/2019\/11\/sue%C3%B1a-2.jpg?resize=580%2C360\" alt=\"Ac\u00e1 parte de los cantantes locales que interpretaron este cover \u2018Sue\u00f1a\u2019.\" width=\"580\" height=\"360\" srcset=\"https:\/\/i0.wp.com\/eltrabajo.cl\/portal\/wp-content\/uploads\/2019\/11\/sue%C3%B1a-2.jpg?w=580&amp;ssl=1 580w, https:\/\/i0.wp.com\/eltrabajo.cl\/portal\/wp-content\/uploads\/2019\/11\/sue%C3%B1a-2.jpg?resize=300%2C186&amp;ssl=1 300w, https:\/\/i0.wp.com\/eltrabajo.cl\/portal\/wp-content\/uploads\/2019\/11\/sue%C3%B1a-2.jpg?resize=200%2C124&amp;ssl=1 200w, https:\/\/i0.wp.com\/eltrabajo.cl\/portal\/wp-content\/uploads\/2019\/11\/sue%C3%B1a-2.jpg?resize=242%2C150&amp;ssl=1 242w, https:\/\/i0.wp.com\/eltrabajo.cl\/portal\/wp-content\/uploads\/2019\/11\/sue%C3%B1a-2.jpg?resize=400%2C248&amp;ssl=1 400w\" sizes=\"auto, (max-width: 580px) 100vw, 580px\" \/><figcaption id=\"caption-attachment-95645\" class=\"wp-caption-text\">Ac\u00e1 parte de los cantantes locales que interpretaron este cover \u2018Sue\u00f1a\u2019.<\/figcaption><\/figure>\n","protected":false},"excerpt":{"rendered":"<p>Haciendo un s\u00edmil de lo que fue la interpretaci\u00f3n de la canci\u00f3n \u2018El Derecho de Vivir en Paz\u2019, de V\u00edctor Jara, por parte de varios artistas nacionales, en San Felipe la cantante&#8230;<\/p>\n","protected":false},"author":482,"featured_media":95646,"comment_status":"open","ping_status":"open","sticky":false,"template":"","format":"standard","meta":{"advanced_seo_description":"","jetpack_seo_html_title":"","jetpack_seo_noindex":false,"_jetpack_memberships_contains_paid_content":false,"footnotes":""},"categories":[20],"tags":[],"class_list":["post-95644","post","type-post","status-publish","format-standard","has-post-thumbnail","hentry","category-arte-y-cultura"],"jetpack_featured_media_url":"https:\/\/i0.wp.com\/eltrabajo.cl\/portal\/wp-content\/uploads\/2019\/11\/sue%C3%B1a.jpg?fit=580%2C359&ssl=1","jetpack_sharing_enabled":true,"jetpack_likes_enabled":true,"jetpack-related-posts":[],"_links":{"self":[{"href":"https:\/\/eltrabajo.cl\/portal\/wp-json\/wp\/v2\/posts\/95644","targetHints":{"allow":["GET"]}}],"collection":[{"href":"https:\/\/eltrabajo.cl\/portal\/wp-json\/wp\/v2\/posts"}],"about":[{"href":"https:\/\/eltrabajo.cl\/portal\/wp-json\/wp\/v2\/types\/post"}],"author":[{"embeddable":true,"href":"https:\/\/eltrabajo.cl\/portal\/wp-json\/wp\/v2\/users\/482"}],"replies":[{"embeddable":true,"href":"https:\/\/eltrabajo.cl\/portal\/wp-json\/wp\/v2\/comments?post=95644"}],"version-history":[{"count":0,"href":"https:\/\/eltrabajo.cl\/portal\/wp-json\/wp\/v2\/posts\/95644\/revisions"}],"wp:featuredmedia":[{"embeddable":true,"href":"https:\/\/eltrabajo.cl\/portal\/wp-json\/wp\/v2\/media\/95646"}],"wp:attachment":[{"href":"https:\/\/eltrabajo.cl\/portal\/wp-json\/wp\/v2\/media?parent=95644"}],"wp:term":[{"taxonomy":"category","embeddable":true,"href":"https:\/\/eltrabajo.cl\/portal\/wp-json\/wp\/v2\/categories?post=95644"},{"taxonomy":"post_tag","embeddable":true,"href":"https:\/\/eltrabajo.cl\/portal\/wp-json\/wp\/v2\/tags?post=95644"}],"curies":[{"name":"wp","href":"https:\/\/api.w.org\/{rel}","templated":true}]}}