{"id":95648,"date":"2019-11-26T05:05:33","date_gmt":"2019-11-26T08:05:33","guid":{"rendered":"http:\/\/www.eltrabajo.cl\/portal\/?p=95648"},"modified":"2019-11-26T01:06:19","modified_gmt":"2019-11-26T04:06:19","slug":"emanacion-de-gas-obligo-a-evacuar-completamente-posta-rural-santa-filomena","status":"publish","type":"post","link":"https:\/\/eltrabajo.cl\/portal\/emanacion-de-gas-obligo-a-evacuar-completamente-posta-rural-santa-filomena\/","title":{"rendered":"Emanaci\u00f3n de gas oblig\u00f3 a evacuar completamente Posta Rural Santa Filomena"},"content":{"rendered":"<p><span style=\"color: #ff0000;\"><strong>Controlado por personal de Bomberos:<\/strong><\/span><\/p>\n<ul>\n<li><strong>Emergencia ocurri\u00f3 pasado el mediod\u00eda de ayer lunes, desconoci\u00e9ndose el origen de la emanaci\u00f3n.\u00a0 Bomberos efectu\u00f3 labores de ventilaci\u00f3n en el sitio del suceso.<\/strong><\/li>\n<\/ul>\n<p>&nbsp;<\/p>\n<p>Pasado el mediod\u00eda de ayer lunes se efectu\u00f3 una evacuaci\u00f3n total desde las dependencias de la Posta Rural Santa Filomena en la comuna de Santa Mar\u00eda, tras una fuerte emanaci\u00f3n de gases en el ambiente, debiendo concurrir personal de Bomberos para controlar la situaci\u00f3n.<\/p>\n<p>El Relacionador P\u00fablico de Bomberos de Santa Mar\u00eda, <strong>Diego Arancibia Rodr\u00edguez<\/strong>, inform\u00f3 a <strong>Diario El Trabajo<\/strong> que los voluntarios de Bomberos confirmaron la presencia de un gas a\u00fan no determinado en el ambiente, procedi\u00e9ndose a evacuar la zona.<\/p>\n<p>\u201c<em>Se revis\u00f3, efectivamente hab\u00eda un gas al interior, se ventil\u00f3 la zona. Se requiri\u00f3 apoyo de la Unidad de Materiales Peligrosos de Bomberos de Los Andes, se encontraron algunos par\u00e1metros alterados.\u00a0 No hubieron lesionados de ning\u00fan tipo, se dejaron indicaciones a los trabajadores de la Posta Rural. Sobre el origen es un gas desconocido hasta el momento\u201d.<\/em><\/p>\n<p>Arancibia afirm\u00f3 que la emergencia fue controlada alrededor de las 15:30 horas de ayer lunes, reiterando a la comunidad que ante la existencia de emanaci\u00f3n de gases, ya sea en recintos p\u00fablicos o particulares, se informe de inmediato a personal de Bomberos\u00a0 de su localidad.<\/p>\n<p><strong>Pablo Salinas Sald\u00edas<\/strong><\/p>\n<figure id=\"attachment_95649\" aria-describedby=\"caption-attachment-95649\" style=\"width: 580px\" class=\"wp-caption alignnone\"><img data-recalc-dims=\"1\" loading=\"lazy\" decoding=\"async\" class=\"size-full wp-image-95649\" src=\"https:\/\/i0.wp.com\/www.eltrabajo.cl\/portal\/wp-content\/uploads\/2019\/11\/POSTA-RURAL-SANTA-FILOMENA.jpg?resize=580%2C359\" alt=\"Bomberos concurri\u00f3 a la emergencia ocurrida al mediod\u00eda de ayer lunes en la Posta Rural de Santa Filomena. (Fotograf\u00eda: Emergencias Santa Mar\u00eda).\" width=\"580\" height=\"359\" srcset=\"https:\/\/i0.wp.com\/eltrabajo.cl\/portal\/wp-content\/uploads\/2019\/11\/POSTA-RURAL-SANTA-FILOMENA.jpg?w=580&amp;ssl=1 580w, https:\/\/i0.wp.com\/eltrabajo.cl\/portal\/wp-content\/uploads\/2019\/11\/POSTA-RURAL-SANTA-FILOMENA.jpg?resize=300%2C186&amp;ssl=1 300w, https:\/\/i0.wp.com\/eltrabajo.cl\/portal\/wp-content\/uploads\/2019\/11\/POSTA-RURAL-SANTA-FILOMENA.jpg?resize=200%2C124&amp;ssl=1 200w, https:\/\/i0.wp.com\/eltrabajo.cl\/portal\/wp-content\/uploads\/2019\/11\/POSTA-RURAL-SANTA-FILOMENA.jpg?resize=242%2C150&amp;ssl=1 242w, https:\/\/i0.wp.com\/eltrabajo.cl\/portal\/wp-content\/uploads\/2019\/11\/POSTA-RURAL-SANTA-FILOMENA.jpg?resize=400%2C248&amp;ssl=1 400w\" sizes=\"auto, (max-width: 580px) 100vw, 580px\" \/><figcaption id=\"caption-attachment-95649\" class=\"wp-caption-text\">Bomberos concurri\u00f3 a la emergencia ocurrida al mediod\u00eda de ayer lunes en la Posta Rural de Santa Filomena. (Fotograf\u00eda: Emergencias Santa Mar\u00eda).<\/figcaption><\/figure>\n","protected":false},"excerpt":{"rendered":"<p>Controlado por personal de Bomberos: Emergencia ocurri\u00f3 pasado el mediod\u00eda de ayer lunes, desconoci\u00e9ndose el origen de la emanaci\u00f3n.\u00a0 Bomberos efectu\u00f3 labores de ventilaci\u00f3n en el sitio del suceso. &nbsp; Pasado el&#8230;<\/p>\n","protected":false},"author":482,"featured_media":95649,"comment_status":"open","ping_status":"open","sticky":false,"template":"","format":"standard","meta":{"advanced_seo_description":"","jetpack_seo_html_title":"","jetpack_seo_noindex":false,"_jetpack_memberships_contains_paid_content":false,"footnotes":""},"categories":[21],"tags":[],"class_list":["post-95648","post","type-post","status-publish","format-standard","has-post-thumbnail","hentry","category-policial"],"jetpack_featured_media_url":"https:\/\/i0.wp.com\/eltrabajo.cl\/portal\/wp-content\/uploads\/2019\/11\/POSTA-RURAL-SANTA-FILOMENA.jpg?fit=580%2C359&ssl=1","jetpack_sharing_enabled":true,"jetpack_likes_enabled":true,"jetpack-related-posts":[],"_links":{"self":[{"href":"https:\/\/eltrabajo.cl\/portal\/wp-json\/wp\/v2\/posts\/95648","targetHints":{"allow":["GET"]}}],"collection":[{"href":"https:\/\/eltrabajo.cl\/portal\/wp-json\/wp\/v2\/posts"}],"about":[{"href":"https:\/\/eltrabajo.cl\/portal\/wp-json\/wp\/v2\/types\/post"}],"author":[{"embeddable":true,"href":"https:\/\/eltrabajo.cl\/portal\/wp-json\/wp\/v2\/users\/482"}],"replies":[{"embeddable":true,"href":"https:\/\/eltrabajo.cl\/portal\/wp-json\/wp\/v2\/comments?post=95648"}],"version-history":[{"count":0,"href":"https:\/\/eltrabajo.cl\/portal\/wp-json\/wp\/v2\/posts\/95648\/revisions"}],"wp:featuredmedia":[{"embeddable":true,"href":"https:\/\/eltrabajo.cl\/portal\/wp-json\/wp\/v2\/media\/95649"}],"wp:attachment":[{"href":"https:\/\/eltrabajo.cl\/portal\/wp-json\/wp\/v2\/media?parent=95648"}],"wp:term":[{"taxonomy":"category","embeddable":true,"href":"https:\/\/eltrabajo.cl\/portal\/wp-json\/wp\/v2\/categories?post=95648"},{"taxonomy":"post_tag","embeddable":true,"href":"https:\/\/eltrabajo.cl\/portal\/wp-json\/wp\/v2\/tags?post=95648"}],"curies":[{"name":"wp","href":"https:\/\/api.w.org\/{rel}","templated":true}]}}