{"id":95651,"date":"2019-11-26T05:06:41","date_gmt":"2019-11-26T08:06:41","guid":{"rendered":"http:\/\/www.eltrabajo.cl\/portal\/?p=95651"},"modified":"2019-11-26T01:11:13","modified_gmt":"2019-11-26T04:11:13","slug":"panteonero-reconoce-ventas-irregulares-de-tumbas-en-cementerio-parroquial","status":"publish","type":"post","link":"https:\/\/eltrabajo.cl\/portal\/panteonero-reconoce-ventas-irregulares-de-tumbas-en-cementerio-parroquial\/","title":{"rendered":"Panteonero reconoce ventas irregulares de tumbas en cementerio parroquial"},"content":{"rendered":"<p><span style=\"color: #ff0000;\"><strong>Obispado de San Felipe se niega ahora a responder a nuestro medio:<\/strong><\/span><\/p>\n<p>&nbsp;<\/p>\n<p><strong>CATEMU<\/strong>.- La situaci\u00f3n ya se sali\u00f3 de control en el Cementerio Parroquial de Catemu, dependiente del Obispado de San Felipe, instituci\u00f3n religiosa que guarda silencio ante el clamor de los vecinos que piden explicaciones sobre el paradero de sus familiares difuntos, nichos pagados que han sido vendidos a otras personas, sepulturas de las que son sacados los restos humanos para venderlas al mejor postor, como bien lo demuestra una seria investigaci\u00f3n desarrollada por <strong>Diario El Trabajo<\/strong> en ese lugar.<\/p>\n<p>Hoy martes compartimos con nuestros lectores la segunda entrega informativa en la que figura la anterior administradora del cementerio parroquial como la principal protagonista de una serie de irregularidades administrativas relacionadas al dudoso manejo de los dineros y terrenos destinados para honrar a los difuntos de la zona.<\/p>\n<p>Ayer lunes, desde las 9:00 horas, empezaron a llegar al camposanto autom\u00f3viles de distintas partes del pa\u00eds, pero en su mayor\u00eda de Catemu. Las personas llegaron porque se les hab\u00eda citado para atender los reclamos en este sentido, as\u00ed la gente lleg\u00f3 con recibos y documentos en los que se detallan los pagos a la exadministradora por muchos miles de pesos.<\/p>\n<p>&nbsp;<\/p>\n<p><span style=\"color: #ff0000;\"><strong>\u00abME SIENTO ESTAFADO\u00bb<\/strong><\/span><\/p>\n<p><strong>Diario El Trabajo<\/strong> habl\u00f3 con varias de estas personas afectadas. <strong>Mario Mart\u00ednez Delgado, afectado con terrenos comprados<\/strong>: <em>\u00abTengo problemas con la compra de unos terrenos en este cementerio, me cobraron $600.000 por un espacio, eso fue en el mes de junio. Me lo vendi\u00f3 la se\u00f1orita Ana Araya, resulta tambi\u00e9n que me estaba cobrando $60.000 m\u00e1s por la escritura, la cual no la pude pagar, despu\u00e9s hice las consultas y resulta que las escrituras no val\u00edan m\u00e1s de $35.00\u2019, o sea, me estaba cobrando una cantidad enorme, s\u00f3lo por un papel de construcci\u00f3n me estaban cobrando $100.000, despu\u00e9s $25.000 m\u00e1s, es un robo grande el que nos hicieron por todos lados es lo que estoy viendo <\/em>(\u2026) <em>a m\u00ed me dijeron este terreno est\u00e1 desocupado y lo compr\u00e9 inocentemente, pensando que todo era de buena fe lo que se estaba haciendo, pero ahora me estoy sintiendo totalmente estafado <\/em>(\u2026) <em>Aqu\u00ed una de dos, o me quedo con el terreno que compr\u00e9 o me devuelven el dinero, esa es la soluci\u00f3n que yo quiero. Tambi\u00e9n aqu\u00ed han jugado con nosotros, por ejemplo solamente por cambiarla de un lugar a dos metros de distancia me cobraron $50.000, los cuales inocentemente tambi\u00e9n pagu\u00e9 por ser mi madre y no pedimos boleta, me siento totalmente estafado, tanto que cuesta ganarse el dinero<\/em>\u00bb.<\/p>\n<p>&nbsp;<\/p>\n<p><span style=\"color: #ff0000;\"><strong>HABLA EL PANTEONERO<\/strong><\/span><\/p>\n<p>Nuestro medio logr\u00f3 sostener un conversaci\u00f3n en Exclusiva con <strong>Omar Antonio \u2018Pachuco\u2019 Aguayo Toro<\/strong>, quien desde hace 36 a\u00f1os labora en ese lugar como panteonero del Cementerio Parroquial de Catemu. \u00c9l reconoce que s\u00ed ten\u00eda conocimiento de estas ventas irregulares y exhumaciones arbitrarias de cuerpos. Al parecer eran nichos y tumbas con derecho perpetuo, y en estos casos nunca se les inform\u00f3 a los familiares del difunto.<\/p>\n<p>&#8211; <strong>\u00bfUsted tuvo conocimiento de alguna irregularidad que estuviera ocurriendo con cobros o movimiento de cad\u00e1veres de forma irregular en este cementerio?<\/strong><\/p>\n<p>&#8211; S\u00ed, hab\u00edan bastantes irregularidades, porque realmente eso fue lo que pas\u00f3 cuando empezaron a venderse las sepulturas.<\/p>\n<p>&#8211; <strong>\u00bfDesde hace cu\u00e1nto tiempo usted detect\u00f3 estas irregularidades?<\/strong><\/p>\n<p>&#8211; Desde hace como dos o tres a\u00f1os m\u00e1s o menos.<\/p>\n<p>&#8211; <strong>\u00bfUsted sospech\u00f3 algo?<\/strong><\/p>\n<p>&#8211; No, yo ni ten\u00eda idea de lo que estaba pasando, pues a m\u00ed me mandaba ella y se sabe que si a uno lo mandan hay que hacer el trabajo.<\/p>\n<p>&#8211; <strong>\u00bfUsted sabe de traspasos extra\u00f1os de cuerpos o de forma irregular?<\/strong><\/p>\n<p>&#8211; S\u00ed hab\u00edan, hab\u00eda traspasos, a veces cuando ella (Anita Araya) estaba vendiendo las tumbas, yo le dec\u00eda que ten\u00edan finado, pero ella se fijaba en el libro de pagos del mantenimiento y como no estaban pagadas algunas mantenciones, entonces ella se basaba para vender el terreno. No se le comunicaba a la familia del finado nada, nada.<\/p>\n<p>&#8211; <strong>\u00bfQu\u00e9 le puede decir usted a los vecinos de Catemu y de otras partes del pa\u00eds que se est\u00e1n viendo ahora afectados con este problema?<\/strong><\/p>\n<p>&#8211; Bueno yo aqu\u00ed no tengo culpa porque aqu\u00ed yo realmente soy inocente, no ten\u00eda ni idea de lo que estaba sucediendo; bueno ahora con la se\u00f1orita esta que empez\u00f3 a salir a la luz y bueno, qu\u00e9 le vamos a hacer.<\/p>\n<p>&#8211; <strong>\u00bfC\u00f3mo se siente al ver que las personas le reclaman a usted por el destino de sus difuntos?<\/strong><\/p>\n<p>&#8211; Me siento indignado porque ahora soy yo el perjudicado, a las familias perjudicadas no les puedo ofrecer disculpas, el problema viene de abajo (de las oficinas) y yo solamente les pido perd\u00f3n nom\u00e1s porque realmente no ten\u00eda idea de lo que estaba sucediendo.<\/p>\n<p>&nbsp;<\/p>\n<p><span style=\"color: #ff0000;\"><strong>OBISPADO CALLA<\/strong><\/span><\/p>\n<p><strong><em>Ma\u00f1ana mi\u00e9rcoles<\/em><\/strong> en <strong>Diario El Trabajo<\/strong> publicaremos la tercera entrega period\u00edstica en la que hablaremos de otras irregularidades, tanto o m\u00e1s graves que las conocidas hasta ahora. Son muchas las preguntas que necesitan respuestas: \u00bfPor qu\u00e9 el Obispado de San Felipe se niega ahora a responder nuestras preguntas y llamados? \u00bfQu\u00e9 soluci\u00f3n ofrecer\u00e1 finalmente la entidad religiosa para que vivos y muertos encuentren paz tras este descalabro econ\u00f3mico, \u00e9tico y moral? \u00bfSupervisa el Obispado lo que ocurre en sus cementerios parroquiales? \u00bfEs este un caso puntual, o hay problemas tambi\u00e9n en otras comunas? Tambi\u00e9n ma\u00f1ana hablaremos con otros vecinos afectados por quien les vendi\u00f3 tumbas irregulares.<\/p>\n<p><strong>Roberto Gonz\u00e1lez Short<br \/>\n<\/strong><strong>ENVIADO ESPECIAL<\/strong><\/p>\n<figure id=\"attachment_95652\" aria-describedby=\"caption-attachment-95652\" style=\"width: 580px\" class=\"wp-caption alignnone\"><img data-recalc-dims=\"1\" loading=\"lazy\" decoding=\"async\" class=\"size-full wp-image-95652\" src=\"https:\/\/i0.wp.com\/www.eltrabajo.cl\/portal\/wp-content\/uploads\/2019\/11\/Tumbas1.jpg?resize=580%2C359\" alt=\"EXIGEN EXPLICACIONES.- Ellos son s\u00f3lo un grupo de las tantas personas que llegaron ayer lunes al Cementerio Parroquial de Catemu, algunos para saber d\u00f3nde est\u00e1n sus seres queridos, y por qu\u00e9 sus nichos aparecen con varios due\u00f1os.\" width=\"580\" height=\"359\" srcset=\"https:\/\/i0.wp.com\/eltrabajo.cl\/portal\/wp-content\/uploads\/2019\/11\/Tumbas1.jpg?w=580&amp;ssl=1 580w, https:\/\/i0.wp.com\/eltrabajo.cl\/portal\/wp-content\/uploads\/2019\/11\/Tumbas1.jpg?resize=300%2C186&amp;ssl=1 300w, https:\/\/i0.wp.com\/eltrabajo.cl\/portal\/wp-content\/uploads\/2019\/11\/Tumbas1.jpg?resize=200%2C124&amp;ssl=1 200w, https:\/\/i0.wp.com\/eltrabajo.cl\/portal\/wp-content\/uploads\/2019\/11\/Tumbas1.jpg?resize=242%2C150&amp;ssl=1 242w, https:\/\/i0.wp.com\/eltrabajo.cl\/portal\/wp-content\/uploads\/2019\/11\/Tumbas1.jpg?resize=400%2C248&amp;ssl=1 400w\" sizes=\"auto, (max-width: 580px) 100vw, 580px\" \/><figcaption id=\"caption-attachment-95652\" class=\"wp-caption-text\">EXIGEN EXPLICACIONES.- Ellos son s\u00f3lo un grupo de las tantas personas que llegaron ayer lunes al Cementerio Parroquial de Catemu, algunos para saber d\u00f3nde est\u00e1n sus seres queridos, y por qu\u00e9 sus nichos aparecen con varios due\u00f1os.<\/figcaption><\/figure>\n<p>&nbsp;<\/p>\n<figure id=\"attachment_95653\" aria-describedby=\"caption-attachment-95653\" style=\"width: 580px\" class=\"wp-caption alignnone\"><img data-recalc-dims=\"1\" loading=\"lazy\" decoding=\"async\" class=\"size-full wp-image-95653\" src=\"https:\/\/i0.wp.com\/www.eltrabajo.cl\/portal\/wp-content\/uploads\/2019\/11\/Tumbas2.jpg?resize=580%2C360\" alt=\"FUNCIONARIA SOBREPASADA.- Fabiola Ledesma, actual administradora interina del cementerio, atendi\u00f3 en el camposanto a las personas afectadas, quienes se sienten estafadas por quien administraba el lugar.\" width=\"580\" height=\"360\" srcset=\"https:\/\/i0.wp.com\/eltrabajo.cl\/portal\/wp-content\/uploads\/2019\/11\/Tumbas2.jpg?w=580&amp;ssl=1 580w, https:\/\/i0.wp.com\/eltrabajo.cl\/portal\/wp-content\/uploads\/2019\/11\/Tumbas2.jpg?resize=300%2C186&amp;ssl=1 300w, https:\/\/i0.wp.com\/eltrabajo.cl\/portal\/wp-content\/uploads\/2019\/11\/Tumbas2.jpg?resize=200%2C124&amp;ssl=1 200w, https:\/\/i0.wp.com\/eltrabajo.cl\/portal\/wp-content\/uploads\/2019\/11\/Tumbas2.jpg?resize=242%2C150&amp;ssl=1 242w, https:\/\/i0.wp.com\/eltrabajo.cl\/portal\/wp-content\/uploads\/2019\/11\/Tumbas2.jpg?resize=400%2C248&amp;ssl=1 400w\" sizes=\"auto, (max-width: 580px) 100vw, 580px\" \/><figcaption id=\"caption-attachment-95653\" class=\"wp-caption-text\">FUNCIONARIA SOBREPASADA.- Fabiola Ledesma, actual administradora interina del cementerio, atendi\u00f3 en el camposanto a las personas afectadas, quienes se sienten estafadas por quien administraba el lugar.<\/figcaption><\/figure>\n<p>&nbsp;<\/p>\n<figure id=\"attachment_95654\" aria-describedby=\"caption-attachment-95654\" style=\"width: 580px\" class=\"wp-caption alignnone\"><img data-recalc-dims=\"1\" loading=\"lazy\" decoding=\"async\" class=\"size-full wp-image-95654\" src=\"https:\/\/i0.wp.com\/www.eltrabajo.cl\/portal\/wp-content\/uploads\/2019\/11\/Tumbas_Maria-Perez-Tapia.jpg?resize=580%2C598\" alt=\"Mar\u00eda P\u00e9rez Tapia, una de las tantas vecinas afectadas, quien destap\u00f3 este vergonzoso esc\u00e1ndalo.\" width=\"580\" height=\"598\" srcset=\"https:\/\/i0.wp.com\/eltrabajo.cl\/portal\/wp-content\/uploads\/2019\/11\/Tumbas_Maria-Perez-Tapia.jpg?w=580&amp;ssl=1 580w, https:\/\/i0.wp.com\/eltrabajo.cl\/portal\/wp-content\/uploads\/2019\/11\/Tumbas_Maria-Perez-Tapia.jpg?resize=291%2C300&amp;ssl=1 291w, https:\/\/i0.wp.com\/eltrabajo.cl\/portal\/wp-content\/uploads\/2019\/11\/Tumbas_Maria-Perez-Tapia.jpg?resize=145%2C150&amp;ssl=1 145w, https:\/\/i0.wp.com\/eltrabajo.cl\/portal\/wp-content\/uploads\/2019\/11\/Tumbas_Maria-Perez-Tapia.jpg?resize=400%2C412&amp;ssl=1 400w\" sizes=\"auto, (max-width: 580px) 100vw, 580px\" \/><figcaption id=\"caption-attachment-95654\" class=\"wp-caption-text\">Mar\u00eda P\u00e9rez Tapia, una de las tantas vecinas afectadas, quien destap\u00f3 este vergonzoso esc\u00e1ndalo.<\/figcaption><\/figure>\n<p>&nbsp;<\/p>\n<figure id=\"attachment_95655\" aria-describedby=\"caption-attachment-95655\" style=\"width: 580px\" class=\"wp-caption alignnone\"><img data-recalc-dims=\"1\" loading=\"lazy\" decoding=\"async\" class=\"size-full wp-image-95655\" src=\"https:\/\/i0.wp.com\/www.eltrabajo.cl\/portal\/wp-content\/uploads\/2019\/11\/Tumbas_Mario-Martinez-Delgado.jpg?resize=580%2C600\" alt=\"Mario Mart\u00ednez Delgado, afectado con terrenos comprados.\" width=\"580\" height=\"600\" srcset=\"https:\/\/i0.wp.com\/eltrabajo.cl\/portal\/wp-content\/uploads\/2019\/11\/Tumbas_Mario-Martinez-Delgado.jpg?w=580&amp;ssl=1 580w, https:\/\/i0.wp.com\/eltrabajo.cl\/portal\/wp-content\/uploads\/2019\/11\/Tumbas_Mario-Martinez-Delgado.jpg?resize=290%2C300&amp;ssl=1 290w, https:\/\/i0.wp.com\/eltrabajo.cl\/portal\/wp-content\/uploads\/2019\/11\/Tumbas_Mario-Martinez-Delgado.jpg?resize=145%2C150&amp;ssl=1 145w, https:\/\/i0.wp.com\/eltrabajo.cl\/portal\/wp-content\/uploads\/2019\/11\/Tumbas_Mario-Martinez-Delgado.jpg?resize=400%2C414&amp;ssl=1 400w\" sizes=\"auto, (max-width: 580px) 100vw, 580px\" \/><figcaption id=\"caption-attachment-95655\" class=\"wp-caption-text\">Mario Mart\u00ednez Delgado, afectado con terrenos comprados.<\/figcaption><\/figure>\n<p>&nbsp;<\/p>\n<figure id=\"attachment_95656\" aria-describedby=\"caption-attachment-95656\" style=\"width: 580px\" class=\"wp-caption alignnone\"><img data-recalc-dims=\"1\" loading=\"lazy\" decoding=\"async\" class=\"size-full wp-image-95656\" src=\"https:\/\/i0.wp.com\/www.eltrabajo.cl\/portal\/wp-content\/uploads\/2019\/11\/Tumbas_Omar-Antonio-Aguayo-Toro.jpg?resize=580%2C598\" alt=\"Omar Antonio \u2018Pachuco\u2019 Aguayo Toro, desde hace 36 a\u00f1os labora en ese lugar como panteonero.\" width=\"580\" height=\"598\" srcset=\"https:\/\/i0.wp.com\/eltrabajo.cl\/portal\/wp-content\/uploads\/2019\/11\/Tumbas_Omar-Antonio-Aguayo-Toro.jpg?w=580&amp;ssl=1 580w, https:\/\/i0.wp.com\/eltrabajo.cl\/portal\/wp-content\/uploads\/2019\/11\/Tumbas_Omar-Antonio-Aguayo-Toro.jpg?resize=291%2C300&amp;ssl=1 291w, https:\/\/i0.wp.com\/eltrabajo.cl\/portal\/wp-content\/uploads\/2019\/11\/Tumbas_Omar-Antonio-Aguayo-Toro.jpg?resize=145%2C150&amp;ssl=1 145w, https:\/\/i0.wp.com\/eltrabajo.cl\/portal\/wp-content\/uploads\/2019\/11\/Tumbas_Omar-Antonio-Aguayo-Toro.jpg?resize=400%2C412&amp;ssl=1 400w\" sizes=\"auto, (max-width: 580px) 100vw, 580px\" \/><figcaption id=\"caption-attachment-95656\" class=\"wp-caption-text\">Omar Antonio \u2018Pachuco\u2019 Aguayo Toro, desde hace 36 a\u00f1os labora en ese lugar como panteonero.<\/figcaption><\/figure>\n","protected":false},"excerpt":{"rendered":"<p>Obispado de San Felipe se niega ahora a responder a nuestro medio: &nbsp; CATEMU.- La situaci\u00f3n ya se sali\u00f3 de control en el Cementerio Parroquial de Catemu, dependiente del Obispado de San&#8230;<\/p>\n","protected":false},"author":482,"featured_media":95652,"comment_status":"open","ping_status":"open","sticky":false,"template":"","format":"standard","meta":{"advanced_seo_description":"","jetpack_seo_html_title":"","jetpack_seo_noindex":false,"_jetpack_memberships_contains_paid_content":false,"footnotes":""},"categories":[15],"tags":[],"class_list":["post-95651","post","type-post","status-publish","format-standard","has-post-thumbnail","hentry","category-comunidad"],"jetpack_featured_media_url":"https:\/\/i0.wp.com\/eltrabajo.cl\/portal\/wp-content\/uploads\/2019\/11\/Tumbas1.jpg?fit=580%2C359&ssl=1","jetpack_sharing_enabled":true,"jetpack_likes_enabled":true,"jetpack-related-posts":[],"_links":{"self":[{"href":"https:\/\/eltrabajo.cl\/portal\/wp-json\/wp\/v2\/posts\/95651","targetHints":{"allow":["GET"]}}],"collection":[{"href":"https:\/\/eltrabajo.cl\/portal\/wp-json\/wp\/v2\/posts"}],"about":[{"href":"https:\/\/eltrabajo.cl\/portal\/wp-json\/wp\/v2\/types\/post"}],"author":[{"embeddable":true,"href":"https:\/\/eltrabajo.cl\/portal\/wp-json\/wp\/v2\/users\/482"}],"replies":[{"embeddable":true,"href":"https:\/\/eltrabajo.cl\/portal\/wp-json\/wp\/v2\/comments?post=95651"}],"version-history":[{"count":0,"href":"https:\/\/eltrabajo.cl\/portal\/wp-json\/wp\/v2\/posts\/95651\/revisions"}],"wp:featuredmedia":[{"embeddable":true,"href":"https:\/\/eltrabajo.cl\/portal\/wp-json\/wp\/v2\/media\/95652"}],"wp:attachment":[{"href":"https:\/\/eltrabajo.cl\/portal\/wp-json\/wp\/v2\/media?parent=95651"}],"wp:term":[{"taxonomy":"category","embeddable":true,"href":"https:\/\/eltrabajo.cl\/portal\/wp-json\/wp\/v2\/categories?post=95651"},{"taxonomy":"post_tag","embeddable":true,"href":"https:\/\/eltrabajo.cl\/portal\/wp-json\/wp\/v2\/tags?post=95651"}],"curies":[{"name":"wp","href":"https:\/\/api.w.org\/{rel}","templated":true}]}}