{"id":95658,"date":"2019-11-27T05:01:33","date_gmt":"2019-11-27T08:01:33","guid":{"rendered":"http:\/\/www.eltrabajo.cl\/portal\/?p=95658"},"modified":"2019-11-26T20:36:22","modified_gmt":"2019-11-26T23:36:22","slug":"union-san-felipe-inicio-la-prueba-masiva-de-jugadores-para-sus-series-inferiores","status":"publish","type":"post","link":"https:\/\/eltrabajo.cl\/portal\/union-san-felipe-inicio-la-prueba-masiva-de-jugadores-para-sus-series-inferiores\/","title":{"rendered":"Uni\u00f3n San Felipe inici\u00f3 la prueba masiva de jugadores para sus series inferiores"},"content":{"rendered":"<p>Durante la tarde de ayer Uni\u00f3n San Felipe inici\u00f3 las pruebas de jugadores para sus series inferiores. Los test de evaluaci\u00f3n a los que someter\u00e1n los ni\u00f1os y j\u00f3venes que quieran ser parte de las fuerzas b\u00e1sicas albirrojas durante el 2020 se efect\u00faan en el complejo deportivo del club que se ubica en el sector Parras\u00eda Bajo.<\/p>\n<p>Las primeras pruebas fueron para los nacidos durante los a\u00f1os: 2004, 2005, 2006. La oportunidad para las categor\u00edas: 2007, 2008 y 2009 ser\u00e1n hoy a partir de las cuatro y media de la tarde, mientras que los: 2010, 2011 y 2012, tendr\u00e1n la chance de mostrar sus aptitudes ma\u00f1ana jueves y en el mismo horario.<\/p>\n<p>El cuerpo de profesionales que evaluar\u00e1 a los jugadores es encabezado por el profesor Rodrigo Garc\u00eda, quien es secundado por los ex jugadores y ahora t\u00e9cnicos Jorge Acu\u00f1a, Nicol\u00e1s Su\u00e1rez y H\u00e9ctor Roco.<\/p>\n<figure id=\"attachment_95659\" aria-describedby=\"caption-attachment-95659\" style=\"width: 580px\" class=\"wp-caption alignnone\"><img data-recalc-dims=\"1\" loading=\"lazy\" decoding=\"async\" class=\"size-full wp-image-95659\" src=\"https:\/\/i0.wp.com\/www.eltrabajo.cl\/portal\/wp-content\/uploads\/2019\/11\/cadetes.jpg?resize=580%2C360\" alt=\"Entre ayer martes y este jueves habr\u00e1 prueba de jugadores para las series inferiores del Un\u00ed Un\u00ed.\" width=\"580\" height=\"360\" srcset=\"https:\/\/i0.wp.com\/eltrabajo.cl\/portal\/wp-content\/uploads\/2019\/11\/cadetes.jpg?w=580&amp;ssl=1 580w, https:\/\/i0.wp.com\/eltrabajo.cl\/portal\/wp-content\/uploads\/2019\/11\/cadetes.jpg?resize=300%2C186&amp;ssl=1 300w, https:\/\/i0.wp.com\/eltrabajo.cl\/portal\/wp-content\/uploads\/2019\/11\/cadetes.jpg?resize=200%2C124&amp;ssl=1 200w, https:\/\/i0.wp.com\/eltrabajo.cl\/portal\/wp-content\/uploads\/2019\/11\/cadetes.jpg?resize=242%2C150&amp;ssl=1 242w, https:\/\/i0.wp.com\/eltrabajo.cl\/portal\/wp-content\/uploads\/2019\/11\/cadetes.jpg?resize=400%2C248&amp;ssl=1 400w\" sizes=\"auto, (max-width: 580px) 100vw, 580px\" \/><figcaption id=\"caption-attachment-95659\" class=\"wp-caption-text\">Entre ayer martes y este jueves habr\u00e1 prueba de jugadores para las series inferiores del Un\u00ed Un\u00ed.<\/figcaption><\/figure>\n","protected":false},"excerpt":{"rendered":"<p>Durante la tarde de ayer Uni\u00f3n San Felipe inici\u00f3 las pruebas de jugadores para sus series inferiores. Los test de evaluaci\u00f3n a los que someter\u00e1n los ni\u00f1os y j\u00f3venes que quieran ser&#8230;<\/p>\n","protected":false},"author":482,"featured_media":95659,"comment_status":"open","ping_status":"open","sticky":false,"template":"","format":"standard","meta":{"advanced_seo_description":"","jetpack_seo_html_title":"","jetpack_seo_noindex":false,"_jetpack_memberships_contains_paid_content":false,"footnotes":""},"categories":[19],"tags":[],"class_list":["post-95658","post","type-post","status-publish","format-standard","has-post-thumbnail","hentry","category-deportes"],"jetpack_featured_media_url":"https:\/\/i0.wp.com\/eltrabajo.cl\/portal\/wp-content\/uploads\/2019\/11\/cadetes.jpg?fit=580%2C360&ssl=1","jetpack_sharing_enabled":true,"jetpack_likes_enabled":true,"jetpack-related-posts":[],"_links":{"self":[{"href":"https:\/\/eltrabajo.cl\/portal\/wp-json\/wp\/v2\/posts\/95658","targetHints":{"allow":["GET"]}}],"collection":[{"href":"https:\/\/eltrabajo.cl\/portal\/wp-json\/wp\/v2\/posts"}],"about":[{"href":"https:\/\/eltrabajo.cl\/portal\/wp-json\/wp\/v2\/types\/post"}],"author":[{"embeddable":true,"href":"https:\/\/eltrabajo.cl\/portal\/wp-json\/wp\/v2\/users\/482"}],"replies":[{"embeddable":true,"href":"https:\/\/eltrabajo.cl\/portal\/wp-json\/wp\/v2\/comments?post=95658"}],"version-history":[{"count":0,"href":"https:\/\/eltrabajo.cl\/portal\/wp-json\/wp\/v2\/posts\/95658\/revisions"}],"wp:featuredmedia":[{"embeddable":true,"href":"https:\/\/eltrabajo.cl\/portal\/wp-json\/wp\/v2\/media\/95659"}],"wp:attachment":[{"href":"https:\/\/eltrabajo.cl\/portal\/wp-json\/wp\/v2\/media?parent=95658"}],"wp:term":[{"taxonomy":"category","embeddable":true,"href":"https:\/\/eltrabajo.cl\/portal\/wp-json\/wp\/v2\/categories?post=95658"},{"taxonomy":"post_tag","embeddable":true,"href":"https:\/\/eltrabajo.cl\/portal\/wp-json\/wp\/v2\/tags?post=95658"}],"curies":[{"name":"wp","href":"https:\/\/api.w.org\/{rel}","templated":true}]}}