{"id":95662,"date":"2019-11-27T05:02:42","date_gmt":"2019-11-27T08:02:42","guid":{"rendered":"http:\/\/www.eltrabajo.cl\/portal\/?p=95662"},"modified":"2019-11-26T20:38:42","modified_gmt":"2019-11-26T23:38:42","slug":"manifestaciones-pacificas-continuan-por-las-principales-calles-de-san-felipe","status":"publish","type":"post","link":"https:\/\/eltrabajo.cl\/portal\/manifestaciones-pacificas-continuan-por-las-principales-calles-de-san-felipe\/","title":{"rendered":"Manifestaciones pac\u00edficas contin\u00faan por las principales calles de San Felipe"},"content":{"rendered":"<p><span style=\"color: #ff0000;\"><strong>Mujeres marchan para denunciar la violencia contra ellas:<\/strong><\/span><\/p>\n<p>Ordenadas y pac\u00edficas fueron las marchas que se desarrollaron la tarde de este lunes y la ma\u00f1ana de ayer martes en las calles de San Felipe. En esta oportunidad participaron en la primera muchas mujeres, quienes marcharon celebrando el <strong><em>D\u00eda Internacional de la Eliminaci\u00f3n de la Violencia contra la Mujer<\/em><\/strong>, esta iniciativa cont\u00f3 tambi\u00e9n con presencia \u00e9tnica de los pueblos originarios de la comuna.<\/p>\n<p>La segunda manifestaci\u00f3n inici\u00f3 la ma\u00f1ana del martes cerca del mediod\u00eda y en ella participaron la Fenats Aconcagua, Junji, el Jard\u00edn Infantil Sol Naciente, la Asociaci\u00f3n de T\u00e9cnicos en enfermer\u00eda, asistentes de p\u00e1rvulos, Jardines VTF, Afesan, Hospital Psiqui\u00e1trico Dr. Philippe Pinel y otras Fuerzas Vivas de nuestra comuna, tambi\u00e9n esta manifestaci\u00f3n culmin\u00f3 sin violencia.<\/p>\n<figure id=\"attachment_95663\" aria-describedby=\"caption-attachment-95663\" style=\"width: 580px\" class=\"wp-caption alignnone\"><img data-recalc-dims=\"1\" loading=\"lazy\" decoding=\"async\" class=\"size-full wp-image-95663\" src=\"https:\/\/i0.wp.com\/www.eltrabajo.cl\/portal\/wp-content\/uploads\/2019\/11\/Marchas1-2.jpg?resize=580%2C359\" alt=\"SIGUEN LAS MARCHAS.- Cientos de sanfelipe\u00f1os marcharon este martes por calle Prat en direcci\u00f3n a Traslavi\u00f1a, Merced y Plaza C\u00edvica.\" width=\"580\" height=\"359\" srcset=\"https:\/\/i0.wp.com\/eltrabajo.cl\/portal\/wp-content\/uploads\/2019\/11\/Marchas1-2.jpg?w=580&amp;ssl=1 580w, https:\/\/i0.wp.com\/eltrabajo.cl\/portal\/wp-content\/uploads\/2019\/11\/Marchas1-2.jpg?resize=300%2C186&amp;ssl=1 300w, https:\/\/i0.wp.com\/eltrabajo.cl\/portal\/wp-content\/uploads\/2019\/11\/Marchas1-2.jpg?resize=200%2C124&amp;ssl=1 200w, https:\/\/i0.wp.com\/eltrabajo.cl\/portal\/wp-content\/uploads\/2019\/11\/Marchas1-2.jpg?resize=242%2C150&amp;ssl=1 242w, https:\/\/i0.wp.com\/eltrabajo.cl\/portal\/wp-content\/uploads\/2019\/11\/Marchas1-2.jpg?resize=400%2C248&amp;ssl=1 400w\" sizes=\"auto, (max-width: 580px) 100vw, 580px\" \/><figcaption id=\"caption-attachment-95663\" class=\"wp-caption-text\">SIGUEN LAS MARCHAS.- Cientos de sanfelipe\u00f1os marcharon este martes por calle Prat en direcci\u00f3n a Traslavi\u00f1a, Merced y Plaza C\u00edvica.<\/figcaption><\/figure>\n<p>&nbsp;<\/p>\n<figure id=\"attachment_95664\" aria-describedby=\"caption-attachment-95664\" style=\"width: 580px\" class=\"wp-caption alignnone\"><img data-recalc-dims=\"1\" loading=\"lazy\" decoding=\"async\" class=\"size-full wp-image-95664\" src=\"https:\/\/i0.wp.com\/www.eltrabajo.cl\/portal\/wp-content\/uploads\/2019\/11\/Marchas2-2.jpg?resize=580%2C360\" alt=\"Gente de la Fenats y el Hospital Psiqui\u00e1trico Dr. Philippe Pinel, se hizo sentir en el centro de San Felipe.\" width=\"580\" height=\"360\" srcset=\"https:\/\/i0.wp.com\/eltrabajo.cl\/portal\/wp-content\/uploads\/2019\/11\/Marchas2-2.jpg?w=580&amp;ssl=1 580w, https:\/\/i0.wp.com\/eltrabajo.cl\/portal\/wp-content\/uploads\/2019\/11\/Marchas2-2.jpg?resize=300%2C186&amp;ssl=1 300w, https:\/\/i0.wp.com\/eltrabajo.cl\/portal\/wp-content\/uploads\/2019\/11\/Marchas2-2.jpg?resize=200%2C124&amp;ssl=1 200w, https:\/\/i0.wp.com\/eltrabajo.cl\/portal\/wp-content\/uploads\/2019\/11\/Marchas2-2.jpg?resize=242%2C150&amp;ssl=1 242w, https:\/\/i0.wp.com\/eltrabajo.cl\/portal\/wp-content\/uploads\/2019\/11\/Marchas2-2.jpg?resize=400%2C248&amp;ssl=1 400w\" sizes=\"auto, (max-width: 580px) 100vw, 580px\" \/><figcaption id=\"caption-attachment-95664\" class=\"wp-caption-text\">Gente de la Fenats y el Hospital Psiqui\u00e1trico Dr. Philippe Pinel, se hizo sentir en el centro de San Felipe.<\/figcaption><\/figure>\n<p>&nbsp;<\/p>\n<figure id=\"attachment_95665\" aria-describedby=\"caption-attachment-95665\" style=\"width: 580px\" class=\"wp-caption alignnone\"><img data-recalc-dims=\"1\" loading=\"lazy\" decoding=\"async\" class=\"size-full wp-image-95665\" src=\"https:\/\/i0.wp.com\/www.eltrabajo.cl\/portal\/wp-content\/uploads\/2019\/11\/Marchas3-1.jpg?resize=580%2C360\" alt=\"MUJERES AL FRENTE.- Ellas son las f\u00e9minas aconcag\u00fcinas, dispuestas a seguir luchando por la no violencia.\" width=\"580\" height=\"360\" srcset=\"https:\/\/i0.wp.com\/eltrabajo.cl\/portal\/wp-content\/uploads\/2019\/11\/Marchas3-1.jpg?w=580&amp;ssl=1 580w, https:\/\/i0.wp.com\/eltrabajo.cl\/portal\/wp-content\/uploads\/2019\/11\/Marchas3-1.jpg?resize=300%2C186&amp;ssl=1 300w, https:\/\/i0.wp.com\/eltrabajo.cl\/portal\/wp-content\/uploads\/2019\/11\/Marchas3-1.jpg?resize=200%2C124&amp;ssl=1 200w, https:\/\/i0.wp.com\/eltrabajo.cl\/portal\/wp-content\/uploads\/2019\/11\/Marchas3-1.jpg?resize=242%2C150&amp;ssl=1 242w, https:\/\/i0.wp.com\/eltrabajo.cl\/portal\/wp-content\/uploads\/2019\/11\/Marchas3-1.jpg?resize=400%2C248&amp;ssl=1 400w\" sizes=\"auto, (max-width: 580px) 100vw, 580px\" \/><figcaption id=\"caption-attachment-95665\" class=\"wp-caption-text\">MUJERES AL FRENTE.- Ellas son las f\u00e9minas aconcag\u00fcinas, dispuestas a seguir luchando por la no violencia.<\/figcaption><\/figure>\n","protected":false},"excerpt":{"rendered":"<p>Mujeres marchan para denunciar la violencia contra ellas: Ordenadas y pac\u00edficas fueron las marchas que se desarrollaron la tarde de este lunes y la ma\u00f1ana de ayer martes en las calles de&#8230;<\/p>\n","protected":false},"author":482,"featured_media":95665,"comment_status":"open","ping_status":"open","sticky":false,"template":"","format":"standard","meta":{"advanced_seo_description":"","jetpack_seo_html_title":"","jetpack_seo_noindex":false,"_jetpack_memberships_contains_paid_content":false,"footnotes":""},"categories":[15],"tags":[],"class_list":["post-95662","post","type-post","status-publish","format-standard","has-post-thumbnail","hentry","category-comunidad"],"jetpack_featured_media_url":"https:\/\/i0.wp.com\/eltrabajo.cl\/portal\/wp-content\/uploads\/2019\/11\/Marchas3-1.jpg?fit=580%2C360&ssl=1","jetpack_sharing_enabled":true,"jetpack_likes_enabled":true,"jetpack-related-posts":[],"_links":{"self":[{"href":"https:\/\/eltrabajo.cl\/portal\/wp-json\/wp\/v2\/posts\/95662","targetHints":{"allow":["GET"]}}],"collection":[{"href":"https:\/\/eltrabajo.cl\/portal\/wp-json\/wp\/v2\/posts"}],"about":[{"href":"https:\/\/eltrabajo.cl\/portal\/wp-json\/wp\/v2\/types\/post"}],"author":[{"embeddable":true,"href":"https:\/\/eltrabajo.cl\/portal\/wp-json\/wp\/v2\/users\/482"}],"replies":[{"embeddable":true,"href":"https:\/\/eltrabajo.cl\/portal\/wp-json\/wp\/v2\/comments?post=95662"}],"version-history":[{"count":0,"href":"https:\/\/eltrabajo.cl\/portal\/wp-json\/wp\/v2\/posts\/95662\/revisions"}],"wp:featuredmedia":[{"embeddable":true,"href":"https:\/\/eltrabajo.cl\/portal\/wp-json\/wp\/v2\/media\/95665"}],"wp:attachment":[{"href":"https:\/\/eltrabajo.cl\/portal\/wp-json\/wp\/v2\/media?parent=95662"}],"wp:term":[{"taxonomy":"category","embeddable":true,"href":"https:\/\/eltrabajo.cl\/portal\/wp-json\/wp\/v2\/categories?post=95662"},{"taxonomy":"post_tag","embeddable":true,"href":"https:\/\/eltrabajo.cl\/portal\/wp-json\/wp\/v2\/tags?post=95662"}],"curies":[{"name":"wp","href":"https:\/\/api.w.org\/{rel}","templated":true}]}}