{"id":95667,"date":"2019-11-27T05:03:48","date_gmt":"2019-11-27T08:03:48","guid":{"rendered":"http:\/\/www.eltrabajo.cl\/portal\/?p=95667"},"modified":"2019-11-26T20:46:49","modified_gmt":"2019-11-26T23:46:49","slug":"metieron-en-saco-papero-a-bebe-muerto-para-vender-su-nicho-a-otra-persona","status":"publish","type":"post","link":"https:\/\/eltrabajo.cl\/portal\/metieron-en-saco-papero-a-bebe-muerto-para-vender-su-nicho-a-otra-persona\/","title":{"rendered":"Metieron en saco papero a beb\u00e9 muerto para vender su nicho a otra persona"},"content":{"rendered":"<p><span style=\"color: #ff0000;\"><strong>Escalofriantes historias salen a la luz en cementerio de Catemu:<\/strong><\/span><\/p>\n<p><strong>CATEMU<\/strong>.- De significar solamente un aparente enga\u00f1o y aprovechamiento econ\u00f3mico indebido por parte de personas a cargo de administrar el Cementerio Parroquial de Catemu en perjuicio de muchas familias con seres queridos sepultados en ese lugar de reposo, la labor investigativa que durante varias semanas ha desarrollado <strong>Diario El Trabajo<\/strong> nos lleva ahora a un terreno distinto, insospechado al principio, pues ahora nuestras pesquisas en terreno nos llevaron al lado m\u00e1s oscuro del coraz\u00f3n humano.<\/p>\n<p>&nbsp;<\/p>\n<p><span style=\"color: #ff0000;\"><strong>CUERPO DE NI\u00d1O EN SACO PAPERO<\/strong><\/span><\/p>\n<p><strong>Ivania Ibacache<\/strong> habl\u00f3 en Exclusiva con nuestro medio para compartirnos una ins\u00f3lita informaci\u00f3n que se\u00f1alar\u00eda exhumaciones improvisadas con la idea de ganar m\u00e1s dinero la o los involucrados, y que se\u00f1alan directamente al panteonero Omar Aguayo y su antigua jefa, \u00ab<em>yo le pregunt\u00e9 a Omar que me revelara de qui\u00e9n era el nicho que ahora usa mi abuelita, \u00e9l me respondi\u00f3 que hab\u00eda sacado a una guag\u00fcita del nicho por \u00f3rdenes de la se\u00f1ora Anita, la sac\u00f3 hace cuatro a\u00f1os, \u2018Carlitos\u2019 <\/em>(nombre del beb\u00e9)<em>, le pregunt\u00e9 si Carlitos tiene familia para que venga a reclamar, pues entiendo que para sacar a una persona fallecida hay que tener alguna autorizaci\u00f3n de sus familiares o algo as\u00ed. Le pregunt\u00e9 por el paradero de esa guag\u00fcita y me dijo \u2018la tengo guardada\u2019, \u00bfy d\u00f3nde la guardaste? Le pregunt\u00e9, me dijo \u2018ah\u00ed la tengo guardada por si alguien la viene a reclamar<\/em> (\u2026) <em>me dijo que la ten\u00eda dentro de un saco papero, y que ese saco estaba tapado con plumavit<\/em> (\u2026) <em>luego este don Omar nos empez\u00f3 a hablar a varios vecinos este martes en el cementerio, que si nosotros quer\u00edamos bajar a verlo, que lo ten\u00eda dentro de unas bolsas especiales, tambi\u00e9n la funcionaria de la iglesia <\/em>(Fabiola)<em> dijo que el cuerpo estaba en bolsas especiales, pero todas las personas que est\u00e1bamos ah\u00ed vimos que era un saco papero, no son bolsas especiales, de pronto el panteonero se perdi\u00f3, estaba nervioso, creo que tom\u00f3 el saco de este ni\u00f1ito Carlitos y lo fue a dejar dentro de un nicho<\/em>\u00bb, dijo Ibacache.<\/p>\n<p><strong>Diario El Trabajo<\/strong> busc\u00f3 m\u00e1s respuestas, \u00bfa qui\u00e9n le entregaron el nicho en que estaba reposando el angelito? Fue as\u00ed como volvimos a hablar con la mujer que hace varias semanas descubri\u00f3 o destap\u00f3 este esc\u00e1ndalo, <strong>Mar\u00eda P\u00e9rez Tapia<\/strong>, quien nos confirm\u00f3 que \u00ab<em>efectivamente, en la tumba donde qued\u00f3 sepultada mi mam\u00e1 es donde estaba sepultado el ni\u00f1o Carlitos, esa informaci\u00f3n se la dio el panteonero a mi hija Ivania, resultando que lo sac\u00f3 del nicho y lo meti\u00f3 a un saco papero<\/em>\u00bb, dijo P\u00e9rez.<\/p>\n<p>&nbsp;<\/p>\n<p><span style=\"color: #ff0000;\"><strong>\u00abLO TENGO GUARDADO\u00bb<\/strong><\/span><\/p>\n<p><strong>Diario El Trabajo<\/strong> volvi\u00f3 a buscar a <strong>Omar Aguayo<\/strong> para que nos explicara sobre el paradero de este misterioso ni\u00f1o Carlitos, \u00ab<em>bueno s\u00ed hab\u00eda una guag\u00fcita sepultada ah\u00ed pero hac\u00eda como cuatro o cinco a\u00f1os que nadie lo visitaba, su nicho no ten\u00eda flores, no ten\u00eda nada, lo \u00fanico que ten\u00eda era el nombre que era Carlitos, entonces para poder devolver el nicho yo inform\u00e9 a la jefa a la se\u00f1ora Magali que pod\u00edamos usar ese nicho para poder devolver lo que vendi\u00f3 Anita, y esa guag\u00fcita yo la tengo guardada en un nicho para ubicar alg\u00fan terreno donde poder sepultarlo si es que aparecen los familiares<\/em>\u00bb, dijo Aguayo.<\/p>\n<p>&nbsp;<\/p>\n<p><span style=\"color: #ff0000;\"><strong>POSIBLE SOLUCI\u00d3N<\/strong><\/span><\/p>\n<p><strong>Diario El Trabajo<\/strong> busc\u00f3 la opini\u00f3n de las autoridades municipales cateminas para conocer la postura del alcalde Boris Luksic, pero fue imposible ubicarlo. Quien s\u00ed acept\u00f3 referirse a este tema fue el concejal de Catemu, <strong>Benjam\u00edn Koch<\/strong>,<\/p>\n<p>&#8211; <strong>\u00bfC\u00f3mo est\u00e1 el \u00e1nimo de los vecinos y autoridades con este vergonzoso problema?<\/strong><\/p>\n<p>&#8211; Hay una sensaci\u00f3n de pena y rabia con lo que est\u00e1 pasando en Catemu, es un gran n\u00famero de familias que fueron estafadas, que de buena fe se acercaron a la parroquia a adquirir sus tumbas para sus deudos y hoy d\u00eda est\u00e1n a la espera de que el Obispado responda.<\/p>\n<p>&#8211; <strong>\u00bfQui\u00e9nes son aqu\u00ed los responsables del desastre?<\/strong><\/p>\n<p>&#8211; Hay responsabilidades civiles y penales, dentro de las responsabilidades civiles est\u00e1 el responder econ\u00f3micamente retribuyendo en el fondo el bien el da\u00f1o causado y hoy d\u00eda, esa es una responsabilidad que recae sobre la parroquia y el Obispado de San Felipe, y tambi\u00e9n hay una responsabilidad penal, que es propia del acto de estafar, esa tiene que determinarla la Fiscal\u00eda y que recae sobre la funcionaria que habr\u00eda cometido la estafa eventualmente.<\/p>\n<p>&#8211; <strong>\u00bfEl Municipio de Catemu ha contemplado alguna soluci\u00f3n a este problema?<\/strong><\/p>\n<p>&#8211; Nosotros en Concejo Municipal, desde varios a\u00f1os atr\u00e1s ven\u00edamos plante\u00e1ndonos la inquietud de poder contar con la ampliaci\u00f3n del cementerio parroquial, adquirir un terreno a trav\u00e9s de los fondos que entrega la Subdere para pas\u00e1rselo en comodato al Obispado. Con una hect\u00e1rea se podr\u00eda dar soluci\u00f3n a la capacidad del cementerio por los pr\u00f3ximos 25 a\u00f1os, si tomamos como referencia el promedio de fallecidos de los \u00faltimos diez a\u00f1os, no podemos esperar siempre que las cosas pasen para tomar medidas, eso despu\u00e9s de ampliaci\u00f3n del cementerio parroquial.<\/p>\n<p>&#8211; <strong>\u00bfQu\u00e9 opina usted sobre los restos de difuntos en sacos paperos amontonados por ah\u00ed dentro del cementerio?<\/strong><\/p>\n<p>&#8211; Yo tuve la experiencia hace un par de a\u00f1os con una persona que estaba en situaci\u00f3n de calle, quien falleci\u00f3 y no ten\u00edamos d\u00f3nde sepultarlo, y hab\u00eda un mercado\u2026, no mercado negro, pero se arrendaban mensualmente algunos espacios, y se estaba siempre a la espera de hacer algunas reducciones, pero nunca pensamos que se iba a poder hacer de una manera tan macabra, con ata\u00fades abiertos, con restos mortales en los sacos, la verdad que es muy fuerte lo que est\u00e1 pasando. Esperamos que el Obispado, que es el que tiene que sentarse en la mesa a dar soluci\u00f3n y responder luego.<\/p>\n<p>&nbsp;<\/p>\n<p><span style=\"color: #ff0000;\"><strong>REUNI\u00d3N HOY<\/strong><\/span><\/p>\n<p>Para <strong><em>hoy mi\u00e9rcoles\u00a0 a las 11:00 horas<\/em><\/strong> est\u00e1 anunciada una reuni\u00f3n entre el abogado del Obispado, otros personeros de la Iglesia y los vecinos afectados por estas irregularidades por parte de quienes han administrado el cementerio parroquial de Catemu.<\/p>\n<p><strong>\u00a0<\/strong><\/p>\n<p><span style=\"color: #ff0000;\"><strong>PANORAMA GENERAL<\/strong><\/span><\/p>\n<p>Para cerrar este trabajo period\u00edstico en estas tres entregas publicadas, queremos hacerlo haciendo un resumen sobre los aspectos de higiene y funcionalidad de este tristemente c\u00e9lebre camposanto. No hay capilla para el \u00faltimo responso de cada funeral. No hay ba\u00f1os. La basura est\u00e1 acumulada, es mucha. Los trabajos de desentierro se hacen cuando hay personas, no se maneja con discreci\u00f3n, los restos de los difuntos son quebrados delante de la gente y echados en sacos paperos y como ha quedado claro, el Obispado de San Felipe no ha supervisado correctamente el accionar de sus empleados a cargo de esta necr\u00f3polis.<\/p>\n<p><strong>Roberto Gonz\u00e1lez Short<br \/>\n<\/strong><strong>ENVIADO ESPECIAL<\/strong><\/p>\n<figure id=\"attachment_95673\" aria-describedby=\"caption-attachment-95673\" style=\"width: 580px\" class=\"wp-caption alignnone\"><img data-recalc-dims=\"1\" loading=\"lazy\" decoding=\"async\" class=\"size-full wp-image-95673\" src=\"https:\/\/i0.wp.com\/www.eltrabajo.cl\/portal\/wp-content\/uploads\/2019\/11\/Carlitos1.jpg?resize=580%2C618\" alt=\"MACABRO FINAL.- Aqu\u00ed vemos el saco papero en donde supuestamente el panteonero tiene a una guagua muerta, la sac\u00f3 de un nicho que la administradora vendi\u00f3 a una familia.\" width=\"580\" height=\"618\" srcset=\"https:\/\/i0.wp.com\/eltrabajo.cl\/portal\/wp-content\/uploads\/2019\/11\/Carlitos1.jpg?w=580&amp;ssl=1 580w, https:\/\/i0.wp.com\/eltrabajo.cl\/portal\/wp-content\/uploads\/2019\/11\/Carlitos1.jpg?resize=282%2C300&amp;ssl=1 282w, https:\/\/i0.wp.com\/eltrabajo.cl\/portal\/wp-content\/uploads\/2019\/11\/Carlitos1.jpg?resize=141%2C150&amp;ssl=1 141w, https:\/\/i0.wp.com\/eltrabajo.cl\/portal\/wp-content\/uploads\/2019\/11\/Carlitos1.jpg?resize=400%2C426&amp;ssl=1 400w\" sizes=\"auto, (max-width: 580px) 100vw, 580px\" \/><figcaption id=\"caption-attachment-95673\" class=\"wp-caption-text\">MACABRO FINAL.- Aqu\u00ed vemos el saco papero en donde supuestamente el panteonero tiene a una guagua muerta, la sac\u00f3 de un nicho que la administradora vendi\u00f3 a una familia.<\/figcaption><\/figure>\n<p>&nbsp;<\/p>\n<figure id=\"attachment_95668\" aria-describedby=\"caption-attachment-95668\" style=\"width: 580px\" class=\"wp-caption alignnone\"><img data-recalc-dims=\"1\" loading=\"lazy\" decoding=\"async\" class=\"size-full wp-image-95668\" src=\"https:\/\/i0.wp.com\/www.eltrabajo.cl\/portal\/wp-content\/uploads\/2019\/11\/Carlitos3.jpg?resize=580%2C360\" alt=\"\u00bfQUI\u00c9N SUPERVISA?- Tranquilamente y con el cementerio lleno de gente, los cad\u00e1veres son sacados de sus nichos y quebrados sus huesos frente al p\u00fablico.\" width=\"580\" height=\"360\" srcset=\"https:\/\/i0.wp.com\/eltrabajo.cl\/portal\/wp-content\/uploads\/2019\/11\/Carlitos3.jpg?w=580&amp;ssl=1 580w, https:\/\/i0.wp.com\/eltrabajo.cl\/portal\/wp-content\/uploads\/2019\/11\/Carlitos3.jpg?resize=300%2C186&amp;ssl=1 300w, https:\/\/i0.wp.com\/eltrabajo.cl\/portal\/wp-content\/uploads\/2019\/11\/Carlitos3.jpg?resize=200%2C124&amp;ssl=1 200w, https:\/\/i0.wp.com\/eltrabajo.cl\/portal\/wp-content\/uploads\/2019\/11\/Carlitos3.jpg?resize=242%2C150&amp;ssl=1 242w, https:\/\/i0.wp.com\/eltrabajo.cl\/portal\/wp-content\/uploads\/2019\/11\/Carlitos3.jpg?resize=400%2C248&amp;ssl=1 400w\" sizes=\"auto, (max-width: 580px) 100vw, 580px\" \/><figcaption id=\"caption-attachment-95668\" class=\"wp-caption-text\">\u00bfQUI\u00c9N SUPERVISA?- Tranquilamente y con el cementerio lleno de gente, los cad\u00e1veres son sacados de sus nichos y quebrados sus huesos frente al p\u00fablico.<\/figcaption><\/figure>\n<p>&nbsp;<\/p>\n<figure id=\"attachment_95674\" aria-describedby=\"caption-attachment-95674\" style=\"width: 580px\" class=\"wp-caption alignnone\"><img data-recalc-dims=\"1\" loading=\"lazy\" decoding=\"async\" class=\"size-full wp-image-95674\" src=\"https:\/\/i0.wp.com\/www.eltrabajo.cl\/portal\/wp-content\/uploads\/2019\/11\/Carlitos2.jpg?resize=580%2C360\" alt=\"QUE ALGUIEN PONGA ORDEN.- Algunos de estos afectados fueron invitados a \u2018visitar\u2019 el lugar donde tienen al ni\u00f1o en un saco papero, como si se tratara de una atracci\u00f3n tur\u00edstica.\" width=\"580\" height=\"360\" srcset=\"https:\/\/i0.wp.com\/eltrabajo.cl\/portal\/wp-content\/uploads\/2019\/11\/Carlitos2.jpg?w=580&amp;ssl=1 580w, https:\/\/i0.wp.com\/eltrabajo.cl\/portal\/wp-content\/uploads\/2019\/11\/Carlitos2.jpg?resize=300%2C186&amp;ssl=1 300w, https:\/\/i0.wp.com\/eltrabajo.cl\/portal\/wp-content\/uploads\/2019\/11\/Carlitos2.jpg?resize=200%2C124&amp;ssl=1 200w, https:\/\/i0.wp.com\/eltrabajo.cl\/portal\/wp-content\/uploads\/2019\/11\/Carlitos2.jpg?resize=242%2C150&amp;ssl=1 242w, https:\/\/i0.wp.com\/eltrabajo.cl\/portal\/wp-content\/uploads\/2019\/11\/Carlitos2.jpg?resize=400%2C248&amp;ssl=1 400w\" sizes=\"auto, (max-width: 580px) 100vw, 580px\" \/><figcaption id=\"caption-attachment-95674\" class=\"wp-caption-text\">QUE ALGUIEN PONGA ORDEN.- Algunos de estos afectados fueron invitados a \u2018visitar\u2019 el lugar donde tienen al ni\u00f1o en un saco papero, como si se tratara de una atracci\u00f3n tur\u00edstica.<\/figcaption><\/figure>\n<p>&nbsp;<\/p>\n<figure id=\"attachment_95672\" aria-describedby=\"caption-attachment-95672\" style=\"width: 578px\" class=\"wp-caption alignnone\"><img data-recalc-dims=\"1\" loading=\"lazy\" decoding=\"async\" class=\"size-full wp-image-95672\" src=\"https:\/\/i0.wp.com\/www.eltrabajo.cl\/portal\/wp-content\/uploads\/2019\/11\/Carlitos_Omar-Antonio-Aguayo-Toro.jpg?resize=578%2C620\" alt=\"Omar Antonio Aguayo Toro, confirm\u00f3 la historia del ni\u00f1o Carlitos en un saco papero.\" width=\"578\" height=\"620\" srcset=\"https:\/\/i0.wp.com\/eltrabajo.cl\/portal\/wp-content\/uploads\/2019\/11\/Carlitos_Omar-Antonio-Aguayo-Toro.jpg?w=578&amp;ssl=1 578w, https:\/\/i0.wp.com\/eltrabajo.cl\/portal\/wp-content\/uploads\/2019\/11\/Carlitos_Omar-Antonio-Aguayo-Toro.jpg?resize=280%2C300&amp;ssl=1 280w, https:\/\/i0.wp.com\/eltrabajo.cl\/portal\/wp-content\/uploads\/2019\/11\/Carlitos_Omar-Antonio-Aguayo-Toro.jpg?resize=140%2C150&amp;ssl=1 140w, https:\/\/i0.wp.com\/eltrabajo.cl\/portal\/wp-content\/uploads\/2019\/11\/Carlitos_Omar-Antonio-Aguayo-Toro.jpg?resize=400%2C429&amp;ssl=1 400w\" sizes=\"auto, (max-width: 578px) 100vw, 578px\" \/><figcaption id=\"caption-attachment-95672\" class=\"wp-caption-text\">Omar Antonio Aguayo Toro, confirm\u00f3 la historia del ni\u00f1o Carlitos en un saco papero.<\/figcaption><\/figure>\n<p>&nbsp;<\/p>\n<figure id=\"attachment_95671\" aria-describedby=\"caption-attachment-95671\" style=\"width: 579px\" class=\"wp-caption alignnone\"><img data-recalc-dims=\"1\" loading=\"lazy\" decoding=\"async\" class=\"size-full wp-image-95671\" src=\"https:\/\/i0.wp.com\/www.eltrabajo.cl\/portal\/wp-content\/uploads\/2019\/11\/Carlitos_Benjamin-Koch.jpg?resize=579%2C620\" alt=\"Concejal de Catemu, Benjam\u00edn Koch.\" width=\"579\" height=\"620\" srcset=\"https:\/\/i0.wp.com\/eltrabajo.cl\/portal\/wp-content\/uploads\/2019\/11\/Carlitos_Benjamin-Koch.jpg?w=579&amp;ssl=1 579w, https:\/\/i0.wp.com\/eltrabajo.cl\/portal\/wp-content\/uploads\/2019\/11\/Carlitos_Benjamin-Koch.jpg?resize=280%2C300&amp;ssl=1 280w, https:\/\/i0.wp.com\/eltrabajo.cl\/portal\/wp-content\/uploads\/2019\/11\/Carlitos_Benjamin-Koch.jpg?resize=140%2C150&amp;ssl=1 140w, https:\/\/i0.wp.com\/eltrabajo.cl\/portal\/wp-content\/uploads\/2019\/11\/Carlitos_Benjamin-Koch.jpg?resize=400%2C428&amp;ssl=1 400w\" sizes=\"auto, (max-width: 579px) 100vw, 579px\" \/><figcaption id=\"caption-attachment-95671\" class=\"wp-caption-text\">Concejal de Catemu, Benjam\u00edn Koch.<\/figcaption><\/figure>\n<p>&nbsp;<\/p>\n<figure id=\"attachment_95675\" aria-describedby=\"caption-attachment-95675\" style=\"width: 579px\" class=\"wp-caption alignnone\"><img data-recalc-dims=\"1\" loading=\"lazy\" decoding=\"async\" class=\"size-full wp-image-95675\" src=\"https:\/\/i0.wp.com\/www.eltrabajo.cl\/portal\/wp-content\/uploads\/2019\/11\/Carlitos4.jpg?resize=579%2C773\" alt=\"IMPRESENTABLE.- El espect\u00e1culo es m\u00e1s que deprimente y humillante, las personas presentes este lunes reclamaron al panteonero por el trato que le da a los restos de los difuntos.\" width=\"579\" height=\"773\" srcset=\"https:\/\/i0.wp.com\/eltrabajo.cl\/portal\/wp-content\/uploads\/2019\/11\/Carlitos4.jpg?w=579&amp;ssl=1 579w, https:\/\/i0.wp.com\/eltrabajo.cl\/portal\/wp-content\/uploads\/2019\/11\/Carlitos4.jpg?resize=225%2C300&amp;ssl=1 225w, https:\/\/i0.wp.com\/eltrabajo.cl\/portal\/wp-content\/uploads\/2019\/11\/Carlitos4.jpg?resize=112%2C150&amp;ssl=1 112w, https:\/\/i0.wp.com\/eltrabajo.cl\/portal\/wp-content\/uploads\/2019\/11\/Carlitos4.jpg?resize=400%2C534&amp;ssl=1 400w\" sizes=\"auto, (max-width: 579px) 100vw, 579px\" \/><figcaption id=\"caption-attachment-95675\" class=\"wp-caption-text\">IMPRESENTABLE.- El espect\u00e1culo es m\u00e1s que deprimente y humillante, las personas presentes este lunes reclamaron al panteonero por el trato que le da a los restos de los difuntos.<\/figcaption><\/figure>\n","protected":false},"excerpt":{"rendered":"<p>Escalofriantes historias salen a la luz en cementerio de Catemu: CATEMU.- De significar solamente un aparente enga\u00f1o y aprovechamiento econ\u00f3mico indebido por parte de personas a cargo de administrar el Cementerio Parroquial&#8230;<\/p>\n","protected":false},"author":482,"featured_media":95668,"comment_status":"open","ping_status":"open","sticky":false,"template":"","format":"standard","meta":{"advanced_seo_description":"","jetpack_seo_html_title":"","jetpack_seo_noindex":false,"_jetpack_memberships_contains_paid_content":false,"footnotes":""},"categories":[15],"tags":[],"class_list":["post-95667","post","type-post","status-publish","format-standard","has-post-thumbnail","hentry","category-comunidad"],"jetpack_featured_media_url":"https:\/\/i0.wp.com\/eltrabajo.cl\/portal\/wp-content\/uploads\/2019\/11\/Carlitos3.jpg?fit=580%2C360&ssl=1","jetpack_sharing_enabled":true,"jetpack_likes_enabled":true,"jetpack-related-posts":[],"_links":{"self":[{"href":"https:\/\/eltrabajo.cl\/portal\/wp-json\/wp\/v2\/posts\/95667","targetHints":{"allow":["GET"]}}],"collection":[{"href":"https:\/\/eltrabajo.cl\/portal\/wp-json\/wp\/v2\/posts"}],"about":[{"href":"https:\/\/eltrabajo.cl\/portal\/wp-json\/wp\/v2\/types\/post"}],"author":[{"embeddable":true,"href":"https:\/\/eltrabajo.cl\/portal\/wp-json\/wp\/v2\/users\/482"}],"replies":[{"embeddable":true,"href":"https:\/\/eltrabajo.cl\/portal\/wp-json\/wp\/v2\/comments?post=95667"}],"version-history":[{"count":0,"href":"https:\/\/eltrabajo.cl\/portal\/wp-json\/wp\/v2\/posts\/95667\/revisions"}],"wp:featuredmedia":[{"embeddable":true,"href":"https:\/\/eltrabajo.cl\/portal\/wp-json\/wp\/v2\/media\/95668"}],"wp:attachment":[{"href":"https:\/\/eltrabajo.cl\/portal\/wp-json\/wp\/v2\/media?parent=95667"}],"wp:term":[{"taxonomy":"category","embeddable":true,"href":"https:\/\/eltrabajo.cl\/portal\/wp-json\/wp\/v2\/categories?post=95667"},{"taxonomy":"post_tag","embeddable":true,"href":"https:\/\/eltrabajo.cl\/portal\/wp-json\/wp\/v2\/tags?post=95667"}],"curies":[{"name":"wp","href":"https:\/\/api.w.org\/{rel}","templated":true}]}}