{"id":95680,"date":"2019-11-27T05:05:55","date_gmt":"2019-11-27T08:05:55","guid":{"rendered":"http:\/\/www.eltrabajo.cl\/portal\/?p=95680"},"modified":"2019-11-26T20:50:34","modified_gmt":"2019-11-26T23:50:34","slug":"motociclista-de-29-anos-grave-tras-impactar-frontalmente-contra-camion-en-panquehue","status":"publish","type":"post","link":"https:\/\/eltrabajo.cl\/portal\/motociclista-de-29-anos-grave-tras-impactar-frontalmente-contra-camion-en-panquehue\/","title":{"rendered":"Motociclista de 29 a\u00f1os grave tras impactar frontalmente contra cami\u00f3n en Panquehue"},"content":{"rendered":"<p><span style=\"color: #ff0000;\"><strong>Accidente de tr\u00e1nsito en la ruta Troncal:<\/strong><\/span><\/p>\n<ul>\n<li><strong>El paciente result\u00f3 con una fractura en su pierna de car\u00e1cter grave, siendo derivado hasta la Unidad de Traumatolog\u00eda del Hospital San Juan de Dios de Los Andes.<\/strong><\/li>\n<\/ul>\n<p>&nbsp;<\/p>\n<p>Con una fractura expuesta en su pierna result\u00f3 un motociclista de 29 a\u00f1os de edad, de iniciales <strong>M.A.D.A.<\/strong>, tras colisionar frontalmente contra un cami\u00f3n en la ruta Troncal en el sector La Pirca de Panquehue.<\/p>\n<p>Carabineros inform\u00f3 que el accidente ocurri\u00f3 a eso de las 14:05 horas de ayer martes, en circunstancias que el conductor de un cami\u00f3n placa patente CG &#8211; 64 20, transitaba por la ruta Troncal en direcci\u00f3n al poniente y al llegar a la altura del kil\u00f3metro 17 procedi\u00f3 a efectuar un viraje hacia la izquierda, sin percatarse que en sentido contrario se desplazaba una motocicleta placa patente VL \u2013 263, produci\u00e9ndose una violenta colisi\u00f3n.<\/p>\n<p>A ra\u00edz del accidente de tr\u00e1nsito, el conductor de la motocicleta fue derivado de urgencia en estado grave por la ambulancia del Samu hasta la Unidad de Traumatolog\u00eda del Hospital San Juan de Dios de Los Andes, mientras que el conductor del cami\u00f3n result\u00f3 sin lesiones.<\/p>\n<p>Este \u00faltimo qued\u00f3 en calidad de detenido por Carabineros, por cuasidelito de lesiones graves.<\/p>\n<p>Hasta el cierre de esta nota el imputado se mantuvo a la espera de la instrucci\u00f3n del Fiscal de turno.<\/p>\n<p>Cabe mencionar que los protagonistas de estos hechos registran domicilio en la comuna de Panquehue.<\/p>\n<p><strong>Pablo Salinas Sald\u00edas<\/strong><\/p>\n<figure id=\"attachment_95681\" aria-describedby=\"caption-attachment-95681\" style=\"width: 580px\" class=\"wp-caption alignnone\"><img data-recalc-dims=\"1\" loading=\"lazy\" decoding=\"async\" class=\"size-full wp-image-95681\" src=\"https:\/\/i0.wp.com\/www.eltrabajo.cl\/portal\/wp-content\/uploads\/2019\/11\/ACCIDENTE-PANQUEHUE-1.jpg?resize=580%2C360\" alt=\"El accidente de tr\u00e1nsito ocurri\u00f3 la tarde de ayer martes en la ruta Troncal de Panquehue. (Fotograf\u00eda Referencial).\" width=\"580\" height=\"360\" srcset=\"https:\/\/i0.wp.com\/eltrabajo.cl\/portal\/wp-content\/uploads\/2019\/11\/ACCIDENTE-PANQUEHUE-1.jpg?w=580&amp;ssl=1 580w, https:\/\/i0.wp.com\/eltrabajo.cl\/portal\/wp-content\/uploads\/2019\/11\/ACCIDENTE-PANQUEHUE-1.jpg?resize=300%2C186&amp;ssl=1 300w, https:\/\/i0.wp.com\/eltrabajo.cl\/portal\/wp-content\/uploads\/2019\/11\/ACCIDENTE-PANQUEHUE-1.jpg?resize=200%2C124&amp;ssl=1 200w, https:\/\/i0.wp.com\/eltrabajo.cl\/portal\/wp-content\/uploads\/2019\/11\/ACCIDENTE-PANQUEHUE-1.jpg?resize=242%2C150&amp;ssl=1 242w, https:\/\/i0.wp.com\/eltrabajo.cl\/portal\/wp-content\/uploads\/2019\/11\/ACCIDENTE-PANQUEHUE-1.jpg?resize=400%2C248&amp;ssl=1 400w\" sizes=\"auto, (max-width: 580px) 100vw, 580px\" \/><figcaption id=\"caption-attachment-95681\" class=\"wp-caption-text\">El accidente de tr\u00e1nsito ocurri\u00f3 la tarde de ayer martes en la ruta Troncal de Panquehue. (Fotograf\u00eda Referencial).<\/figcaption><\/figure>\n","protected":false},"excerpt":{"rendered":"<p>Accidente de tr\u00e1nsito en la ruta Troncal: El paciente result\u00f3 con una fractura en su pierna de car\u00e1cter grave, siendo derivado hasta la Unidad de Traumatolog\u00eda del Hospital San Juan de Dios&#8230;<\/p>\n","protected":false},"author":482,"featured_media":95681,"comment_status":"open","ping_status":"open","sticky":false,"template":"","format":"standard","meta":{"advanced_seo_description":"","jetpack_seo_html_title":"","jetpack_seo_noindex":false,"_jetpack_memberships_contains_paid_content":false,"footnotes":""},"categories":[21],"tags":[],"class_list":["post-95680","post","type-post","status-publish","format-standard","has-post-thumbnail","hentry","category-policial"],"jetpack_featured_media_url":"https:\/\/i0.wp.com\/eltrabajo.cl\/portal\/wp-content\/uploads\/2019\/11\/ACCIDENTE-PANQUEHUE-1.jpg?fit=580%2C360&ssl=1","jetpack_sharing_enabled":true,"jetpack_likes_enabled":true,"jetpack-related-posts":[],"_links":{"self":[{"href":"https:\/\/eltrabajo.cl\/portal\/wp-json\/wp\/v2\/posts\/95680","targetHints":{"allow":["GET"]}}],"collection":[{"href":"https:\/\/eltrabajo.cl\/portal\/wp-json\/wp\/v2\/posts"}],"about":[{"href":"https:\/\/eltrabajo.cl\/portal\/wp-json\/wp\/v2\/types\/post"}],"author":[{"embeddable":true,"href":"https:\/\/eltrabajo.cl\/portal\/wp-json\/wp\/v2\/users\/482"}],"replies":[{"embeddable":true,"href":"https:\/\/eltrabajo.cl\/portal\/wp-json\/wp\/v2\/comments?post=95680"}],"version-history":[{"count":0,"href":"https:\/\/eltrabajo.cl\/portal\/wp-json\/wp\/v2\/posts\/95680\/revisions"}],"wp:featuredmedia":[{"embeddable":true,"href":"https:\/\/eltrabajo.cl\/portal\/wp-json\/wp\/v2\/media\/95681"}],"wp:attachment":[{"href":"https:\/\/eltrabajo.cl\/portal\/wp-json\/wp\/v2\/media?parent=95680"}],"wp:term":[{"taxonomy":"category","embeddable":true,"href":"https:\/\/eltrabajo.cl\/portal\/wp-json\/wp\/v2\/categories?post=95680"},{"taxonomy":"post_tag","embeddable":true,"href":"https:\/\/eltrabajo.cl\/portal\/wp-json\/wp\/v2\/tags?post=95680"}],"curies":[{"name":"wp","href":"https:\/\/api.w.org\/{rel}","templated":true}]}}