{"id":95683,"date":"2019-11-27T05:06:39","date_gmt":"2019-11-27T08:06:39","guid":{"rendered":"http:\/\/www.eltrabajo.cl\/portal\/?p=95683"},"modified":"2019-11-26T20:52:34","modified_gmt":"2019-11-26T23:52:34","slug":"alumnos-de-cuartos-medios-no-pudieron-tener-su-cena-de-gala-porque-el-centro-general-de-padres-no-habria-pagado-a-la-banquetera","status":"publish","type":"post","link":"https:\/\/eltrabajo.cl\/portal\/alumnos-de-cuartos-medios-no-pudieron-tener-su-cena-de-gala-porque-el-centro-general-de-padres-no-habria-pagado-a-la-banquetera\/","title":{"rendered":"Alumnos de cuartos medios no pudieron tener su cena de gala porque el centro general de padres no habr\u00eda pagado a la banquetera"},"content":{"rendered":"<p><span style=\"color: #ff0000;\"><strong>Denuncian apoderados del\u00a0 Colegio Pumanque:<\/strong><\/span><\/p>\n<p>&nbsp;<\/p>\n<p>Mal lo pasaron los alumnos de cuartos a\u00f1os del Colegio Pumanque debido a que no pudieron realizar su cena de gala en un local de eventos en Santa Mar\u00eda. Lo anterior porque simplemente el Centro de Padres del establecimiento no habr\u00eda cancelado la totalidad del dinero a la banquetera con la que se hab\u00eda firmado el contrato.<\/p>\n<p>Seg\u00fan denuncian apoderados del colegio, se deposit\u00f3 solamente una parte de lo acordado, correspondiente a poco m\u00e1s de dos millones de pesos. Dicen que la persona encargada de pagar este servicio es la tesorera del Centro de Apoderados.<\/p>\n<p>Seg\u00fan cuenta <strong>Beatriz Moreno<\/strong>, presidenta de cuarto a\u00f1o medio B de ese establecimiento de educaci\u00f3n: <em>\u201cNos vimos afectados porque el Centro de Padres no pag\u00f3 la cena de los ni\u00f1os, por ende no se pudo hacer el s\u00e1bado 23, nos enteramos a \u00faltima hora el viernes\u201d.<\/em><\/p>\n<p>&#8211; <strong>\u00bfCu\u00e9ntenos las circunstancias de esta situaci\u00f3n vivida?<\/strong><\/p>\n<p>&#8211; En el mes de abril se hizo un \u00a0contrato con el centro de eventos La Cabrera m\u00e1s una banquetera Macarena Cancino, a la cual por concepto de contrato se le pag\u00f3 500 mil pesos, despu\u00e9s hubo unos abonos de cuatrocientos, cien y cien mil, \u00a0m\u00e1s se le entreg\u00f3 una plata adicional del cuarto a\u00f1o A, un mill\u00f3n 35 mil pesos y sumaban dos millones y fracci\u00f3n. Era lo \u00fanico que la ni\u00f1a\u00a0 ten\u00eda\u00a0 para 240 personas, lo cual no cumpl\u00eda con el total para hacer un evento as\u00ed, por ende la ni\u00f1a (banquetera) no hizo el evento, pero no porque\u00a0 ella no quisiera, sino porque no se le hab\u00eda pagado el resto; \u00a0e incluso esper\u00f3 hasta el viernes en la noche para que le cancelaran el 50% restante, de esa forma realizar el evento que finalmente no se hizo. Sin embargo hasta el d\u00eda y t\u00e9rmino de la licenciatura se hac\u00eda el evento, y como a las once, once treinta nos enteramos por intermedio de un WhatsApp de los ni\u00f1os que no se hac\u00eda el evento. Despu\u00e9s nos juntamos con otros apoderados en mi casa para ver qu\u00e9 pod\u00edamos hacer, c\u00f3mo lo pod\u00edamos hacer, buscar una soluci\u00f3n porque no hab\u00eda plata.<\/p>\n<p>&#8211; <strong>\u00bfQu\u00e9 hab\u00eda pasado con el dinero restante?<\/strong><\/p>\n<p>&#8211; La Tesorera del Centro de Padres nunca nos supo dar una explicaci\u00f3n l\u00f3gica, lo \u00fanico que nos dijo fue que la \u201cbanquetera la hab\u00eda estafado\u201d. Ella tampoco ten\u00eda los papeles ni la documentaci\u00f3n exacta para decir eso, ni nos mostr\u00f3\u2026 lo que nos mostr\u00f3 no cuadraba tampoco con la plata que ella dec\u00eda haberle entregado a la banquetera, entonces no sabemos d\u00f3nde est\u00e1 la plata, le pedimos si pod\u00eda del centro de padres sacar m\u00e1s plata para poder hacer igual el evento y nos dijo que \u201cel Centro de Padres no ten\u00eda plata\u201d.<\/p>\n<p>&#8211; <strong>\u00bfPero la explicaci\u00f3n que le da ella, no se condice con la realidad o a ustedes no las convence? \u00bfD\u00f3nde est\u00e1 el resto de plata?<\/strong><\/p>\n<p>&#8211; Claro porque todo el colegio pagamos el centro de padres, deber\u00eda igual haber plata; se pag\u00f3 el bingo que fue en octubre, tambi\u00e9n deber\u00eda estar esa plata, que tampoco est\u00e1, entonces queremos saber d\u00f3nde est\u00e1 la plata del Centro de Padres.<\/p>\n<p>&#8211; <strong>\u00bfSacaron la cuenta de cu\u00e1nto falt\u00f3 para haber realizado el evento?<\/strong><\/p>\n<p>&#8211; C\u00f3mo dos millones y algo de pesos.<\/p>\n<p>&#8211; <strong>\u00bfEso es lo que est\u00e1 desaparecido?<\/strong><\/p>\n<p>&#8211; Claro, no est\u00e1, no sabemos.<\/p>\n<p>Cabe destacar que ellos liberan de toda responsabilidad a la banquetera Macarena Cancino.<\/p>\n<p>Incluso dicen que la tesorera les mostr\u00f3 un dep\u00f3sito que seg\u00fan ella le hab\u00edan depositado a la banquetera, en circunstancias que se trataba del pago de una factura por evento realizado a la municipalidad de Santa Mar\u00eda, por un valor de 2,5 millones de pesos.<\/p>\n<p>Otra apoderada dice que ellos se enteraron de manera informal por un mensaje a trav\u00e9s del WhatsApp de un alumno que se difundi\u00f3 entre todos, pese a que ese d\u00eda de la licenciatura estaba presente la tesorera en el acto, la cual presumen ya sab\u00eda que el evento no se realizar\u00eda.<\/p>\n<p>El d\u00eda que se enteraron de la mala noticia hubo ni\u00f1os, apoderados, mam\u00e1s, que se pusieron a llorar por la impotencia que sent\u00edan al ver la situaci\u00f3n. Tuvieron que dejar sus celebraciones particulares para ir de inmediato a la casa de la presidenta y ver una soluci\u00f3n.<\/p>\n<p>Reconocen que si esto se hubiera comunicado antes, ellos como padres habr\u00edan pagado la diferencia.<\/p>\n<p>Este lunes fueron a entrevistarse con el director del colegio para informarle la situaci\u00f3n de irregularidad del Centro General de Padres y ver qu\u00e9 medidas se pueden tomar, sin embargo el director se habr\u00eda mostrado indiferente, respondi\u00e9ndoles que solamente pod\u00eda escucharlos, porque \u00e9l no ten\u00eda incidencia sobre el centro.<\/p>\n<p>Cuentan que en el registro de la municipalidad, la directiva est\u00e1 vencida desde mediados de este a\u00f1o.<\/p>\n<p>Los ni\u00f1os de todas maneras van a tener su cena de gala, pagada completamente por los apoderados.<\/p>\n<p>Al respecto la banquetera dijo que se iba a reunir con un abogado para estudiar acciones legales.<\/p>\n<p>Importante se\u00f1alar que nuestro medio llam\u00f3 al tel\u00e9fono de la persona aludida, sin embargo nadie contest\u00f3 el celular.<\/p>\n<figure id=\"attachment_95684\" aria-describedby=\"caption-attachment-95684\" style=\"width: 580px\" class=\"wp-caption alignnone\"><img data-recalc-dims=\"1\" loading=\"lazy\" decoding=\"async\" class=\"size-full wp-image-95684\" src=\"https:\/\/i0.wp.com\/www.eltrabajo.cl\/portal\/wp-content\/uploads\/2019\/11\/apoderados-del-pumanque.jpg?resize=580%2C359\" alt=\"Segunda de izquierda a derecha, Beatriz Moreno, presidenta del Cuarto B del Colegio Pumanque.\" width=\"580\" height=\"359\" srcset=\"https:\/\/i0.wp.com\/eltrabajo.cl\/portal\/wp-content\/uploads\/2019\/11\/apoderados-del-pumanque.jpg?w=580&amp;ssl=1 580w, https:\/\/i0.wp.com\/eltrabajo.cl\/portal\/wp-content\/uploads\/2019\/11\/apoderados-del-pumanque.jpg?resize=300%2C186&amp;ssl=1 300w, https:\/\/i0.wp.com\/eltrabajo.cl\/portal\/wp-content\/uploads\/2019\/11\/apoderados-del-pumanque.jpg?resize=200%2C124&amp;ssl=1 200w, https:\/\/i0.wp.com\/eltrabajo.cl\/portal\/wp-content\/uploads\/2019\/11\/apoderados-del-pumanque.jpg?resize=242%2C150&amp;ssl=1 242w, https:\/\/i0.wp.com\/eltrabajo.cl\/portal\/wp-content\/uploads\/2019\/11\/apoderados-del-pumanque.jpg?resize=400%2C248&amp;ssl=1 400w\" sizes=\"auto, (max-width: 580px) 100vw, 580px\" \/><figcaption id=\"caption-attachment-95684\" class=\"wp-caption-text\">Segunda de izquierda a derecha, Beatriz Moreno, presidenta del Cuarto B del Colegio Pumanque.<\/figcaption><\/figure>\n<p>&nbsp;<\/p>\n","protected":false},"excerpt":{"rendered":"<p>Denuncian apoderados del\u00a0 Colegio Pumanque: &nbsp; Mal lo pasaron los alumnos de cuartos a\u00f1os del Colegio Pumanque debido a que no pudieron realizar su cena de gala en un local de eventos&#8230;<\/p>\n","protected":false},"author":482,"featured_media":95684,"comment_status":"open","ping_status":"open","sticky":false,"template":"","format":"standard","meta":{"advanced_seo_description":"","jetpack_seo_html_title":"","jetpack_seo_noindex":false,"_jetpack_memberships_contains_paid_content":false,"footnotes":""},"categories":[15],"tags":[],"class_list":["post-95683","post","type-post","status-publish","format-standard","has-post-thumbnail","hentry","category-comunidad"],"jetpack_featured_media_url":"https:\/\/i0.wp.com\/eltrabajo.cl\/portal\/wp-content\/uploads\/2019\/11\/apoderados-del-pumanque.jpg?fit=580%2C359&ssl=1","jetpack_sharing_enabled":true,"jetpack_likes_enabled":true,"jetpack-related-posts":[],"_links":{"self":[{"href":"https:\/\/eltrabajo.cl\/portal\/wp-json\/wp\/v2\/posts\/95683","targetHints":{"allow":["GET"]}}],"collection":[{"href":"https:\/\/eltrabajo.cl\/portal\/wp-json\/wp\/v2\/posts"}],"about":[{"href":"https:\/\/eltrabajo.cl\/portal\/wp-json\/wp\/v2\/types\/post"}],"author":[{"embeddable":true,"href":"https:\/\/eltrabajo.cl\/portal\/wp-json\/wp\/v2\/users\/482"}],"replies":[{"embeddable":true,"href":"https:\/\/eltrabajo.cl\/portal\/wp-json\/wp\/v2\/comments?post=95683"}],"version-history":[{"count":0,"href":"https:\/\/eltrabajo.cl\/portal\/wp-json\/wp\/v2\/posts\/95683\/revisions"}],"wp:featuredmedia":[{"embeddable":true,"href":"https:\/\/eltrabajo.cl\/portal\/wp-json\/wp\/v2\/media\/95684"}],"wp:attachment":[{"href":"https:\/\/eltrabajo.cl\/portal\/wp-json\/wp\/v2\/media?parent=95683"}],"wp:term":[{"taxonomy":"category","embeddable":true,"href":"https:\/\/eltrabajo.cl\/portal\/wp-json\/wp\/v2\/categories?post=95683"},{"taxonomy":"post_tag","embeddable":true,"href":"https:\/\/eltrabajo.cl\/portal\/wp-json\/wp\/v2\/tags?post=95683"}],"curies":[{"name":"wp","href":"https:\/\/api.w.org\/{rel}","templated":true}]}}