{"id":95686,"date":"2019-11-27T05:07:56","date_gmt":"2019-11-27T08:07:56","guid":{"rendered":"http:\/\/www.eltrabajo.cl\/portal\/?p=95686"},"modified":"2019-11-26T20:54:33","modified_gmt":"2019-11-26T23:54:33","slug":"detienen-a-sujeto-por-presunto-abuso-sexual-y-acoso-callejero-en-el-centro","status":"publish","type":"post","link":"https:\/\/eltrabajo.cl\/portal\/detienen-a-sujeto-por-presunto-abuso-sexual-y-acoso-callejero-en-el-centro\/","title":{"rendered":"Detienen a sujeto por presunto abuso sexual y acoso callejero en el centro"},"content":{"rendered":"<p><span style=\"color: #ff0000;\"><strong>V\u00edctima denuncia adem\u00e1s la sustracci\u00f3n de dinero:<\/strong><\/span><\/p>\n<ul>\n<li><strong>Afectada detall\u00f3 a Diario El Trabajo los hechos ocurridos la ma\u00f1ana de ayer martes en calle Combate de Las Coimas en San Felipe, fotografiando al presunto agresor.\u00a0 El imputado ser\u00e1 sometido a control de detenci\u00f3n el d\u00eda de hoy en tribunales.<\/strong><\/li>\n<\/ul>\n<p>&nbsp;<\/p>\n<p>En estado de shock y muy angustiada result\u00f3 una conocida comerciante del centro de San Felipe, quien actualmente se desempe\u00f1a como secretaria, luego de haber vivido una pesadilla la ma\u00f1ana de ayer martes, acusando a un hombre maduro de un presunto acoso callejero, abuso sexual y robo de dinero, siendo detenido por Carabineros en calle Santo Domingo esquina Portus de San Felipe.<\/p>\n<p>Se trata de <strong>Gina Davagnino<\/strong>, quien muy nerviosa y entre l\u00e1grimas detall\u00f3 consternada a <strong>Diario El Trabajo<\/strong>, los momentos en que el sujeto se habr\u00eda acercado a ella cuando se dirig\u00eda a su lugar de trabajo, asegurando haber sido agredida por el individuo, quien fue grabado por la v\u00edctima con su tel\u00e9fono celular para viralizar las graves acusaciones en sus redes sociales.<\/p>\n<p>&#8211; <strong>\u00bfC\u00f3mo sucedieron los hechos?<\/strong><\/p>\n<p>&#8211; Yo me dirig\u00eda desde mi domicilio hasta mi lugar de trabajo, en una oficina. Y ven\u00eda por la calle Traslavi\u00f1a y dobl\u00e9 por Santo Domingo hacia arriba, dobl\u00e9 hacia Coimas para ir a comprar pan. Hasta ah\u00ed todo normal, y saliendo de la panader\u00eda aparece un tipo que despu\u00e9s yo lo grab\u00e9, y en forma muy grosera me tir\u00f3 un \u2018piropo\u2019 para \u00e9l, que hablaba de la cintura para abajo, entonces a m\u00ed me molest\u00f3 y le pregunt\u00e9 por qu\u00e9 hac\u00eda eso y este se\u00f1or se alter\u00f3, me tirone\u00f3, me tom\u00f3 un chaucherito (monedero) que andaba trayendo.<\/p>\n<p>&#8211; <strong>\u00bfQu\u00e9 sucede despu\u00e9s?<\/strong><\/p>\n<p>&#8211; \u00c9l patudamente y sin autorizaci\u00f3n de mi persona, me empez\u00f3 a tocar por la espalda, donde yo tengo mi mochila. Yo le saqu\u00e9 fotos, lo grab\u00e9, para posteriormente llamar a Carabineros.\u00a0 Fue tanta la impotencia que me dio, de estar en una ciudad relativamente tranquila, e ir caminando hacia tu trabajo y te pasen estas cosas. Yo grit\u00e9 porque este tipo me hab\u00eda sacado mi plata y me estaba tocando.<\/p>\n<p>&#8211; <strong>\u00bfCu\u00e1nto dinero manten\u00eda?<\/strong><\/p>\n<p>&#8211; Veinte mil pesos, pero es dinero que a m\u00ed me hace falta, que yo me saco la mugre para tener en este minuto.<\/p>\n<p>&#8211; <strong>\u00bfUsted grab\u00f3 a este sujeto y grit\u00f3 pidiendo ayuda?<\/strong><\/p>\n<p>&#8211; S\u00ed, tome mi tel\u00e9fono, le saqu\u00e9 fotos y lo empec\u00e9 a grabar para que se diera cuenta de lo que hab\u00eda hecho. Posteriormente este tipo sali\u00f3 corriendo y empec\u00e9 a gritar que me hab\u00eda sacado la plata y que me hab\u00eda faltado el respeto, y \u00e9l corri\u00f3 por Santo Domingo y la gente lo intentaba atrapar.<\/p>\n<p>&#8211; <strong>\u00bf\u00c9l fue detenido por Carabineros?<\/strong><\/p>\n<p>&#8211; S\u00ed, lleg\u00f3 Carabineros, llegaron unas patrullas, este hombre est\u00e1 detenido y se hizo todo lo que ten\u00eda que hacerse. Se lo llevaron y lo que s\u00e9 es que est\u00e1 detenido (\u2026) Yo llegu\u00e9 llorando a mi casa, muerta, porque yo ten\u00eda esa plata para pagar una deuda, aparte de eso la impotencia de sentirme tocada por esa persona. Soy mujer y no puede hacer ese tipo de cosas.<\/p>\n<p>&#8211; <strong>\u00bfHab\u00eda vivido alguna situaci\u00f3n similar?<\/strong><\/p>\n<p>&#8211; Nunca, de los veintitantos a\u00f1os que he trabajado en el centro, estoy muy afectada.\u00a0 A m\u00ed me conoce mucha gente y nunca me hab\u00eda ocurrido.<\/p>\n<p>&#8211; <strong>Espera que se haga justicia.<\/strong><\/p>\n<p>&#8211; Corresponde, porque \u00bfqu\u00e9 tienen en la cabeza este tipo de personas?, ven a una mujer, la ven desnuda y la tocan (\u2026) Yo le coment\u00e9 a una amiga y me dice que le pas\u00f3 lo mismo, con la diferencia que ella arranc\u00f3. Aparentemente este tipo ronda estos lugares y que hab\u00eda alguien que sacaba fotos a personas, uno va recabando informaci\u00f3n.<\/p>\n<p>En tanto desde Carabineros confirmaron la detenci\u00f3n del sujeto, quien fue denunciado ante la Fiscal\u00eda por abuso sexual a mayor de 18 a\u00f1os de edad. Seg\u00fan se inform\u00f3, el imputado el d\u00eda de hoy mi\u00e9rcoles ser\u00e1 sometido a control de detenci\u00f3n en el Juzgado de Garant\u00eda de San Felipe.<\/p>\n<p><strong>Pablo Salinas Sald\u00edas<\/strong><\/p>\n<figure id=\"attachment_95687\" aria-describedby=\"caption-attachment-95687\" style=\"width: 580px\" class=\"wp-caption alignnone\"><img data-recalc-dims=\"1\" loading=\"lazy\" decoding=\"async\" class=\"size-full wp-image-95687\" src=\"https:\/\/i0.wp.com\/www.eltrabajo.cl\/portal\/wp-content\/uploads\/2019\/11\/AGRESOR-copia.jpg?resize=580%2C360\" alt=\"La v\u00edctima logr\u00f3 tomar fotograf\u00edas de quien ser\u00eda su agresor la ma\u00f1ana de ayer martes en pleno centro de San Felipe y ser\u00e1 sometido a control de detenci\u00f3n el d\u00eda de hoy en tribunales.\" width=\"580\" height=\"360\" srcset=\"https:\/\/i0.wp.com\/eltrabajo.cl\/portal\/wp-content\/uploads\/2019\/11\/AGRESOR-copia.jpg?w=580&amp;ssl=1 580w, https:\/\/i0.wp.com\/eltrabajo.cl\/portal\/wp-content\/uploads\/2019\/11\/AGRESOR-copia.jpg?resize=300%2C186&amp;ssl=1 300w, https:\/\/i0.wp.com\/eltrabajo.cl\/portal\/wp-content\/uploads\/2019\/11\/AGRESOR-copia.jpg?resize=200%2C124&amp;ssl=1 200w, https:\/\/i0.wp.com\/eltrabajo.cl\/portal\/wp-content\/uploads\/2019\/11\/AGRESOR-copia.jpg?resize=242%2C150&amp;ssl=1 242w, https:\/\/i0.wp.com\/eltrabajo.cl\/portal\/wp-content\/uploads\/2019\/11\/AGRESOR-copia.jpg?resize=400%2C248&amp;ssl=1 400w\" sizes=\"auto, (max-width: 580px) 100vw, 580px\" \/><figcaption id=\"caption-attachment-95687\" class=\"wp-caption-text\">La v\u00edctima logr\u00f3 tomar fotograf\u00edas de quien ser\u00eda su agresor la ma\u00f1ana de ayer martes en pleno centro de San Felipe y ser\u00e1 sometido a control de detenci\u00f3n el d\u00eda de hoy en tribunales.<\/figcaption><\/figure>\n","protected":false},"excerpt":{"rendered":"<p>V\u00edctima denuncia adem\u00e1s la sustracci\u00f3n de dinero: Afectada detall\u00f3 a Diario El Trabajo los hechos ocurridos la ma\u00f1ana de ayer martes en calle Combate de Las Coimas en San Felipe, fotografiando al&#8230;<\/p>\n","protected":false},"author":482,"featured_media":95687,"comment_status":"open","ping_status":"open","sticky":false,"template":"","format":"standard","meta":{"advanced_seo_description":"","jetpack_seo_html_title":"","jetpack_seo_noindex":false,"_jetpack_memberships_contains_paid_content":false,"footnotes":""},"categories":[21],"tags":[],"class_list":["post-95686","post","type-post","status-publish","format-standard","has-post-thumbnail","hentry","category-policial"],"jetpack_featured_media_url":"https:\/\/i0.wp.com\/eltrabajo.cl\/portal\/wp-content\/uploads\/2019\/11\/AGRESOR-copia.jpg?fit=580%2C360&ssl=1","jetpack_sharing_enabled":true,"jetpack_likes_enabled":true,"jetpack-related-posts":[],"_links":{"self":[{"href":"https:\/\/eltrabajo.cl\/portal\/wp-json\/wp\/v2\/posts\/95686","targetHints":{"allow":["GET"]}}],"collection":[{"href":"https:\/\/eltrabajo.cl\/portal\/wp-json\/wp\/v2\/posts"}],"about":[{"href":"https:\/\/eltrabajo.cl\/portal\/wp-json\/wp\/v2\/types\/post"}],"author":[{"embeddable":true,"href":"https:\/\/eltrabajo.cl\/portal\/wp-json\/wp\/v2\/users\/482"}],"replies":[{"embeddable":true,"href":"https:\/\/eltrabajo.cl\/portal\/wp-json\/wp\/v2\/comments?post=95686"}],"version-history":[{"count":0,"href":"https:\/\/eltrabajo.cl\/portal\/wp-json\/wp\/v2\/posts\/95686\/revisions"}],"wp:featuredmedia":[{"embeddable":true,"href":"https:\/\/eltrabajo.cl\/portal\/wp-json\/wp\/v2\/media\/95687"}],"wp:attachment":[{"href":"https:\/\/eltrabajo.cl\/portal\/wp-json\/wp\/v2\/media?parent=95686"}],"wp:term":[{"taxonomy":"category","embeddable":true,"href":"https:\/\/eltrabajo.cl\/portal\/wp-json\/wp\/v2\/categories?post=95686"},{"taxonomy":"post_tag","embeddable":true,"href":"https:\/\/eltrabajo.cl\/portal\/wp-json\/wp\/v2\/tags?post=95686"}],"curies":[{"name":"wp","href":"https:\/\/api.w.org\/{rel}","templated":true}]}}