{"id":95690,"date":"2019-11-28T05:01:25","date_gmt":"2019-11-28T08:01:25","guid":{"rendered":"http:\/\/www.eltrabajo.cl\/portal\/?p=95690"},"modified":"2019-11-28T00:22:40","modified_gmt":"2019-11-28T03:22:40","slug":"la-enemiga-del-pueblo-estara-este-lunes-en-el-teatro-roberto-barraza","status":"publish","type":"post","link":"https:\/\/eltrabajo.cl\/portal\/la-enemiga-del-pueblo-estara-este-lunes-en-el-teatro-roberto-barraza\/","title":{"rendered":"\u2018La Enemiga del pueblo\u2019 estar\u00e1 este lunes en el Teatro Roberto Barraza"},"content":{"rendered":"<p><span style=\"color: #ff0000;\"><strong>Teatro en Rodaje y Rioseco a las 11 de la ma\u00f1ana:<\/strong><\/span><\/p>\n<p>Una cita con el teatro comunitario es la que tienen todos nuestros lectores para este lunes a las 11 de la ma\u00f1ana en el Teatro Roberto Barraza, funci\u00f3n y conversatorio que se presentar\u00e1 y desarrollar\u00e1 con actores todos de nuestra comuna. En esta oportunidad la jornada estar\u00e1 a cargo de las compa\u00f1\u00edas Teatro en Rodaje y Rioseco, de San Felipe y Putaendo respectivamente.<\/p>\n<p>&nbsp;<\/p>\n<p><span style=\"color: #ff0000;\"><strong>TREMENDA ENEMIGA<\/strong><\/span><\/p>\n<p><strong>Diario El Trabajo<\/strong> habl\u00f3 ayer mi\u00e9rcoles con <strong>Alfredo C\u00f3rdoba<\/strong>, coordinador y t\u00e9cnico del proyecto Teatro pedag\u00f3gico, quien nos explic\u00f3 detalles de la obra <strong><em>Una enemiga del pueblo<\/em><\/strong>, \u00ab<em>esta obra relata la historia de la doctora Trinidad Correa, quien junto a su hermano Pedro viven en un peque\u00f1o pueblo, en donde instalan un balneario llamado Las Ca\u00f1as, el que llega a convertirse en la principal atracci\u00f3n tur\u00edstica y el motor de la econom\u00eda local. La Dra. Trinidad descubre que el agua del balneario est\u00e1 contaminada con bacterias que ponen en riesgo la salud de toda la poblaci\u00f3n; a partir de ello se propone advertir a los dem\u00e1s acerca de semejante peligro. Esta decisi\u00f3n la enfrenta a los poderosos de la ciudad, a los periodistas y medios de comunicaci\u00f3n e incluso a su propio hermano Pedro; quien es el alcalde del pueblo y presidente de la Asociaci\u00f3n de Balneario Las Ca\u00f1as<\/em>\u00bb, explica C\u00f3rdoba a nuestro medio.<\/p>\n<p>La C\u00eda. de Teatro Rioseco, en su adaptaci\u00f3n de la obra original escrita en 1883 por el dramaturgo Noruego Henrik Ibsen, trabaja con la tesis inicial del autor basada en que el principal enemigo de la raz\u00f3n y la libertad de pensamiento es el adormecimiento social. Esta joya del teatro popular fue escrita hace m\u00e1s de 180 a\u00f1os, en un contexto muy distinto al de los ciudadanos sanfelipe\u00f1os.<\/p>\n<p>\u00ab<em>La obra se presentar\u00e1 en el Teatro Roberto Barraza del Liceo Roberto Humeres, despu\u00e9s de terminada la misma<\/em> (una hora) <em>se realizar\u00e1 un conversatorio, todos los actores son del Valle del Aconcagua y en esta versi\u00f3n se integran estudiantes del Colegio Pumanque y el mismo Liceo Roberto Humeres Oyaneder<\/em>\u00bb, comenta Alfredo.<\/p>\n<p>&nbsp;<\/p>\n<p><span style=\"color: #ff0000;\"><strong>ELENCO ACTUAL<\/strong><\/span><\/p>\n<p>El elenco de la C\u00eda. Rioseco: Mariela Laterra, Andr\u00e9s Fern\u00e1ndez, Andrea Rodr\u00edguez, Carlos Salvo, Alejandra Basualdo, D\u00e9bora Vega, Margarita Vergara, M\u00f3nica C\u00e1ceres, Carolina Santib\u00e1\u00f1ez, Isidora Fern\u00e1ndez, Jennifer L. Ch\u00e1vez y Alfredo C\u00f3rdova. <strong>Kombiteatro en rodaje<\/strong>: Ver\u00f3nica Barrera A., Alejandra Basualdo y Jennifer Ch\u00e1vez. <strong>Estudiantes<\/strong>: Juan Carlos Oportot Campillay, \u00c1lvaro Axel.<\/p>\n<figure id=\"attachment_95693\" aria-describedby=\"caption-attachment-95693\" style=\"width: 580px\" class=\"wp-caption alignnone\"><img data-recalc-dims=\"1\" loading=\"lazy\" decoding=\"async\" class=\"size-full wp-image-95693\" src=\"https:\/\/i0.wp.com\/www.eltrabajo.cl\/portal\/wp-content\/uploads\/2019\/11\/Enemiga1.jpg?resize=580%2C360\" alt=\"ELENCO DE LUJO.- Ellos conforman el elenco actual que estar\u00e1 actuando este lunes en el Teatro Roberto Barraza, con la obra La Enemiga del pueblo.\" width=\"580\" height=\"360\" srcset=\"https:\/\/i0.wp.com\/eltrabajo.cl\/portal\/wp-content\/uploads\/2019\/11\/Enemiga1.jpg?w=580&amp;ssl=1 580w, https:\/\/i0.wp.com\/eltrabajo.cl\/portal\/wp-content\/uploads\/2019\/11\/Enemiga1.jpg?resize=300%2C186&amp;ssl=1 300w, https:\/\/i0.wp.com\/eltrabajo.cl\/portal\/wp-content\/uploads\/2019\/11\/Enemiga1.jpg?resize=200%2C124&amp;ssl=1 200w, https:\/\/i0.wp.com\/eltrabajo.cl\/portal\/wp-content\/uploads\/2019\/11\/Enemiga1.jpg?resize=242%2C150&amp;ssl=1 242w, https:\/\/i0.wp.com\/eltrabajo.cl\/portal\/wp-content\/uploads\/2019\/11\/Enemiga1.jpg?resize=400%2C248&amp;ssl=1 400w\" sizes=\"auto, (max-width: 580px) 100vw, 580px\" \/><figcaption id=\"caption-attachment-95693\" class=\"wp-caption-text\">ELENCO DE LUJO.- Ellos conforman el elenco actual que estar\u00e1 actuando este lunes en el Teatro Roberto Barraza, con la obra La Enemiga del pueblo.<\/figcaption><\/figure>\n<figure id=\"attachment_95694\" aria-describedby=\"caption-attachment-95694\" style=\"width: 580px\" class=\"wp-caption alignnone\"><img data-recalc-dims=\"1\" loading=\"lazy\" decoding=\"async\" class=\"size-full wp-image-95694\" src=\"https:\/\/i0.wp.com\/www.eltrabajo.cl\/portal\/wp-content\/uploads\/2019\/11\/Enemiga2.jpg?resize=580%2C359\" alt=\"DILEMA MORAL.- Aqu\u00ed vemos una escena de la obra, cuando los vecinos de Las Ca\u00f1as deliberan c\u00f3mo enfrentar el dilema de seguir por el camino correcto, o dar la espalda al valor de la verdad.\" width=\"580\" height=\"359\" srcset=\"https:\/\/i0.wp.com\/eltrabajo.cl\/portal\/wp-content\/uploads\/2019\/11\/Enemiga2.jpg?w=580&amp;ssl=1 580w, https:\/\/i0.wp.com\/eltrabajo.cl\/portal\/wp-content\/uploads\/2019\/11\/Enemiga2.jpg?resize=300%2C186&amp;ssl=1 300w, https:\/\/i0.wp.com\/eltrabajo.cl\/portal\/wp-content\/uploads\/2019\/11\/Enemiga2.jpg?resize=200%2C124&amp;ssl=1 200w, https:\/\/i0.wp.com\/eltrabajo.cl\/portal\/wp-content\/uploads\/2019\/11\/Enemiga2.jpg?resize=242%2C150&amp;ssl=1 242w, https:\/\/i0.wp.com\/eltrabajo.cl\/portal\/wp-content\/uploads\/2019\/11\/Enemiga2.jpg?resize=400%2C248&amp;ssl=1 400w\" sizes=\"auto, (max-width: 580px) 100vw, 580px\" \/><figcaption id=\"caption-attachment-95694\" class=\"wp-caption-text\">DILEMA MORAL.- Aqu\u00ed vemos una escena de la obra, cuando los vecinos de Las Ca\u00f1as deliberan c\u00f3mo enfrentar el dilema de seguir por el camino correcto, o dar la espalda al valor de la verdad.<\/figcaption><\/figure>\n<figure id=\"attachment_95691\" aria-describedby=\"caption-attachment-95691\" style=\"width: 580px\" class=\"wp-caption alignnone\"><img data-recalc-dims=\"1\" loading=\"lazy\" decoding=\"async\" class=\"size-full wp-image-95691\" src=\"https:\/\/i0.wp.com\/www.eltrabajo.cl\/portal\/wp-content\/uploads\/2019\/11\/Enemiga3.jpg?resize=580%2C360\" alt=\"EL VILLANO.- Aqu\u00ed vemos al furibundo alcalde de Las Ca\u00f1a (Carlos Salvo), enfrent\u00e1ndose a \u2018La Enemiga\u2019 del pueblo.\" width=\"580\" height=\"360\" srcset=\"https:\/\/i0.wp.com\/eltrabajo.cl\/portal\/wp-content\/uploads\/2019\/11\/Enemiga3.jpg?w=580&amp;ssl=1 580w, https:\/\/i0.wp.com\/eltrabajo.cl\/portal\/wp-content\/uploads\/2019\/11\/Enemiga3.jpg?resize=300%2C186&amp;ssl=1 300w, https:\/\/i0.wp.com\/eltrabajo.cl\/portal\/wp-content\/uploads\/2019\/11\/Enemiga3.jpg?resize=200%2C124&amp;ssl=1 200w, https:\/\/i0.wp.com\/eltrabajo.cl\/portal\/wp-content\/uploads\/2019\/11\/Enemiga3.jpg?resize=242%2C150&amp;ssl=1 242w, https:\/\/i0.wp.com\/eltrabajo.cl\/portal\/wp-content\/uploads\/2019\/11\/Enemiga3.jpg?resize=400%2C248&amp;ssl=1 400w\" sizes=\"auto, (max-width: 580px) 100vw, 580px\" \/><figcaption id=\"caption-attachment-95691\" class=\"wp-caption-text\">EL VILLANO.- Aqu\u00ed vemos al furibundo alcalde de Las Ca\u00f1a (Carlos Salvo), enfrent\u00e1ndose a \u2018La Enemiga\u2019 del pueblo.<\/figcaption><\/figure>\n<figure id=\"attachment_95692\" aria-describedby=\"caption-attachment-95692\" style=\"width: 579px\" class=\"wp-caption alignnone\"><img data-recalc-dims=\"1\" loading=\"lazy\" decoding=\"async\" class=\"size-full wp-image-95692\" src=\"https:\/\/i0.wp.com\/www.eltrabajo.cl\/portal\/wp-content\/uploads\/2019\/11\/Enemiga_Alfredo-Cordoba.jpg?resize=579%2C602\" alt=\"Alfredo C\u00f3rdoba, coordinador y t\u00e9cnico del proyecto Teatro pedag\u00f3gico.\" width=\"579\" height=\"602\" srcset=\"https:\/\/i0.wp.com\/eltrabajo.cl\/portal\/wp-content\/uploads\/2019\/11\/Enemiga_Alfredo-Cordoba.jpg?w=579&amp;ssl=1 579w, https:\/\/i0.wp.com\/eltrabajo.cl\/portal\/wp-content\/uploads\/2019\/11\/Enemiga_Alfredo-Cordoba.jpg?resize=289%2C300&amp;ssl=1 289w, https:\/\/i0.wp.com\/eltrabajo.cl\/portal\/wp-content\/uploads\/2019\/11\/Enemiga_Alfredo-Cordoba.jpg?resize=144%2C150&amp;ssl=1 144w, https:\/\/i0.wp.com\/eltrabajo.cl\/portal\/wp-content\/uploads\/2019\/11\/Enemiga_Alfredo-Cordoba.jpg?resize=400%2C416&amp;ssl=1 400w\" sizes=\"auto, (max-width: 579px) 100vw, 579px\" \/><figcaption id=\"caption-attachment-95692\" class=\"wp-caption-text\">Alfredo C\u00f3rdoba, coordinador y t\u00e9cnico del proyecto Teatro pedag\u00f3gico.<\/figcaption><\/figure>\n<p>&nbsp;<\/p>\n","protected":false},"excerpt":{"rendered":"<p>Teatro en Rodaje y Rioseco a las 11 de la ma\u00f1ana: Una cita con el teatro comunitario es la que tienen todos nuestros lectores para este lunes a las 11 de la&#8230;<\/p>\n","protected":false},"author":482,"featured_media":95693,"comment_status":"open","ping_status":"open","sticky":false,"template":"","format":"standard","meta":{"advanced_seo_description":"","jetpack_seo_html_title":"","jetpack_seo_noindex":false,"_jetpack_memberships_contains_paid_content":false,"footnotes":""},"categories":[20],"tags":[],"class_list":["post-95690","post","type-post","status-publish","format-standard","has-post-thumbnail","hentry","category-arte-y-cultura"],"jetpack_featured_media_url":"https:\/\/i0.wp.com\/eltrabajo.cl\/portal\/wp-content\/uploads\/2019\/11\/Enemiga1.jpg?fit=580%2C360&ssl=1","jetpack_sharing_enabled":true,"jetpack_likes_enabled":true,"jetpack-related-posts":[],"_links":{"self":[{"href":"https:\/\/eltrabajo.cl\/portal\/wp-json\/wp\/v2\/posts\/95690","targetHints":{"allow":["GET"]}}],"collection":[{"href":"https:\/\/eltrabajo.cl\/portal\/wp-json\/wp\/v2\/posts"}],"about":[{"href":"https:\/\/eltrabajo.cl\/portal\/wp-json\/wp\/v2\/types\/post"}],"author":[{"embeddable":true,"href":"https:\/\/eltrabajo.cl\/portal\/wp-json\/wp\/v2\/users\/482"}],"replies":[{"embeddable":true,"href":"https:\/\/eltrabajo.cl\/portal\/wp-json\/wp\/v2\/comments?post=95690"}],"version-history":[{"count":0,"href":"https:\/\/eltrabajo.cl\/portal\/wp-json\/wp\/v2\/posts\/95690\/revisions"}],"wp:featuredmedia":[{"embeddable":true,"href":"https:\/\/eltrabajo.cl\/portal\/wp-json\/wp\/v2\/media\/95693"}],"wp:attachment":[{"href":"https:\/\/eltrabajo.cl\/portal\/wp-json\/wp\/v2\/media?parent=95690"}],"wp:term":[{"taxonomy":"category","embeddable":true,"href":"https:\/\/eltrabajo.cl\/portal\/wp-json\/wp\/v2\/categories?post=95690"},{"taxonomy":"post_tag","embeddable":true,"href":"https:\/\/eltrabajo.cl\/portal\/wp-json\/wp\/v2\/tags?post=95690"}],"curies":[{"name":"wp","href":"https:\/\/api.w.org\/{rel}","templated":true}]}}