{"id":95696,"date":"2019-11-28T05:02:01","date_gmt":"2019-11-28T08:02:01","guid":{"rendered":"http:\/\/www.eltrabajo.cl\/portal\/?p=95696"},"modified":"2019-11-28T00:27:17","modified_gmt":"2019-11-28T03:27:17","slug":"comercio-sanfelipeno-abrira-hasta-medianoche-este-viernes-y-sabado","status":"publish","type":"post","link":"https:\/\/eltrabajo.cl\/portal\/comercio-sanfelipeno-abrira-hasta-medianoche-este-viernes-y-sabado\/","title":{"rendered":"Comercio sanfelipe\u00f1o abrir\u00e1 hasta medianoche este viernes y s\u00e1bado"},"content":{"rendered":"<p><span style=\"color: #ff0000;\"><strong>Gran Venta Nocturna con las mejores ofertas:<\/strong><\/span><\/p>\n<p>Gran expectaci\u00f3n es la que se vive en San Felipe tras el anuncio hecho el d\u00eda de ayer por autoridades de nuestra comuna y comerciantes sanfelipe\u00f1os, en el sentido de presentar de manera oficial la jornada Venta Nocturna, una jornada extendida hasta la media noche del viernes y s\u00e1bado, en la que la mayor\u00eda de comerciantes lanzar\u00e1n muchas ofertas especiales.<\/p>\n<p>En cuanto a la seguridad, el mayor de Carabineros Mauricio Guzm\u00e1n Yuri confirm\u00f3 a <strong>Diario El Trabajo<\/strong> que redoblar\u00e1 la presencia de efectivos policiales para asegurar el centro de la ciudad, y que tanto clientes como comerciantes puedan disfrutar sin contratiempos de la actividad.<\/p>\n<p>&nbsp;<\/p>\n<p><span style=\"color: #ff0000;\"><strong>COMERCIANTES OPINAN<\/strong><\/span><\/p>\n<p>Por su parte la Municipalidad de San Felipe entreg\u00f3 su apoyo a la iniciativa promovida por el grupo de comerciantes que lidera la iniciativa, destinada a reactivar la econom\u00eda local. Nuestro medio habl\u00f3 con comerciantes y autoridades involucradas en esta iniciativa.<\/p>\n<p><strong>Sarela Sep\u00falveda Figueroa, due\u00f1a de Sare Pizza San Felipe<\/strong>: \u00ab<em>Muy contenta con esta iniciativa, muy bueno que nos ayudemos entre nosotros mismos los comerciantes despu\u00e9s de tantos golpes al comercio local, ojala que los sanfelipe\u00f1os aprovechen esta jornada nocturna y aprovechen tambi\u00e9n de las ofertas que habr\u00e1n<\/em>\u00bb.<\/p>\n<p><strong>Jaime B\u00f3rquez, empresario inmobiliario<\/strong>: \u00ab<em>Me parece bien, nos puede dar auge esta f\u00f3rmula de trabajo nocturno, necesitamos que el frente de San Felipe est\u00e9 m\u00e1s horas abierto, potenciar rutas de turismo comunal, pues tuvimos que frenar muchas cosas por todo este cuento social<\/em>\u00bb.<\/p>\n<p><strong>V\u00edctor Gallegos, pastelero<\/strong>: \u00ab<em>Quiero invitar a los sanfelipe\u00f1os para que participen en este evento, es s\u00faper bueno, una excelente iniciativa, la uni\u00f3n hace la fuerza como dicen. Tenemos muchas variedades de pasteles y nuestras especialidades son las recetas caseras, no usamos preservantes ni esas cosas y abriremos hasta la media noche<\/em>\u00bb.<\/p>\n<p><strong>Manuel Carvallo, presidente del Consejo Superior de Taxis Colectivos de San Felipe<\/strong>: \u00ab<em>En total son cerca de 350 colectivos los que agrupa nuestro Consejo, participar\u00e1n las seis l\u00edneas del Consejo, las tarifas se mantendr\u00e1n normal y tambi\u00e9n jugar\u00e1 el criterio de los conductores, la mayor\u00eda de ellos est\u00e1n con disposici\u00f3n de aportar con su granito de arena y hacer que el tema funcione<\/em>\u00bb.<\/p>\n<p><strong>Juan Carlos Sabaj, comerciante sanfelipe\u00f1o y concejal de la comuna<\/strong>: \u00ab<em>Quiero felicitar a quienes est\u00e1n desarrollando esta iniciativa porque ser\u00e1 un gran beneficio al comerciante que nos hemos visto afectados en nuestras ventas. Tambi\u00e9n nosotros como concejales estamos a la entera disposici\u00f3n en todo lo que podamos apoyarles<\/em>\u00bb.<\/p>\n<p><strong>Luis Henr\u00edquez, comerciante y coordinador de la Feria Nocturna<\/strong>: \u00ab<em>Muy contento y conforme con la acogida que esta idea ha tenido en la comunidad, todo esto es en beneficio del comercio, para darle un respiro y motivar a los comerciantes, hay mucho comerciante que est\u00e1n deprimidos, esto servir\u00e1 para poder recibir a nuestros clientes quienes son nuestro apoyo <\/em>(\u2026) <em>la idea es poder replicarlo el mes de diciembre y en meses calurosos para que las familias puedan visitar el comercio cuando bajan las temperaturas<\/em>\u00bb.<\/p>\n<p><strong>Pedro Vega Balboa, gerente de Sedent San Felipe<\/strong>: \u00ab<em>La verdad es que como sanfelipe\u00f1o aprecio esta iniciativa en el fondo tenemos que dejar el miedo de lado, es un miedo en el que gran parte del pa\u00eds est\u00e1 sumido, la idea es seguir una vida normal , entonces el Centro M\u00e9dico Sedent ha tratado de seguir todos los d\u00edas luchando, y nos cuesta diez mil veces porque es complicada la situaci\u00f3n, los pacientes cancelan horas hay que cerrar m\u00e1s temprano y los costos son los mismos, hay que pagar la luz, arriendo, hay que seguir y sufrir todos los d\u00edas, porque las peque\u00f1as empresas y las Pymes son las que m\u00e1s sufren en este pa\u00eds, entonces una iniciativa como esta, Centro M\u00e9dico no podemos salir de noche pero igualmente apoyamos esta iniciativa<\/em>\u00bb.<\/p>\n<p><strong>Alcalde de San Felipe Patricio Freire Canto<\/strong>: \u00ab<em>Este fin de semana 29 y 30 tendremos una venta nocturna, por lo que hago un llamado a todos los vecinos del Valle de Aconcagua a venir en la noche a comprar en estos locales de la ciudad. Muchas ser\u00e1n las novedades que los comerciantes tienen preparadas para reactivar el comercio; en nuestra Plaza de Armas estar\u00e1 tambi\u00e9n el Orfe\u00f3n Aconcagua y tambi\u00e9n distintos m\u00fasicos y cantantes en algunas esquinas de la ciudad<\/em>\u00bb.<\/p>\n<p><strong>Gobernador de San Felipe, Claudio Rodr\u00edguez Cataldo<\/strong>: \u00ab<em>Esperamos que represente una ayuda importante para cada uno de ellos. He estado conversando con algunos y la han pasado mal, por eso lo importante es se\u00f1alar que el Gobierno va a seguir estando al lado de ellos, a pesar de las dificultades por las que est\u00e1 pasando el pa\u00eds, tenemos que ser capaces de desdoblarnos y entender que la sequ\u00eda nos tiene sumamente complicados<\/em>\u201d.<\/p>\n<p><strong>Roberto Gonz\u00e1lez Short<\/strong><\/p>\n<p>&nbsp;<\/p>\n<figure id=\"attachment_95706\" aria-describedby=\"caption-attachment-95706\" style=\"width: 580px\" class=\"wp-caption alignnone\"><img data-recalc-dims=\"1\" loading=\"lazy\" decoding=\"async\" class=\"size-full wp-image-95706\" src=\"https:\/\/i0.wp.com\/www.eltrabajo.cl\/portal\/wp-content\/uploads\/2019\/11\/Nocturna1.jpg?resize=580%2C359\" alt=\"TODOS UNIDOS.- Comerciantes y autoridades de nuestra comuna apuestan todo a la Gran Venta Nocturna, iniciativa que invita a todos los aconcag\u00fcinos a disfrutar de las ofertas hasta la media noche este viernes y s\u00e1bado.\" width=\"580\" height=\"359\" srcset=\"https:\/\/i0.wp.com\/eltrabajo.cl\/portal\/wp-content\/uploads\/2019\/11\/Nocturna1.jpg?w=580&amp;ssl=1 580w, https:\/\/i0.wp.com\/eltrabajo.cl\/portal\/wp-content\/uploads\/2019\/11\/Nocturna1.jpg?resize=300%2C186&amp;ssl=1 300w, https:\/\/i0.wp.com\/eltrabajo.cl\/portal\/wp-content\/uploads\/2019\/11\/Nocturna1.jpg?resize=200%2C124&amp;ssl=1 200w, https:\/\/i0.wp.com\/eltrabajo.cl\/portal\/wp-content\/uploads\/2019\/11\/Nocturna1.jpg?resize=242%2C150&amp;ssl=1 242w, https:\/\/i0.wp.com\/eltrabajo.cl\/portal\/wp-content\/uploads\/2019\/11\/Nocturna1.jpg?resize=400%2C248&amp;ssl=1 400w\" sizes=\"auto, (max-width: 580px) 100vw, 580px\" \/><figcaption id=\"caption-attachment-95706\" class=\"wp-caption-text\">TODOS UNIDOS.- Comerciantes y autoridades de nuestra comuna apuestan todo a la Gran Venta Nocturna, iniciativa que invita a todos los aconcag\u00fcinos a disfrutar de las ofertas hasta la media noche este viernes y s\u00e1bado.<\/figcaption><\/figure>\n<p>&nbsp;<\/p>\n<figure id=\"attachment_95704\" aria-describedby=\"caption-attachment-95704\" style=\"width: 579px\" class=\"wp-caption alignnone\"><img data-recalc-dims=\"1\" loading=\"lazy\" decoding=\"async\" class=\"size-full wp-image-95704\" src=\"https:\/\/i0.wp.com\/www.eltrabajo.cl\/portal\/wp-content\/uploads\/2019\/11\/Nocturna_Sarela-Sepulveda-Figueroa.jpg?resize=579%2C616\" alt=\"Sarela Sep\u00falveda Figueroa, due\u00f1a de \u2018Sare Pizza\u2019 San Felipe.\" width=\"579\" height=\"616\" srcset=\"https:\/\/i0.wp.com\/eltrabajo.cl\/portal\/wp-content\/uploads\/2019\/11\/Nocturna_Sarela-Sepulveda-Figueroa.jpg?w=579&amp;ssl=1 579w, https:\/\/i0.wp.com\/eltrabajo.cl\/portal\/wp-content\/uploads\/2019\/11\/Nocturna_Sarela-Sepulveda-Figueroa.jpg?resize=282%2C300&amp;ssl=1 282w, https:\/\/i0.wp.com\/eltrabajo.cl\/portal\/wp-content\/uploads\/2019\/11\/Nocturna_Sarela-Sepulveda-Figueroa.jpg?resize=141%2C150&amp;ssl=1 141w, https:\/\/i0.wp.com\/eltrabajo.cl\/portal\/wp-content\/uploads\/2019\/11\/Nocturna_Sarela-Sepulveda-Figueroa.jpg?resize=400%2C426&amp;ssl=1 400w\" sizes=\"auto, (max-width: 579px) 100vw, 579px\" \/><figcaption id=\"caption-attachment-95704\" class=\"wp-caption-text\">Sarela Sep\u00falveda Figueroa, due\u00f1a de \u2018Sare Pizza\u2019 San Felipe.<\/figcaption><\/figure>\n<p>&nbsp;<\/p>\n<figure id=\"attachment_95705\" aria-describedby=\"caption-attachment-95705\" style=\"width: 579px\" class=\"wp-caption alignnone\"><img data-recalc-dims=\"1\" loading=\"lazy\" decoding=\"async\" class=\"size-full wp-image-95705\" src=\"https:\/\/i0.wp.com\/www.eltrabajo.cl\/portal\/wp-content\/uploads\/2019\/11\/Nocturna_Victor-Gallegos.jpg?resize=579%2C612\" alt=\"V\u00edctor Gallegos, pastelero.\" width=\"579\" height=\"612\" srcset=\"https:\/\/i0.wp.com\/eltrabajo.cl\/portal\/wp-content\/uploads\/2019\/11\/Nocturna_Victor-Gallegos.jpg?w=579&amp;ssl=1 579w, https:\/\/i0.wp.com\/eltrabajo.cl\/portal\/wp-content\/uploads\/2019\/11\/Nocturna_Victor-Gallegos.jpg?resize=284%2C300&amp;ssl=1 284w, https:\/\/i0.wp.com\/eltrabajo.cl\/portal\/wp-content\/uploads\/2019\/11\/Nocturna_Victor-Gallegos.jpg?resize=142%2C150&amp;ssl=1 142w, https:\/\/i0.wp.com\/eltrabajo.cl\/portal\/wp-content\/uploads\/2019\/11\/Nocturna_Victor-Gallegos.jpg?resize=400%2C423&amp;ssl=1 400w\" sizes=\"auto, (max-width: 579px) 100vw, 579px\" \/><figcaption id=\"caption-attachment-95705\" class=\"wp-caption-text\">V\u00edctor Gallegos, pastelero.<\/figcaption><\/figure>\n<p>&nbsp;<\/p>\n<figure id=\"attachment_95703\" aria-describedby=\"caption-attachment-95703\" style=\"width: 579px\" class=\"wp-caption alignnone\"><img data-recalc-dims=\"1\" loading=\"lazy\" decoding=\"async\" class=\"size-full wp-image-95703\" src=\"https:\/\/i0.wp.com\/www.eltrabajo.cl\/portal\/wp-content\/uploads\/2019\/11\/Nocturna_Pedro-Vega.jpg?resize=579%2C654\" alt=\"Pedro Vega Balboa, gerente de Sedent San Felipe.\" width=\"579\" height=\"654\" srcset=\"https:\/\/i0.wp.com\/eltrabajo.cl\/portal\/wp-content\/uploads\/2019\/11\/Nocturna_Pedro-Vega.jpg?w=579&amp;ssl=1 579w, https:\/\/i0.wp.com\/eltrabajo.cl\/portal\/wp-content\/uploads\/2019\/11\/Nocturna_Pedro-Vega.jpg?resize=266%2C300&amp;ssl=1 266w, https:\/\/i0.wp.com\/eltrabajo.cl\/portal\/wp-content\/uploads\/2019\/11\/Nocturna_Pedro-Vega.jpg?resize=133%2C150&amp;ssl=1 133w, https:\/\/i0.wp.com\/eltrabajo.cl\/portal\/wp-content\/uploads\/2019\/11\/Nocturna_Pedro-Vega.jpg?resize=400%2C452&amp;ssl=1 400w\" sizes=\"auto, (max-width: 579px) 100vw, 579px\" \/><figcaption id=\"caption-attachment-95703\" class=\"wp-caption-text\">Pedro Vega Balboa, gerente de Sedent San Felipe.<\/figcaption><\/figure>\n<p>&nbsp;<\/p>\n<figure id=\"attachment_95700\" aria-describedby=\"caption-attachment-95700\" style=\"width: 579px\" class=\"wp-caption alignnone\"><img data-recalc-dims=\"1\" loading=\"lazy\" decoding=\"async\" class=\"size-full wp-image-95700\" src=\"https:\/\/i0.wp.com\/www.eltrabajo.cl\/portal\/wp-content\/uploads\/2019\/11\/Nocturna_Luis-Henriquez.jpg?resize=579%2C610\" alt=\"Luis Henr\u00edquez, comerciante y coordinador de la Feria Nocturna.\" width=\"579\" height=\"610\" srcset=\"https:\/\/i0.wp.com\/eltrabajo.cl\/portal\/wp-content\/uploads\/2019\/11\/Nocturna_Luis-Henriquez.jpg?w=579&amp;ssl=1 579w, https:\/\/i0.wp.com\/eltrabajo.cl\/portal\/wp-content\/uploads\/2019\/11\/Nocturna_Luis-Henriquez.jpg?resize=285%2C300&amp;ssl=1 285w, https:\/\/i0.wp.com\/eltrabajo.cl\/portal\/wp-content\/uploads\/2019\/11\/Nocturna_Luis-Henriquez.jpg?resize=142%2C150&amp;ssl=1 142w, https:\/\/i0.wp.com\/eltrabajo.cl\/portal\/wp-content\/uploads\/2019\/11\/Nocturna_Luis-Henriquez.jpg?resize=400%2C421&amp;ssl=1 400w\" sizes=\"auto, (max-width: 579px) 100vw, 579px\" \/><figcaption id=\"caption-attachment-95700\" class=\"wp-caption-text\">Luis Henr\u00edquez, comerciante y coordinador de la Feria Nocturna.<\/figcaption><\/figure>\n<p>&nbsp;<\/p>\n<figure id=\"attachment_95698\" aria-describedby=\"caption-attachment-95698\" style=\"width: 579px\" class=\"wp-caption alignnone\"><img data-recalc-dims=\"1\" loading=\"lazy\" decoding=\"async\" class=\"size-full wp-image-95698\" src=\"https:\/\/i0.wp.com\/www.eltrabajo.cl\/portal\/wp-content\/uploads\/2019\/11\/Nocturna_Jaime-Borquez.jpg?resize=579%2C600\" alt=\"Jaime B\u00f3rquez, empresario inmobiliario.\" width=\"579\" height=\"600\" srcset=\"https:\/\/i0.wp.com\/eltrabajo.cl\/portal\/wp-content\/uploads\/2019\/11\/Nocturna_Jaime-Borquez.jpg?w=579&amp;ssl=1 579w, https:\/\/i0.wp.com\/eltrabajo.cl\/portal\/wp-content\/uploads\/2019\/11\/Nocturna_Jaime-Borquez.jpg?resize=290%2C300&amp;ssl=1 290w, https:\/\/i0.wp.com\/eltrabajo.cl\/portal\/wp-content\/uploads\/2019\/11\/Nocturna_Jaime-Borquez.jpg?resize=145%2C150&amp;ssl=1 145w, https:\/\/i0.wp.com\/eltrabajo.cl\/portal\/wp-content\/uploads\/2019\/11\/Nocturna_Jaime-Borquez.jpg?resize=400%2C415&amp;ssl=1 400w\" sizes=\"auto, (max-width: 579px) 100vw, 579px\" \/><figcaption id=\"caption-attachment-95698\" class=\"wp-caption-text\">Jaime B\u00f3rquez, empresario inmobiliario.<\/figcaption><\/figure>\n<p>&nbsp;<\/p>\n<figure id=\"attachment_95699\" aria-describedby=\"caption-attachment-95699\" style=\"width: 579px\" class=\"wp-caption alignnone\"><img data-recalc-dims=\"1\" loading=\"lazy\" decoding=\"async\" class=\"size-full wp-image-95699\" src=\"https:\/\/i0.wp.com\/www.eltrabajo.cl\/portal\/wp-content\/uploads\/2019\/11\/Nocturna_Juan-Carlos-Sabaj.jpg?resize=579%2C626\" alt=\"Juan Carlos Sabaj, comerciante sanfelipe\u00f1o y concejal de la comuna.\" width=\"579\" height=\"626\" srcset=\"https:\/\/i0.wp.com\/eltrabajo.cl\/portal\/wp-content\/uploads\/2019\/11\/Nocturna_Juan-Carlos-Sabaj.jpg?w=579&amp;ssl=1 579w, https:\/\/i0.wp.com\/eltrabajo.cl\/portal\/wp-content\/uploads\/2019\/11\/Nocturna_Juan-Carlos-Sabaj.jpg?resize=277%2C300&amp;ssl=1 277w, https:\/\/i0.wp.com\/eltrabajo.cl\/portal\/wp-content\/uploads\/2019\/11\/Nocturna_Juan-Carlos-Sabaj.jpg?resize=139%2C150&amp;ssl=1 139w, https:\/\/i0.wp.com\/eltrabajo.cl\/portal\/wp-content\/uploads\/2019\/11\/Nocturna_Juan-Carlos-Sabaj.jpg?resize=400%2C432&amp;ssl=1 400w\" sizes=\"auto, (max-width: 579px) 100vw, 579px\" \/><figcaption id=\"caption-attachment-95699\" class=\"wp-caption-text\">Juan Carlos Sabaj, comerciante sanfelipe\u00f1o y concejal de la comuna.<\/figcaption><\/figure>\n<p>&nbsp;<\/p>\n<figure id=\"attachment_95701\" aria-describedby=\"caption-attachment-95701\" style=\"width: 579px\" class=\"wp-caption alignnone\"><img data-recalc-dims=\"1\" loading=\"lazy\" decoding=\"async\" class=\"size-full wp-image-95701\" src=\"https:\/\/i0.wp.com\/www.eltrabajo.cl\/portal\/wp-content\/uploads\/2019\/11\/Nocturna_Manuel-Carvallo.jpg?resize=579%2C591\" alt=\"Manuel Carvallo, presidente del Consejo Superior de Taxis Colectivos de San Felipe.\" width=\"579\" height=\"591\" srcset=\"https:\/\/i0.wp.com\/eltrabajo.cl\/portal\/wp-content\/uploads\/2019\/11\/Nocturna_Manuel-Carvallo.jpg?w=579&amp;ssl=1 579w, https:\/\/i0.wp.com\/eltrabajo.cl\/portal\/wp-content\/uploads\/2019\/11\/Nocturna_Manuel-Carvallo.jpg?resize=294%2C300&amp;ssl=1 294w, https:\/\/i0.wp.com\/eltrabajo.cl\/portal\/wp-content\/uploads\/2019\/11\/Nocturna_Manuel-Carvallo.jpg?resize=147%2C150&amp;ssl=1 147w, https:\/\/i0.wp.com\/eltrabajo.cl\/portal\/wp-content\/uploads\/2019\/11\/Nocturna_Manuel-Carvallo.jpg?resize=400%2C408&amp;ssl=1 400w\" sizes=\"auto, (max-width: 579px) 100vw, 579px\" \/><figcaption id=\"caption-attachment-95701\" class=\"wp-caption-text\">Manuel Carvallo, presidente del Consejo Superior de Taxis Colectivos de San Felipe.<\/figcaption><\/figure>\n<p>&nbsp;<\/p>\n<figure id=\"attachment_95702\" aria-describedby=\"caption-attachment-95702\" style=\"width: 579px\" class=\"wp-caption alignnone\"><img data-recalc-dims=\"1\" loading=\"lazy\" decoding=\"async\" class=\"size-full wp-image-95702\" src=\"https:\/\/i0.wp.com\/www.eltrabajo.cl\/portal\/wp-content\/uploads\/2019\/11\/Nocturna_Patricio-Freire.jpg?resize=579%2C624\" alt=\"Alcalde de San Felipe Patricio Freire Canto.\" width=\"579\" height=\"624\" srcset=\"https:\/\/i0.wp.com\/eltrabajo.cl\/portal\/wp-content\/uploads\/2019\/11\/Nocturna_Patricio-Freire.jpg?w=579&amp;ssl=1 579w, https:\/\/i0.wp.com\/eltrabajo.cl\/portal\/wp-content\/uploads\/2019\/11\/Nocturna_Patricio-Freire.jpg?resize=278%2C300&amp;ssl=1 278w, https:\/\/i0.wp.com\/eltrabajo.cl\/portal\/wp-content\/uploads\/2019\/11\/Nocturna_Patricio-Freire.jpg?resize=139%2C150&amp;ssl=1 139w, https:\/\/i0.wp.com\/eltrabajo.cl\/portal\/wp-content\/uploads\/2019\/11\/Nocturna_Patricio-Freire.jpg?resize=400%2C431&amp;ssl=1 400w\" sizes=\"auto, (max-width: 579px) 100vw, 579px\" \/><figcaption id=\"caption-attachment-95702\" class=\"wp-caption-text\">Alcalde de San Felipe Patricio Freire Canto.<\/figcaption><\/figure>\n<p>&nbsp;<\/p>\n<figure id=\"attachment_95697\" aria-describedby=\"caption-attachment-95697\" style=\"width: 579px\" class=\"wp-caption alignnone\"><img data-recalc-dims=\"1\" loading=\"lazy\" decoding=\"async\" class=\"size-full wp-image-95697\" src=\"https:\/\/i0.wp.com\/www.eltrabajo.cl\/portal\/wp-content\/uploads\/2019\/11\/Nocturna_Claudio-Rodriguez.jpg?resize=579%2C628\" alt=\"Gobernador de San Felipe, Claudio Rodr\u00edguez Cataldo.\" width=\"579\" height=\"628\" srcset=\"https:\/\/i0.wp.com\/eltrabajo.cl\/portal\/wp-content\/uploads\/2019\/11\/Nocturna_Claudio-Rodriguez.jpg?w=579&amp;ssl=1 579w, https:\/\/i0.wp.com\/eltrabajo.cl\/portal\/wp-content\/uploads\/2019\/11\/Nocturna_Claudio-Rodriguez.jpg?resize=277%2C300&amp;ssl=1 277w, https:\/\/i0.wp.com\/eltrabajo.cl\/portal\/wp-content\/uploads\/2019\/11\/Nocturna_Claudio-Rodriguez.jpg?resize=138%2C150&amp;ssl=1 138w, https:\/\/i0.wp.com\/eltrabajo.cl\/portal\/wp-content\/uploads\/2019\/11\/Nocturna_Claudio-Rodriguez.jpg?resize=400%2C434&amp;ssl=1 400w\" sizes=\"auto, (max-width: 579px) 100vw, 579px\" \/><figcaption id=\"caption-attachment-95697\" class=\"wp-caption-text\">Gobernador de San Felipe, Claudio Rodr\u00edguez Cataldo.<\/figcaption><\/figure>\n","protected":false},"excerpt":{"rendered":"<p>Gran Venta Nocturna con las mejores ofertas: Gran expectaci\u00f3n es la que se vive en San Felipe tras el anuncio hecho el d\u00eda de ayer por autoridades de nuestra comuna y comerciantes&#8230;<\/p>\n","protected":false},"author":482,"featured_media":95706,"comment_status":"open","ping_status":"open","sticky":false,"template":"","format":"standard","meta":{"advanced_seo_description":"","jetpack_seo_html_title":"","jetpack_seo_noindex":false,"_jetpack_memberships_contains_paid_content":false,"footnotes":""},"categories":[15],"tags":[],"class_list":["post-95696","post","type-post","status-publish","format-standard","has-post-thumbnail","hentry","category-comunidad"],"jetpack_featured_media_url":"https:\/\/i0.wp.com\/eltrabajo.cl\/portal\/wp-content\/uploads\/2019\/11\/Nocturna1.jpg?fit=580%2C359&ssl=1","jetpack_sharing_enabled":true,"jetpack_likes_enabled":true,"jetpack-related-posts":[],"_links":{"self":[{"href":"https:\/\/eltrabajo.cl\/portal\/wp-json\/wp\/v2\/posts\/95696","targetHints":{"allow":["GET"]}}],"collection":[{"href":"https:\/\/eltrabajo.cl\/portal\/wp-json\/wp\/v2\/posts"}],"about":[{"href":"https:\/\/eltrabajo.cl\/portal\/wp-json\/wp\/v2\/types\/post"}],"author":[{"embeddable":true,"href":"https:\/\/eltrabajo.cl\/portal\/wp-json\/wp\/v2\/users\/482"}],"replies":[{"embeddable":true,"href":"https:\/\/eltrabajo.cl\/portal\/wp-json\/wp\/v2\/comments?post=95696"}],"version-history":[{"count":0,"href":"https:\/\/eltrabajo.cl\/portal\/wp-json\/wp\/v2\/posts\/95696\/revisions"}],"wp:featuredmedia":[{"embeddable":true,"href":"https:\/\/eltrabajo.cl\/portal\/wp-json\/wp\/v2\/media\/95706"}],"wp:attachment":[{"href":"https:\/\/eltrabajo.cl\/portal\/wp-json\/wp\/v2\/media?parent=95696"}],"wp:term":[{"taxonomy":"category","embeddable":true,"href":"https:\/\/eltrabajo.cl\/portal\/wp-json\/wp\/v2\/categories?post=95696"},{"taxonomy":"post_tag","embeddable":true,"href":"https:\/\/eltrabajo.cl\/portal\/wp-json\/wp\/v2\/tags?post=95696"}],"curies":[{"name":"wp","href":"https:\/\/api.w.org\/{rel}","templated":true}]}}