{"id":95716,"date":"2019-11-28T05:05:21","date_gmt":"2019-11-28T08:05:21","guid":{"rendered":"http:\/\/www.eltrabajo.cl\/portal\/?p=95716"},"modified":"2019-11-28T00:34:32","modified_gmt":"2019-11-28T03:34:32","slug":"con-gata-hidraulica-revientan-cortina-para-robar-en-cecinas-santa-julia","status":"publish","type":"post","link":"https:\/\/eltrabajo.cl\/portal\/con-gata-hidraulica-revientan-cortina-para-robar-en-cecinas-santa-julia\/","title":{"rendered":"Con gata hidr\u00e1ulica revientan cortina para robar en \u2018Cecinas Santa Julia\u2019"},"content":{"rendered":"<p><span style=\"color: #ff0000;\"><strong>Tradicional establecimiento afectado por cuarta vez:<\/strong><\/span><\/p>\n<ul>\n<li><strong>Amparados en corte de luz delincuentes sustrajeron principalmente bebidas y cervezas.<\/strong><\/li>\n<\/ul>\n<p>&nbsp;<\/p>\n<p>Una vez m\u00e1s sujetos desconocidos ingresaron a robar al local de \u2018Cecinas Santa Julia\u2019, conocido y tradicional establecimiento comercial ubicado en Avenida Chacabuco esquina Traslavi\u00f1a en San Felipe. En esta\u00a0 ocasi\u00f3n, seg\u00fan pudimos conocer en el mismo lugar de los hechos, fueron principalmente bebidas y cervezas las que se llevaron los delincuentes durante este robo que se produjo la madrugada de ayer, cuando se interrumpi\u00f3 el suministro el\u00e9ctrico.<\/p>\n<p>Seg\u00fan nos manifest\u00f3 el propietario del local, <strong>Carlos Varas<\/strong>, el hecho ocurri\u00f3 aproximadamente a la una de la madrugada, <em>\u201ccuando hubo el corte de luz, si fue coordinado con el corte de luz, cuando internet o las c\u00e1maras se pueden bloquear, afortunadamente esas no se bloquearon\u201d,<\/em> se\u00f1al\u00f3.<\/p>\n<p>Comenta que no pudo ver cu\u00e1ndo ingresaron los sujetos o cu\u00e1ntos eran, solamente ve despu\u00e9s, ya que se trata de c\u00e1maras en vivo las que tiene. No obstante, precis\u00f3 que la empresa de seguridad tiene las grabaciones para poder revisar las im\u00e1genes.<\/p>\n<p>&#8211; <strong>\u00bfCu\u00e1l es el sentir, teniendo en cuenta que la otra vez tambi\u00e9n le entraron a robar?<\/strong><\/p>\n<p>&#8211; Bueno, esta es la cuarta vez que me han robado este local, pero aparentemente estos est\u00e1n escondidos detr\u00e1s de las barricadas, porque aqu\u00ed al frente hab\u00eda una barricada y como estaba la cercan\u00eda con el local, seguramente vinieron a tratar de abrir el local.<\/p>\n<p>La barricada a la que hace alusi\u00f3n el afectado, estaba en la intersecci\u00f3n de la Avenida Chacabuco con Traslavi\u00f1a, frente a la automotora.<\/p>\n<p>Cuenta que debido a los robos hab\u00eda mejorado la calidad de las cortinas, <em>\u201cpero en esta ocasi\u00f3n pusieron una gata hidr\u00e1ulica, pero \u00e9sta era de mejor calidad y trataron de abrir las otras cortinas, solamente una se dobl\u00f3\u201d,<\/em> indica el afectado.<\/p>\n<p>&#8211; <strong>Ahora a seguir trabajando, no queda de otra.<\/strong><\/p>\n<p>&#8211; Bueno, s\u00ed, esa es la idea\u2026 Eso es lo que hay que hacer, sino\u00a0 no queda otra cosa. Pero ojala pare esta cuesti\u00f3n, sino voy a tener que cerrar de otra forma\u2026 cerrar pa\u2019 siempre, porque es cuarta vez y no han sido menores en las otras ocasiones.<\/p>\n<p>Se\u00f1ala que no ha despedido personal, ni lo ha pensado, pero si hay marchas, toque de queda, tiene que estar cerrando, pues <em>\u201cno vendo\u2026 no necesito gente\u201d,<\/em> indic\u00f3.<\/p>\n<p>Al finalizar dice que en los cuatro robos ha perdido diez millones de pesos. Al menos ignora en \u00e9ste, pero en los dem\u00e1s han sido de tres millones cada uno.<\/p>\n<p>&nbsp;<\/p>\n<figure id=\"attachment_95717\" aria-describedby=\"caption-attachment-95717\" style=\"width: 580px\" class=\"wp-caption alignnone\"><img data-recalc-dims=\"1\" loading=\"lazy\" decoding=\"async\" class=\"size-full wp-image-95717\" src=\"https:\/\/i0.wp.com\/www.eltrabajo.cl\/portal\/wp-content\/uploads\/2019\/11\/Santa-Julia.jpg?resize=580%2C360\" alt=\"La cortina levantada, as\u00ed amaneci\u00f3 ayer en la ma\u00f1ana Cecinas Santa Julia.\" width=\"580\" height=\"360\" srcset=\"https:\/\/i0.wp.com\/eltrabajo.cl\/portal\/wp-content\/uploads\/2019\/11\/Santa-Julia.jpg?w=580&amp;ssl=1 580w, https:\/\/i0.wp.com\/eltrabajo.cl\/portal\/wp-content\/uploads\/2019\/11\/Santa-Julia.jpg?resize=300%2C186&amp;ssl=1 300w, https:\/\/i0.wp.com\/eltrabajo.cl\/portal\/wp-content\/uploads\/2019\/11\/Santa-Julia.jpg?resize=200%2C124&amp;ssl=1 200w, https:\/\/i0.wp.com\/eltrabajo.cl\/portal\/wp-content\/uploads\/2019\/11\/Santa-Julia.jpg?resize=242%2C150&amp;ssl=1 242w, https:\/\/i0.wp.com\/eltrabajo.cl\/portal\/wp-content\/uploads\/2019\/11\/Santa-Julia.jpg?resize=400%2C248&amp;ssl=1 400w\" sizes=\"auto, (max-width: 580px) 100vw, 580px\" \/><figcaption id=\"caption-attachment-95717\" class=\"wp-caption-text\">La cortina levantada, as\u00ed amaneci\u00f3 ayer en la ma\u00f1ana Cecinas Santa Julia.<\/figcaption><\/figure>\n","protected":false},"excerpt":{"rendered":"<p>Tradicional establecimiento afectado por cuarta vez: Amparados en corte de luz delincuentes sustrajeron principalmente bebidas y cervezas. &nbsp; Una vez m\u00e1s sujetos desconocidos ingresaron a robar al local de \u2018Cecinas Santa Julia\u2019,&#8230;<\/p>\n","protected":false},"author":482,"featured_media":95717,"comment_status":"open","ping_status":"open","sticky":false,"template":"","format":"standard","meta":{"advanced_seo_description":"","jetpack_seo_html_title":"","jetpack_seo_noindex":false,"_jetpack_memberships_contains_paid_content":false,"footnotes":""},"categories":[21],"tags":[],"class_list":["post-95716","post","type-post","status-publish","format-standard","has-post-thumbnail","hentry","category-policial"],"jetpack_featured_media_url":"https:\/\/i0.wp.com\/eltrabajo.cl\/portal\/wp-content\/uploads\/2019\/11\/Santa-Julia.jpg?fit=580%2C360&ssl=1","jetpack_sharing_enabled":true,"jetpack_likes_enabled":true,"jetpack-related-posts":[],"_links":{"self":[{"href":"https:\/\/eltrabajo.cl\/portal\/wp-json\/wp\/v2\/posts\/95716","targetHints":{"allow":["GET"]}}],"collection":[{"href":"https:\/\/eltrabajo.cl\/portal\/wp-json\/wp\/v2\/posts"}],"about":[{"href":"https:\/\/eltrabajo.cl\/portal\/wp-json\/wp\/v2\/types\/post"}],"author":[{"embeddable":true,"href":"https:\/\/eltrabajo.cl\/portal\/wp-json\/wp\/v2\/users\/482"}],"replies":[{"embeddable":true,"href":"https:\/\/eltrabajo.cl\/portal\/wp-json\/wp\/v2\/comments?post=95716"}],"version-history":[{"count":0,"href":"https:\/\/eltrabajo.cl\/portal\/wp-json\/wp\/v2\/posts\/95716\/revisions"}],"wp:featuredmedia":[{"embeddable":true,"href":"https:\/\/eltrabajo.cl\/portal\/wp-json\/wp\/v2\/media\/95717"}],"wp:attachment":[{"href":"https:\/\/eltrabajo.cl\/portal\/wp-json\/wp\/v2\/media?parent=95716"}],"wp:term":[{"taxonomy":"category","embeddable":true,"href":"https:\/\/eltrabajo.cl\/portal\/wp-json\/wp\/v2\/categories?post=95716"},{"taxonomy":"post_tag","embeddable":true,"href":"https:\/\/eltrabajo.cl\/portal\/wp-json\/wp\/v2\/tags?post=95716"}],"curies":[{"name":"wp","href":"https:\/\/api.w.org\/{rel}","templated":true}]}}