{"id":95719,"date":"2019-11-28T05:06:39","date_gmt":"2019-11-28T08:06:39","guid":{"rendered":"http:\/\/www.eltrabajo.cl\/portal\/?p=95719"},"modified":"2019-11-28T00:37:03","modified_gmt":"2019-11-28T03:37:03","slug":"incendio-destruyo-vivienda-y-dejo-en-la-calle-a-familia-de-villa-los-aromos","status":"publish","type":"post","link":"https:\/\/eltrabajo.cl\/portal\/incendio-destruyo-vivienda-y-dejo-en-la-calle-a-familia-de-villa-los-aromos\/","title":{"rendered":"Incendio destruy\u00f3 vivienda y dej\u00f3 en la calle a familia de Villa Los Aromos"},"content":{"rendered":"<p><span style=\"color: #ff0000;\"><strong>Concurrieron Bomberos de Santa Mar\u00eda y San Felipe:<\/strong><\/span><\/p>\n<ul>\n<li><strong>Siniestro se origin\u00f3 en horas de la ma\u00f1ana de ayer mi\u00e9rcoles mientras los afectados no se encontraban en su domicilio. El Departamento T\u00e9cnico de Bomberos inici\u00f3 una investigaci\u00f3n para establecer el origen del fuego.<\/strong><\/li>\n<\/ul>\n<p>&nbsp;<\/p>\n<p>La p\u00e9rdida total de enseres y literalmente con lo puesto qued\u00f3 una familia domiciliada en el pasaje Las Palmeras de Villa Los Aromos en Santa Mar\u00eda, tras un incendio declarado a las 09:30 horas de la ma\u00f1ana de ayer mi\u00e9rcoles.<\/p>\n<p>Por causas que se investigan, el fuego se inici\u00f3 a puertas cerradas, confirm\u00e1ndose que los propietarios no se encontraban en el inmueble en ese momento, generando gran conmoci\u00f3n entre los vecinos quienes consternados requirieron la presencia de Bomberos.<\/p>\n<p>En minutos, seg\u00fan declara a <strong>Diario El Trabajo<\/strong>, el Relacionador P\u00fablico de Bomberos de Santa Mar\u00eda, <strong>Diego Arancibia Rodr\u00edguez<\/strong>, voluntarios de la Primera y Segunda compa\u00f1\u00edas comenzaron las cr\u00edticas labores para reducir las intensas llamas desatadas en el interior de la vivienda, requiri\u00e9ndose el apoyo de voluntarios de la comuna de San Felipe a fin de evitar la propagaci\u00f3n hacia otras viviendas pareadas.<\/p>\n<p>\u201c<em>Gracias al r\u00e1pido aviso en unos minutos Bomberos estaba controlando la emergencia, fue solo una casa la afectada, con p\u00e9rdida igual de consideraci\u00f3n en el interior. Producto del da\u00f1o en el sistema que hubo se cort\u00f3 la energ\u00eda. Solicitamos apoyo al Cuerpo de Bomberos de San Felipe. Las p\u00e9rdidas al interior de la casa fue completa, la estructura de techo y paredes quedaron sin da\u00f1os mayores, pero todo al interior de madera, electrodom\u00e9sticos, muebles fue quemado.\u00a0 La casa estaba sin moradores, los vecinos sacaron un veh\u00edculo desde el interior de la casa para evitar que se quemara\u201d.<\/em><\/p>\n<p>Arancibia sostuvo que los afectados son arrendatarios del inmueble afectado y que el origen del incendio est\u00e1 siendo investigado por el Departamento T\u00e9cnico de Bomberos para la elaboraci\u00f3n de un informe.<\/p>\n<p><strong>Pablo Salinas Sald\u00edas<\/strong><\/p>\n<figure id=\"attachment_95720\" aria-describedby=\"caption-attachment-95720\" style=\"width: 580px\" class=\"wp-caption alignnone\"><img data-recalc-dims=\"1\" loading=\"lazy\" decoding=\"async\" class=\"size-full wp-image-95720\" src=\"https:\/\/i0.wp.com\/www.eltrabajo.cl\/portal\/wp-content\/uploads\/2019\/11\/INCENDIOSM4.jpg?resize=580%2C358\" alt=\"Compa\u00f1\u00edas de Bomberos de Santa Mar\u00eda y San Felipe combatieron el fuego.\" width=\"580\" height=\"358\" srcset=\"https:\/\/i0.wp.com\/eltrabajo.cl\/portal\/wp-content\/uploads\/2019\/11\/INCENDIOSM4.jpg?w=580&amp;ssl=1 580w, https:\/\/i0.wp.com\/eltrabajo.cl\/portal\/wp-content\/uploads\/2019\/11\/INCENDIOSM4.jpg?resize=300%2C185&amp;ssl=1 300w, https:\/\/i0.wp.com\/eltrabajo.cl\/portal\/wp-content\/uploads\/2019\/11\/INCENDIOSM4.jpg?resize=200%2C123&amp;ssl=1 200w, https:\/\/i0.wp.com\/eltrabajo.cl\/portal\/wp-content\/uploads\/2019\/11\/INCENDIOSM4.jpg?resize=243%2C150&amp;ssl=1 243w, https:\/\/i0.wp.com\/eltrabajo.cl\/portal\/wp-content\/uploads\/2019\/11\/INCENDIOSM4.jpg?resize=400%2C247&amp;ssl=1 400w\" sizes=\"auto, (max-width: 580px) 100vw, 580px\" \/><figcaption id=\"caption-attachment-95720\" class=\"wp-caption-text\">Compa\u00f1\u00edas de Bomberos de Santa Mar\u00eda y San Felipe combatieron el fuego.<\/figcaption><\/figure>\n<figure id=\"attachment_95721\" aria-describedby=\"caption-attachment-95721\" style=\"width: 579px\" class=\"wp-caption alignnone\"><img data-recalc-dims=\"1\" loading=\"lazy\" decoding=\"async\" class=\"size-full wp-image-95721\" src=\"https:\/\/i0.wp.com\/www.eltrabajo.cl\/portal\/wp-content\/uploads\/2019\/11\/INCENDIOSM1.jpg?resize=579%2C773\" alt=\"P\u00e9rdidas totales para la familia afectada producto de este incendio. (Fotograf\u00edas: Emergencias Santa Mar\u00eda).\" width=\"579\" height=\"773\" srcset=\"https:\/\/i0.wp.com\/eltrabajo.cl\/portal\/wp-content\/uploads\/2019\/11\/INCENDIOSM1.jpg?w=579&amp;ssl=1 579w, https:\/\/i0.wp.com\/eltrabajo.cl\/portal\/wp-content\/uploads\/2019\/11\/INCENDIOSM1.jpg?resize=225%2C300&amp;ssl=1 225w, https:\/\/i0.wp.com\/eltrabajo.cl\/portal\/wp-content\/uploads\/2019\/11\/INCENDIOSM1.jpg?resize=112%2C150&amp;ssl=1 112w, https:\/\/i0.wp.com\/eltrabajo.cl\/portal\/wp-content\/uploads\/2019\/11\/INCENDIOSM1.jpg?resize=400%2C534&amp;ssl=1 400w\" sizes=\"auto, (max-width: 579px) 100vw, 579px\" \/><figcaption id=\"caption-attachment-95721\" class=\"wp-caption-text\">P\u00e9rdidas totales para la familia afectada producto de este incendio. (Fotograf\u00edas: Emergencias Santa Mar\u00eda).<\/figcaption><\/figure>\n<figure id=\"attachment_95722\" aria-describedby=\"caption-attachment-95722\" style=\"width: 579px\" class=\"wp-caption alignnone\"><img data-recalc-dims=\"1\" loading=\"lazy\" decoding=\"async\" class=\"size-full wp-image-95722\" src=\"https:\/\/i0.wp.com\/www.eltrabajo.cl\/portal\/wp-content\/uploads\/2019\/11\/INCENDIOSM2.jpg?resize=579%2C773\" alt=\"El fuego se desat\u00f3 a eso de las 09:30 horas de ayer mi\u00e9rcoles.\" width=\"579\" height=\"773\" srcset=\"https:\/\/i0.wp.com\/eltrabajo.cl\/portal\/wp-content\/uploads\/2019\/11\/INCENDIOSM2.jpg?w=579&amp;ssl=1 579w, https:\/\/i0.wp.com\/eltrabajo.cl\/portal\/wp-content\/uploads\/2019\/11\/INCENDIOSM2.jpg?resize=225%2C300&amp;ssl=1 225w, https:\/\/i0.wp.com\/eltrabajo.cl\/portal\/wp-content\/uploads\/2019\/11\/INCENDIOSM2.jpg?resize=112%2C150&amp;ssl=1 112w, https:\/\/i0.wp.com\/eltrabajo.cl\/portal\/wp-content\/uploads\/2019\/11\/INCENDIOSM2.jpg?resize=400%2C534&amp;ssl=1 400w\" sizes=\"auto, (max-width: 579px) 100vw, 579px\" \/><figcaption id=\"caption-attachment-95722\" class=\"wp-caption-text\">El fuego se desat\u00f3 a eso de las 09:30 horas de ayer mi\u00e9rcoles.<\/figcaption><\/figure>\n<figure id=\"attachment_95723\" aria-describedby=\"caption-attachment-95723\" style=\"width: 579px\" class=\"wp-caption alignnone\"><img data-recalc-dims=\"1\" loading=\"lazy\" decoding=\"async\" class=\"size-full wp-image-95723\" src=\"https:\/\/i0.wp.com\/www.eltrabajo.cl\/portal\/wp-content\/uploads\/2019\/11\/INCENDIOSM3.jpg?resize=579%2C773\" alt=\"La vivienda afectada se ubicada en el pasaje Las Palmeras de la Villa Los Aromos de Santa Mar\u00eda.\" width=\"579\" height=\"773\" srcset=\"https:\/\/i0.wp.com\/eltrabajo.cl\/portal\/wp-content\/uploads\/2019\/11\/INCENDIOSM3.jpg?w=579&amp;ssl=1 579w, https:\/\/i0.wp.com\/eltrabajo.cl\/portal\/wp-content\/uploads\/2019\/11\/INCENDIOSM3.jpg?resize=225%2C300&amp;ssl=1 225w, https:\/\/i0.wp.com\/eltrabajo.cl\/portal\/wp-content\/uploads\/2019\/11\/INCENDIOSM3.jpg?resize=112%2C150&amp;ssl=1 112w, https:\/\/i0.wp.com\/eltrabajo.cl\/portal\/wp-content\/uploads\/2019\/11\/INCENDIOSM3.jpg?resize=400%2C534&amp;ssl=1 400w\" sizes=\"auto, (max-width: 579px) 100vw, 579px\" \/><figcaption id=\"caption-attachment-95723\" class=\"wp-caption-text\">La vivienda afectada se ubicada en el pasaje Las Palmeras de la Villa Los Aromos de Santa Mar\u00eda.<\/figcaption><\/figure>\n<p><strong>\u00a0<\/strong><\/p>\n","protected":false},"excerpt":{"rendered":"<p>Concurrieron Bomberos de Santa Mar\u00eda y San Felipe: Siniestro se origin\u00f3 en horas de la ma\u00f1ana de ayer mi\u00e9rcoles mientras los afectados no se encontraban en su domicilio. El Departamento T\u00e9cnico de&#8230;<\/p>\n","protected":false},"author":482,"featured_media":95720,"comment_status":"open","ping_status":"open","sticky":false,"template":"","format":"standard","meta":{"advanced_seo_description":"","jetpack_seo_html_title":"","jetpack_seo_noindex":false,"_jetpack_memberships_contains_paid_content":false,"footnotes":""},"categories":[21],"tags":[],"class_list":["post-95719","post","type-post","status-publish","format-standard","has-post-thumbnail","hentry","category-policial"],"jetpack_featured_media_url":"https:\/\/i0.wp.com\/eltrabajo.cl\/portal\/wp-content\/uploads\/2019\/11\/INCENDIOSM4.jpg?fit=580%2C358&ssl=1","jetpack_sharing_enabled":true,"jetpack_likes_enabled":true,"jetpack-related-posts":[],"_links":{"self":[{"href":"https:\/\/eltrabajo.cl\/portal\/wp-json\/wp\/v2\/posts\/95719","targetHints":{"allow":["GET"]}}],"collection":[{"href":"https:\/\/eltrabajo.cl\/portal\/wp-json\/wp\/v2\/posts"}],"about":[{"href":"https:\/\/eltrabajo.cl\/portal\/wp-json\/wp\/v2\/types\/post"}],"author":[{"embeddable":true,"href":"https:\/\/eltrabajo.cl\/portal\/wp-json\/wp\/v2\/users\/482"}],"replies":[{"embeddable":true,"href":"https:\/\/eltrabajo.cl\/portal\/wp-json\/wp\/v2\/comments?post=95719"}],"version-history":[{"count":0,"href":"https:\/\/eltrabajo.cl\/portal\/wp-json\/wp\/v2\/posts\/95719\/revisions"}],"wp:featuredmedia":[{"embeddable":true,"href":"https:\/\/eltrabajo.cl\/portal\/wp-json\/wp\/v2\/media\/95720"}],"wp:attachment":[{"href":"https:\/\/eltrabajo.cl\/portal\/wp-json\/wp\/v2\/media?parent=95719"}],"wp:term":[{"taxonomy":"category","embeddable":true,"href":"https:\/\/eltrabajo.cl\/portal\/wp-json\/wp\/v2\/categories?post=95719"},{"taxonomy":"post_tag","embeddable":true,"href":"https:\/\/eltrabajo.cl\/portal\/wp-json\/wp\/v2\/tags?post=95719"}],"curies":[{"name":"wp","href":"https:\/\/api.w.org\/{rel}","templated":true}]}}