{"id":95725,"date":"2019-11-28T05:07:22","date_gmt":"2019-11-28T08:07:22","guid":{"rendered":"http:\/\/www.eltrabajo.cl\/portal\/?p=95725"},"modified":"2019-11-28T00:39:16","modified_gmt":"2019-11-28T03:39:16","slug":"barricadas-saqueo-y-hasta-corte-de-luz-fue-el-balance-de-manifestaciones","status":"publish","type":"post","link":"https:\/\/eltrabajo.cl\/portal\/barricadas-saqueo-y-hasta-corte-de-luz-fue-el-balance-de-manifestaciones\/","title":{"rendered":"Barricadas, saqueo y hasta corte de luz fue el balance de manifestaciones"},"content":{"rendered":"<p><span style=\"color: #ff0000;\"><strong>Dos detenidos durante la jornada de este martes:<\/strong><\/span><\/p>\n<ul>\n<li><strong>El corte de energ\u00eda el\u00e9ctrica que afect\u00f3 a un gran n\u00famero de vecinos de la comuna, habr\u00eda sido provocado por actos vand\u00e1licos cerca de la medianoche de este martes.<\/strong><\/li>\n<\/ul>\n<p>&nbsp;<\/p>\n<p>Dos personas detenidas por funcionarios de Carabineros fue el resultado de las manifestaciones efectuadas este martes, tras producirse desde temprano el encendido de barricadas en distintos puntos de la provincia de San Felipe, hasta finalizar con el corte del suministro el\u00e9ctrico provocado aparentemente por el vandalismo.<\/p>\n<p>En lo que se refiere a la comuna de Panquehue, manifestantes encendieron barricadas para obstaculizar el tr\u00e1nsito por la ruta Troncal desde la ma\u00f1ana y que fueron replicadas durante la jornada de este martes y mi\u00e9rcoles.<\/p>\n<p>Al mismo tiempo en calle Miraflores, a pasos del Hospital San Camilo de San Felipe, se registr\u00f3 encendido de neum\u00e1ticos provocando el bloqueo en dicha arteria.<\/p>\n<p>Al caer la noche un grupo significativo de manifestantes concurri\u00f3 hasta el sector del Puente El Rey de San Felipe, donde se produjeron desmanes y barricadas, debiendo intervenir personal de Carabineros.<\/p>\n<p>El Gobernador Provincial de San Felipe, <strong>Claudio Rodr\u00edguez Cataldo<\/strong>, calific\u00f3 la jornada m\u00e1s tranquila en comparaci\u00f3n a la semana pasada, confirmando los sucesos ocurridos en distintos puntos durante la jornada.<\/p>\n<p>\u201c<em>Comparativamente tuvimos una jornada bastante m\u00e1s tranquila, pero violenta, hubo algunas marchas que se realizaron particularmente el d\u00eda lunes y martes, que se desenvolvieron con normalidad y en forma pac\u00edfica.\u00a0 Lo que s\u00ed tuvimos barricadas en el Hospital San Camilo en horas de la ma\u00f1ana, en rutas como la ruta Troncal hacia San Felipe y Catemu, y en la tarde tuvimos algunas acciones que se tornaron violentas, debiendo ser abordadas por Carabineros. Ayer (martes) hubo dos detenidos durante la jornada que fueron puestos a disposici\u00f3n de los tribunales\u201d.<\/em><\/p>\n<p>Pasada la medianoche se registr\u00f3 el corte del suministro el\u00e9ctrico en gran parte de la comuna de San Felipe, el que habr\u00eda sido provocado tras actos vand\u00e1licos que est\u00e1n siendo investigados por la autoridad, retornando la energ\u00eda aproximadamente a partir de las 01:30 horas de la madrugada de este mi\u00e9rcoles.<\/p>\n<p>Tras los episodios de actos vand\u00e1licos ocurridos en la provincia de San Felipe, el Gobernador Rodr\u00edguez refiri\u00f3 que Carabineros realiza una investigaci\u00f3n en determinar con sus distintos organismos, las acciones de grupos organizados que atentan contra la seguridad de la ciudadan\u00eda.<\/p>\n<p>\u201c<em>La verdad que esa tarea la est\u00e1 realizando Carabineros con sus distintos organismos, y una vez que se tenga absolutamente constituida la prueba, ser\u00e1n puestas a disposici\u00f3n de los tribunales correspondientes\u201d.<\/em><\/p>\n<p><strong>Pablo Salinas Sald\u00edas<\/strong><\/p>\n<figure id=\"attachment_95727\" aria-describedby=\"caption-attachment-95727\" style=\"width: 580px\" class=\"wp-caption alignnone\"><img data-recalc-dims=\"1\" loading=\"lazy\" decoding=\"async\" class=\"size-full wp-image-95727\" src=\"https:\/\/i0.wp.com\/www.eltrabajo.cl\/portal\/wp-content\/uploads\/2019\/11\/balance-MIRAFLORES.jpg?resize=580%2C359\" alt=\"Barricadas durante la ma\u00f1ana de este martes en Avenida Miraflores, a pasos del Hospital San Camilo de San Felipe.\" width=\"580\" height=\"359\" srcset=\"https:\/\/i0.wp.com\/eltrabajo.cl\/portal\/wp-content\/uploads\/2019\/11\/balance-MIRAFLORES.jpg?w=580&amp;ssl=1 580w, https:\/\/i0.wp.com\/eltrabajo.cl\/portal\/wp-content\/uploads\/2019\/11\/balance-MIRAFLORES.jpg?resize=300%2C186&amp;ssl=1 300w, https:\/\/i0.wp.com\/eltrabajo.cl\/portal\/wp-content\/uploads\/2019\/11\/balance-MIRAFLORES.jpg?resize=200%2C124&amp;ssl=1 200w, https:\/\/i0.wp.com\/eltrabajo.cl\/portal\/wp-content\/uploads\/2019\/11\/balance-MIRAFLORES.jpg?resize=242%2C150&amp;ssl=1 242w, https:\/\/i0.wp.com\/eltrabajo.cl\/portal\/wp-content\/uploads\/2019\/11\/balance-MIRAFLORES.jpg?resize=400%2C248&amp;ssl=1 400w\" sizes=\"auto, (max-width: 580px) 100vw, 580px\" \/><figcaption id=\"caption-attachment-95727\" class=\"wp-caption-text\">Barricadas durante la ma\u00f1ana de este martes en Avenida Miraflores, a pasos del Hospital San Camilo de San Felipe.<\/figcaption><\/figure>\n<p>&nbsp;<\/p>\n<figure id=\"attachment_95726\" aria-describedby=\"caption-attachment-95726\" style=\"width: 578px\" class=\"wp-caption alignnone\"><img data-recalc-dims=\"1\" loading=\"lazy\" decoding=\"async\" class=\"size-full wp-image-95726\" src=\"https:\/\/i0.wp.com\/www.eltrabajo.cl\/portal\/wp-content\/uploads\/2019\/11\/balance-LA-PIRCA.jpg?resize=578%2C286\" alt=\"Cortes en la ruta Troncal de Panquehue y barricadas encendidas durante las \u00faltimas jornadas de movilizaciones.\" width=\"578\" height=\"286\" srcset=\"https:\/\/i0.wp.com\/eltrabajo.cl\/portal\/wp-content\/uploads\/2019\/11\/balance-LA-PIRCA.jpg?w=578&amp;ssl=1 578w, https:\/\/i0.wp.com\/eltrabajo.cl\/portal\/wp-content\/uploads\/2019\/11\/balance-LA-PIRCA.jpg?resize=300%2C148&amp;ssl=1 300w, https:\/\/i0.wp.com\/eltrabajo.cl\/portal\/wp-content\/uploads\/2019\/11\/balance-LA-PIRCA.jpg?resize=200%2C99&amp;ssl=1 200w, https:\/\/i0.wp.com\/eltrabajo.cl\/portal\/wp-content\/uploads\/2019\/11\/balance-LA-PIRCA.jpg?resize=400%2C198&amp;ssl=1 400w\" sizes=\"auto, (max-width: 578px) 100vw, 578px\" \/><figcaption id=\"caption-attachment-95726\" class=\"wp-caption-text\">Cortes en la ruta Troncal de Panquehue y barricadas encendidas durante las \u00faltimas jornadas de movilizaciones.<\/figcaption><\/figure>\n<p>&nbsp;<\/p>\n<figure id=\"attachment_95728\" aria-describedby=\"caption-attachment-95728\" style=\"width: 578px\" class=\"wp-caption alignnone\"><img data-recalc-dims=\"1\" loading=\"lazy\" decoding=\"async\" class=\"size-full wp-image-95728\" src=\"https:\/\/i0.wp.com\/www.eltrabajo.cl\/portal\/wp-content\/uploads\/2019\/11\/balance-PUENTE-EL-REY.jpg?resize=578%2C325\" alt=\"Durante la tarde noche de este martes, manifestantes se reunieron en el sector del Puente El Rey, origin\u00e1ndose desmanes y encendido de barricadas.\" width=\"578\" height=\"325\" srcset=\"https:\/\/i0.wp.com\/eltrabajo.cl\/portal\/wp-content\/uploads\/2019\/11\/balance-PUENTE-EL-REY.jpg?w=578&amp;ssl=1 578w, https:\/\/i0.wp.com\/eltrabajo.cl\/portal\/wp-content\/uploads\/2019\/11\/balance-PUENTE-EL-REY.jpg?resize=300%2C169&amp;ssl=1 300w, https:\/\/i0.wp.com\/eltrabajo.cl\/portal\/wp-content\/uploads\/2019\/11\/balance-PUENTE-EL-REY.jpg?resize=200%2C112&amp;ssl=1 200w, https:\/\/i0.wp.com\/eltrabajo.cl\/portal\/wp-content\/uploads\/2019\/11\/balance-PUENTE-EL-REY.jpg?resize=267%2C150&amp;ssl=1 267w, https:\/\/i0.wp.com\/eltrabajo.cl\/portal\/wp-content\/uploads\/2019\/11\/balance-PUENTE-EL-REY.jpg?resize=400%2C225&amp;ssl=1 400w\" sizes=\"auto, (max-width: 578px) 100vw, 578px\" \/><figcaption id=\"caption-attachment-95728\" class=\"wp-caption-text\">Durante la tarde noche de este martes, manifestantes se reunieron en el sector del Puente El Rey, origin\u00e1ndose desmanes y encendido de barricadas.<\/figcaption><\/figure>\n<p><strong>\u00a0<\/strong><\/p>\n","protected":false},"excerpt":{"rendered":"<p>Dos detenidos durante la jornada de este martes: El corte de energ\u00eda el\u00e9ctrica que afect\u00f3 a un gran n\u00famero de vecinos de la comuna, habr\u00eda sido provocado por actos vand\u00e1licos cerca de&#8230;<\/p>\n","protected":false},"author":482,"featured_media":95727,"comment_status":"open","ping_status":"open","sticky":false,"template":"","format":"standard","meta":{"advanced_seo_description":"","jetpack_seo_html_title":"","jetpack_seo_noindex":false,"_jetpack_memberships_contains_paid_content":false,"footnotes":""},"categories":[21],"tags":[],"class_list":["post-95725","post","type-post","status-publish","format-standard","has-post-thumbnail","hentry","category-policial"],"jetpack_featured_media_url":"https:\/\/i0.wp.com\/eltrabajo.cl\/portal\/wp-content\/uploads\/2019\/11\/balance-MIRAFLORES.jpg?fit=580%2C359&ssl=1","jetpack_sharing_enabled":true,"jetpack_likes_enabled":true,"jetpack-related-posts":[],"_links":{"self":[{"href":"https:\/\/eltrabajo.cl\/portal\/wp-json\/wp\/v2\/posts\/95725","targetHints":{"allow":["GET"]}}],"collection":[{"href":"https:\/\/eltrabajo.cl\/portal\/wp-json\/wp\/v2\/posts"}],"about":[{"href":"https:\/\/eltrabajo.cl\/portal\/wp-json\/wp\/v2\/types\/post"}],"author":[{"embeddable":true,"href":"https:\/\/eltrabajo.cl\/portal\/wp-json\/wp\/v2\/users\/482"}],"replies":[{"embeddable":true,"href":"https:\/\/eltrabajo.cl\/portal\/wp-json\/wp\/v2\/comments?post=95725"}],"version-history":[{"count":0,"href":"https:\/\/eltrabajo.cl\/portal\/wp-json\/wp\/v2\/posts\/95725\/revisions"}],"wp:featuredmedia":[{"embeddable":true,"href":"https:\/\/eltrabajo.cl\/portal\/wp-json\/wp\/v2\/media\/95727"}],"wp:attachment":[{"href":"https:\/\/eltrabajo.cl\/portal\/wp-json\/wp\/v2\/media?parent=95725"}],"wp:term":[{"taxonomy":"category","embeddable":true,"href":"https:\/\/eltrabajo.cl\/portal\/wp-json\/wp\/v2\/categories?post=95725"},{"taxonomy":"post_tag","embeddable":true,"href":"https:\/\/eltrabajo.cl\/portal\/wp-json\/wp\/v2\/tags?post=95725"}],"curies":[{"name":"wp","href":"https:\/\/api.w.org\/{rel}","templated":true}]}}