{"id":95736,"date":"2019-11-29T05:02:12","date_gmt":"2019-11-29T08:02:12","guid":{"rendered":"http:\/\/www.eltrabajo.cl\/portal\/?p=95736"},"modified":"2019-11-28T21:28:38","modified_gmt":"2019-11-29T00:28:38","slug":"condenado-a-7-anos-de-carcel-por-asaltar-a-dos-mujeres-en-lapso-de-pocos-minutos","status":"publish","type":"post","link":"https:\/\/eltrabajo.cl\/portal\/condenado-a-7-anos-de-carcel-por-asaltar-a-dos-mujeres-en-lapso-de-pocos-minutos\/","title":{"rendered":"Condenado a 7 a\u00f1os de c\u00e1rcel por asaltar a dos mujeres en lapso de pocos minutos"},"content":{"rendered":"<p><span style=\"color: #ff0000;\"><strong>Tras juicio abreviado en Juzgado de Garant\u00eda de San Felipe:<\/strong><\/span><\/p>\n<ul>\n<li><strong>Afectadas fueron abordadas mientras esperaban locomoci\u00f3n colectiva en un paradero ubicado en el sector de Curim\u00f3n.<\/strong><\/li>\n<\/ul>\n<p>&nbsp;<\/p>\n<p>A dos penas, una de 4 y otra de 3 a\u00f1os y un d\u00eda de c\u00e1rcel, fue condenado un antisocial identificado como <strong>Walter Lazcano Phillipe<\/strong>, tras asaltar en un lapso de minutos a dos mujeres que esperaban locomoci\u00f3n colectiva en el sector de Curim\u00f3n.<\/p>\n<p>En medio de un juicio abreviado desarrollado en el Juzgado de Garant\u00eda de San Felipe, el fiscal Eduardo Fajardo De La Cuba acus\u00f3 los hechos ocurridos en el mes de agosto del a\u00f1o 2017, en circunstancias en que la primera v\u00edctima fue asaltada por este sujeto a las 19:10 horas, quien intentaba apoderarse de su cartera, inici\u00e1ndose un forcejeo entre ambos.<\/p>\n<p>La mujer se resisti\u00f3 al asalto hasta donde pudo, siendo arrojada finalmente al piso, recibiendo un golpe de pie por parte de asaltante. Sin embargo \u00e9ste no logr\u00f3 su cometido, desistiendo del robo para escapar del lugar.<\/p>\n<p>Transcurrieron solo minutos y a eso de las 19:40 horas del mismo d\u00eda, el delincuente regres\u00f3 al mismo lugar del hecho, pero esta vez armado con un cuchillo, amenazando a otra v\u00edctima para arrebatarle su cartera, obteniendo la especie para escapar en direcci\u00f3n desconocida.<\/p>\n<p>Tras una investigaci\u00f3n policial, el sujeto posteriormente fue reconocido por ambas afectadas como el autor de estos delitos.<\/p>\n<p>En enero de este a\u00f1o, Lazcano con antecedentes delictuales, fue formalizado por la Fiscal\u00eda quien requiri\u00f3 ante el Tribunal la cautelar de prisi\u00f3n preventiva, la que fue accedida por el Juez de Garant\u00eda.<\/p>\n<p>El acusado tras aceptar un juicio abreviado, fue sentenciado por este Tribunal a cumplir un total de siete a\u00f1os de c\u00e1rcel en forma efectiva.<\/p>\n<p><strong>Pablo Salinas Sald\u00edas<\/strong><\/p>\n<figure id=\"attachment_95737\" aria-describedby=\"caption-attachment-95737\" style=\"width: 580px\" class=\"wp-caption alignnone\"><img data-recalc-dims=\"1\" loading=\"lazy\" decoding=\"async\" class=\"size-full wp-image-95737\" src=\"https:\/\/i0.wp.com\/www.eltrabajo.cl\/portal\/wp-content\/uploads\/2019\/11\/ASALTO-MUJERES.jpg?resize=580%2C360\" alt=\"Ambas afectadas fueron asaltadas por este sujeto en el paradero de locomoci\u00f3n colectiva ubicado en el sector de Curim\u00f3n en el mes de agosto del 2017. (Fotograf\u00eda Referencial).\" width=\"580\" height=\"360\" srcset=\"https:\/\/i0.wp.com\/eltrabajo.cl\/portal\/wp-content\/uploads\/2019\/11\/ASALTO-MUJERES.jpg?w=580&amp;ssl=1 580w, https:\/\/i0.wp.com\/eltrabajo.cl\/portal\/wp-content\/uploads\/2019\/11\/ASALTO-MUJERES.jpg?resize=300%2C186&amp;ssl=1 300w, https:\/\/i0.wp.com\/eltrabajo.cl\/portal\/wp-content\/uploads\/2019\/11\/ASALTO-MUJERES.jpg?resize=200%2C124&amp;ssl=1 200w, https:\/\/i0.wp.com\/eltrabajo.cl\/portal\/wp-content\/uploads\/2019\/11\/ASALTO-MUJERES.jpg?resize=242%2C150&amp;ssl=1 242w, https:\/\/i0.wp.com\/eltrabajo.cl\/portal\/wp-content\/uploads\/2019\/11\/ASALTO-MUJERES.jpg?resize=400%2C248&amp;ssl=1 400w\" sizes=\"auto, (max-width: 580px) 100vw, 580px\" \/><figcaption id=\"caption-attachment-95737\" class=\"wp-caption-text\">Ambas afectadas fueron asaltadas por este sujeto en el paradero de locomoci\u00f3n colectiva ubicado en el sector de Curim\u00f3n en el mes de agosto del 2017. (Fotograf\u00eda Referencial).<\/figcaption><\/figure>\n<p>&nbsp;<\/p>\n","protected":false},"excerpt":{"rendered":"<p>Tras juicio abreviado en Juzgado de Garant\u00eda de San Felipe: Afectadas fueron abordadas mientras esperaban locomoci\u00f3n colectiva en un paradero ubicado en el sector de Curim\u00f3n. &nbsp; A dos penas, una de&#8230;<\/p>\n","protected":false},"author":482,"featured_media":95737,"comment_status":"open","ping_status":"open","sticky":false,"template":"","format":"standard","meta":{"advanced_seo_description":"","jetpack_seo_html_title":"","jetpack_seo_noindex":false,"_jetpack_memberships_contains_paid_content":false,"footnotes":""},"categories":[97],"tags":[],"class_list":["post-95736","post","type-post","status-publish","format-standard","has-post-thumbnail","hentry","category-tribunales"],"jetpack_featured_media_url":"https:\/\/i0.wp.com\/eltrabajo.cl\/portal\/wp-content\/uploads\/2019\/11\/ASALTO-MUJERES.jpg?fit=580%2C360&ssl=1","jetpack_sharing_enabled":true,"jetpack_likes_enabled":true,"jetpack-related-posts":[],"_links":{"self":[{"href":"https:\/\/eltrabajo.cl\/portal\/wp-json\/wp\/v2\/posts\/95736","targetHints":{"allow":["GET"]}}],"collection":[{"href":"https:\/\/eltrabajo.cl\/portal\/wp-json\/wp\/v2\/posts"}],"about":[{"href":"https:\/\/eltrabajo.cl\/portal\/wp-json\/wp\/v2\/types\/post"}],"author":[{"embeddable":true,"href":"https:\/\/eltrabajo.cl\/portal\/wp-json\/wp\/v2\/users\/482"}],"replies":[{"embeddable":true,"href":"https:\/\/eltrabajo.cl\/portal\/wp-json\/wp\/v2\/comments?post=95736"}],"version-history":[{"count":0,"href":"https:\/\/eltrabajo.cl\/portal\/wp-json\/wp\/v2\/posts\/95736\/revisions"}],"wp:featuredmedia":[{"embeddable":true,"href":"https:\/\/eltrabajo.cl\/portal\/wp-json\/wp\/v2\/media\/95737"}],"wp:attachment":[{"href":"https:\/\/eltrabajo.cl\/portal\/wp-json\/wp\/v2\/media?parent=95736"}],"wp:term":[{"taxonomy":"category","embeddable":true,"href":"https:\/\/eltrabajo.cl\/portal\/wp-json\/wp\/v2\/categories?post=95736"},{"taxonomy":"post_tag","embeddable":true,"href":"https:\/\/eltrabajo.cl\/portal\/wp-json\/wp\/v2\/tags?post=95736"}],"curies":[{"name":"wp","href":"https:\/\/api.w.org\/{rel}","templated":true}]}}