{"id":95748,"date":"2019-11-29T05:06:33","date_gmt":"2019-11-29T08:06:33","guid":{"rendered":"http:\/\/www.eltrabajo.cl\/portal\/?p=95748"},"modified":"2019-12-01T22:58:25","modified_gmt":"2019-12-02T01:58:25","slug":"hombre-de-32-anos-baleado-en-plena-via-publica-en-aparente-ajuste-de-cuentas","status":"publish","type":"post","link":"https:\/\/eltrabajo.cl\/portal\/hombre-de-32-anos-baleado-en-plena-via-publica-en-aparente-ajuste-de-cuentas\/","title":{"rendered":"Hombre de 32 a\u00f1os baleado en plena v\u00eda p\u00fablica en aparente \u2018ajuste de cuentas\u2019"},"content":{"rendered":"<p><span style=\"color: #ff0000;\"><strong>Vecinos consternados por brutal hecho en Llay Llay:<\/strong><\/span><\/p>\n<ul>\n<li><strong>V\u00edctima fue derivada en estado grave hasta el Hospital San Juan de Dios de Los Andes la tarde de este mi\u00e9rcoles. Carabineros inform\u00f3 que tras las primeras diligencias, no se logr\u00f3 dar con el paradero del autor de los tres disparos efectuados.<\/strong><\/li>\n<\/ul>\n<p>Con una lesi\u00f3n grave y sin riesgo vital result\u00f3 un hombre de 32 a\u00f1os de edad, identificado como <strong>Jorge Leiva Gonz\u00e1lez<\/strong>, luego de recibir uno de tres proyectiles bal\u00edsticos en su pierna, disparados por un sujeto en un confuso incidente por aparentes rencillas anteriores, hecho registrado en plena v\u00eda p\u00fablica de la comuna de Llay Llay.<\/p>\n<p>Los hechos habr\u00edan ocurrido a eso de las 15:30 horas de este mi\u00e9rcoles, y de acuerdo a la informaci\u00f3n proporcionada por Carabineros, la v\u00edctima circulaba a bordo de su bicicleta en direcci\u00f3n a su domicilio, desplaz\u00e1ndose por calle Almirante Latorre.<\/p>\n<p>En esas circunstancias al llegar a la esquina con Maip\u00fa, sorpresivamente un sujeto lo habr\u00eda interceptado, sosteniendo una discusi\u00f3n para luego extraer de sus vestimentas una pistola con la cual habr\u00eda disparado en tres ocasiones a Leiva, impactando una de las balas en la pierna izquierda del joven que qued\u00f3 tendido y sangrando en la v\u00eda p\u00fablica.<\/p>\n<p>El autor de los disparos escap\u00f3 en direcci\u00f3n desconocida, subi\u00e9ndose a una camioneta que lo estar\u00eda esperando a metros del lugar, siendo advertido por transe\u00fantes que consternados se acercaron al herido para prestarle auxilio y dar cuenta de los hechos a Carabineros, mientras se esperaba la llegada de la ambulancia del Samu.<\/p>\n<p>El lesionado fue derivado de urgencia hasta el Hospital San Juan de Dios de Los Andes, con una herida a bala de car\u00e1cter grave, sin riesgo vital.<\/p>\n<p>En tanto el capit\u00e1n de Carabineros de la Subcomisar\u00eda de Llay Llay, <strong>Rafael Ram\u00edrez<\/strong>, precis\u00f3 a <strong>Diario El Trabajo<\/strong> que funcionarios policiales <em>\u201cefectuaron diligencias para dar con el paradero del autor, sin resultados positivos, dando cuenta de oficio al Ministerio P\u00fablico\u201d.<\/em><\/p>\n<p><strong>Pablo Salinas Sald\u00edas<\/strong><\/p>\n<p><strong>\u00a0<\/strong><\/p>\n<figure id=\"attachment_95749\" aria-describedby=\"caption-attachment-95749\" style=\"width: 579px\" class=\"wp-caption alignnone\"><img data-recalc-dims=\"1\" loading=\"lazy\" decoding=\"async\" class=\"size-full wp-image-95749\" src=\"https:\/\/i0.wp.com\/www.eltrabajo.cl\/portal\/wp-content\/uploads\/2019\/11\/BALEADO-LLAY-LLAY-copia.jpg?resize=579%2C466\" alt=\"El hecho fue registrado en video por un testigo que circulaba por la v\u00eda p\u00fablica en la comuna de Llay Llay la tarde de este mi\u00e9rcoles. (Captura Video: Regi\u00f3n 17).\" width=\"579\" height=\"466\" srcset=\"https:\/\/i0.wp.com\/eltrabajo.cl\/portal\/wp-content\/uploads\/2019\/11\/BALEADO-LLAY-LLAY-copia.jpg?w=579&amp;ssl=1 579w, https:\/\/i0.wp.com\/eltrabajo.cl\/portal\/wp-content\/uploads\/2019\/11\/BALEADO-LLAY-LLAY-copia.jpg?resize=300%2C241&amp;ssl=1 300w, https:\/\/i0.wp.com\/eltrabajo.cl\/portal\/wp-content\/uploads\/2019\/11\/BALEADO-LLAY-LLAY-copia.jpg?resize=186%2C150&amp;ssl=1 186w, https:\/\/i0.wp.com\/eltrabajo.cl\/portal\/wp-content\/uploads\/2019\/11\/BALEADO-LLAY-LLAY-copia.jpg?resize=400%2C322&amp;ssl=1 400w\" sizes=\"auto, (max-width: 579px) 100vw, 579px\" \/><figcaption id=\"caption-attachment-95749\" class=\"wp-caption-text\">El hecho fue registrado en video por un testigo que circulaba por la v\u00eda p\u00fablica en la comuna de Llay Llay la tarde de este mi\u00e9rcoles. (Captura Video: Regi\u00f3n 17).<\/figcaption><\/figure>\n","protected":false},"excerpt":{"rendered":"<p>Vecinos consternados por brutal hecho en Llay Llay: V\u00edctima fue derivada en estado grave hasta el Hospital San Juan de Dios de Los Andes la tarde de este mi\u00e9rcoles. Carabineros inform\u00f3 que&#8230;<\/p>\n","protected":false},"author":482,"featured_media":95750,"comment_status":"open","ping_status":"open","sticky":false,"template":"","format":"standard","meta":{"advanced_seo_description":"","jetpack_seo_html_title":"","jetpack_seo_noindex":false,"_jetpack_memberships_contains_paid_content":false,"footnotes":""},"categories":[21],"tags":[],"class_list":["post-95748","post","type-post","status-publish","format-standard","has-post-thumbnail","hentry","category-policial"],"jetpack_featured_media_url":"https:\/\/i0.wp.com\/eltrabajo.cl\/portal\/wp-content\/uploads\/2019\/11\/BALEADO-LLAY-LLAY.jpg?fit=580%2C358&ssl=1","jetpack_sharing_enabled":true,"jetpack_likes_enabled":true,"jetpack-related-posts":[],"_links":{"self":[{"href":"https:\/\/eltrabajo.cl\/portal\/wp-json\/wp\/v2\/posts\/95748","targetHints":{"allow":["GET"]}}],"collection":[{"href":"https:\/\/eltrabajo.cl\/portal\/wp-json\/wp\/v2\/posts"}],"about":[{"href":"https:\/\/eltrabajo.cl\/portal\/wp-json\/wp\/v2\/types\/post"}],"author":[{"embeddable":true,"href":"https:\/\/eltrabajo.cl\/portal\/wp-json\/wp\/v2\/users\/482"}],"replies":[{"embeddable":true,"href":"https:\/\/eltrabajo.cl\/portal\/wp-json\/wp\/v2\/comments?post=95748"}],"version-history":[{"count":0,"href":"https:\/\/eltrabajo.cl\/portal\/wp-json\/wp\/v2\/posts\/95748\/revisions"}],"wp:featuredmedia":[{"embeddable":true,"href":"https:\/\/eltrabajo.cl\/portal\/wp-json\/wp\/v2\/media\/95750"}],"wp:attachment":[{"href":"https:\/\/eltrabajo.cl\/portal\/wp-json\/wp\/v2\/media?parent=95748"}],"wp:term":[{"taxonomy":"category","embeddable":true,"href":"https:\/\/eltrabajo.cl\/portal\/wp-json\/wp\/v2\/categories?post=95748"},{"taxonomy":"post_tag","embeddable":true,"href":"https:\/\/eltrabajo.cl\/portal\/wp-json\/wp\/v2\/tags?post=95748"}],"curies":[{"name":"wp","href":"https:\/\/api.w.org\/{rel}","templated":true}]}}