{"id":95752,"date":"2019-12-02T05:01:21","date_gmt":"2019-12-02T08:01:21","guid":{"rendered":"http:\/\/www.eltrabajo.cl\/portal\/?p=95752"},"modified":"2019-12-01T22:33:21","modified_gmt":"2019-12-02T01:33:21","slug":"folklore-arte-y-buena-musica-en-el-ii-festival-por-la-dignidad","status":"publish","type":"post","link":"https:\/\/eltrabajo.cl\/portal\/folklore-arte-y-buena-musica-en-el-ii-festival-por-la-dignidad\/","title":{"rendered":"Folklore, arte y buena m\u00fasica en el II Festival por la Dignidad"},"content":{"rendered":"<p><span style=\"color: #ff0000;\"><strong>Bandej\u00f3n de Yungay frente al Liceo Corina Urbina:<\/strong><\/span><\/p>\n<p>Este s\u00e1bado fue m\u00e1s que estridente y multicultural el ambiente que se vivi\u00f3 en el bandej\u00f3n de Avenida Yungay, frente al Liceo Corina Urbina, pues desde tempranas horas del d\u00eda empez\u00f3 a llegar gente de todo el Valle de Aconcagua, as\u00ed como m\u00fasicos, folcloristas y artistas comunitarios para participar en el segundo <strong><em>Festival por la Dignidad y los Derechos Humanos<\/em><\/strong>.<\/p>\n<p>Para todos hubo comidas y bebidas gratis, fideos, agua, jugos, fruta y un positivo ambiente. <strong>Alberto<\/strong> \u2018<strong>Beto<\/strong>\u2019 <strong>Molina<\/strong>, uno de los organizadores del evento, habl\u00f3 con <strong>Diario El Trabajo<\/strong> para destacar que <em>\u00abnuestra posici\u00f3n parte de la cultura, parte de sanar, de poder encontrarnos en las plazas abiertas y manifestarnos de forma cultural absolutamente. Este s\u00e1bado tuvimos grupos de todo el Valle de Aconcagua, hubo ballet, teatro, muchos artistas de la zona, son muchas las bandas y grupos que se volvieron a juntar, Diego Morales, Molina y Los T\u00edteres, Agresi\u00f3n S\u00f3nica, Jos\u00e9 Tomas Rives, Ketterer, Malditos Traidores, Flaco Jhonson, Rebenke, Fletcher y Spinazo Ska, entre otras<\/em>\u00bb, dijo Molina. Las actividades se desarrollaron ma\u00f1ana, tarde y parte de la noche.<\/p>\n<p><strong>Roberto Gonz\u00e1lez Short<\/strong><\/p>\n<p>&nbsp;<\/p>\n<figure id=\"attachment_95757\" aria-describedby=\"caption-attachment-95757\" style=\"width: 580px\" class=\"wp-caption alignnone\"><img data-recalc-dims=\"1\" loading=\"lazy\" decoding=\"async\" class=\"size-full wp-image-95757\" src=\"https:\/\/i0.wp.com\/www.eltrabajo.cl\/portal\/wp-content\/uploads\/2019\/12\/Dignidad3.jpg?resize=580%2C359\" alt=\"ENCUENTRO CULTURAL.- Cada grupo participante aport\u00f3 lo mejor de s\u00ed, recibiendo el cari\u00f1o y aplauso del p\u00fablico.\" width=\"580\" height=\"359\" srcset=\"https:\/\/i0.wp.com\/eltrabajo.cl\/portal\/wp-content\/uploads\/2019\/12\/Dignidad3.jpg?w=580&amp;ssl=1 580w, https:\/\/i0.wp.com\/eltrabajo.cl\/portal\/wp-content\/uploads\/2019\/12\/Dignidad3.jpg?resize=300%2C186&amp;ssl=1 300w, https:\/\/i0.wp.com\/eltrabajo.cl\/portal\/wp-content\/uploads\/2019\/12\/Dignidad3.jpg?resize=200%2C124&amp;ssl=1 200w, https:\/\/i0.wp.com\/eltrabajo.cl\/portal\/wp-content\/uploads\/2019\/12\/Dignidad3.jpg?resize=242%2C150&amp;ssl=1 242w, https:\/\/i0.wp.com\/eltrabajo.cl\/portal\/wp-content\/uploads\/2019\/12\/Dignidad3.jpg?resize=400%2C248&amp;ssl=1 400w\" sizes=\"auto, (max-width: 580px) 100vw, 580px\" \/><figcaption id=\"caption-attachment-95757\" class=\"wp-caption-text\">ENCUENTRO CULTURAL.- Cada grupo participante aport\u00f3 lo mejor de s\u00ed, recibiendo el cari\u00f1o y aplauso del p\u00fablico.<\/figcaption><\/figure>\n<p>&nbsp;<\/p>\n<figure id=\"attachment_95755\" aria-describedby=\"caption-attachment-95755\" style=\"width: 579px\" class=\"wp-caption alignnone\"><img data-recalc-dims=\"1\" loading=\"lazy\" decoding=\"async\" class=\"size-full wp-image-95755\" src=\"https:\/\/i0.wp.com\/www.eltrabajo.cl\/portal\/wp-content\/uploads\/2019\/12\/Dignidad1.jpg?resize=579%2C387\" alt=\"FOLKLORE DEL MEJOR.- Estas damitas de Rinconada dieron alegr\u00eda en esta jornada por los Derechos Humanos en el bandej\u00f3n de Yungay.\" width=\"579\" height=\"387\" srcset=\"https:\/\/i0.wp.com\/eltrabajo.cl\/portal\/wp-content\/uploads\/2019\/12\/Dignidad1.jpg?w=579&amp;ssl=1 579w, https:\/\/i0.wp.com\/eltrabajo.cl\/portal\/wp-content\/uploads\/2019\/12\/Dignidad1.jpg?resize=300%2C201&amp;ssl=1 300w, https:\/\/i0.wp.com\/eltrabajo.cl\/portal\/wp-content\/uploads\/2019\/12\/Dignidad1.jpg?resize=200%2C134&amp;ssl=1 200w, https:\/\/i0.wp.com\/eltrabajo.cl\/portal\/wp-content\/uploads\/2019\/12\/Dignidad1.jpg?resize=224%2C150&amp;ssl=1 224w, https:\/\/i0.wp.com\/eltrabajo.cl\/portal\/wp-content\/uploads\/2019\/12\/Dignidad1.jpg?resize=400%2C267&amp;ssl=1 400w\" sizes=\"auto, (max-width: 579px) 100vw, 579px\" \/><figcaption id=\"caption-attachment-95755\" class=\"wp-caption-text\">FOLKLORE DEL MEJOR.- Estas damitas de Rinconada dieron alegr\u00eda en esta jornada por los Derechos Humanos en el bandej\u00f3n de Yungay.<\/figcaption><\/figure>\n<p>&nbsp;<\/p>\n<figure id=\"attachment_95756\" aria-describedby=\"caption-attachment-95756\" style=\"width: 579px\" class=\"wp-caption alignnone\"><img data-recalc-dims=\"1\" loading=\"lazy\" decoding=\"async\" class=\"size-full wp-image-95756\" src=\"https:\/\/i0.wp.com\/www.eltrabajo.cl\/portal\/wp-content\/uploads\/2019\/12\/Dignidad2.jpg?resize=579%2C387\" alt=\"S\u00c1BADO FAMILIAR.- Esta actividad tambi\u00e9n fue la oportunidad de reencuentros familiares en el lugar.\" width=\"579\" height=\"387\" srcset=\"https:\/\/i0.wp.com\/eltrabajo.cl\/portal\/wp-content\/uploads\/2019\/12\/Dignidad2.jpg?w=579&amp;ssl=1 579w, https:\/\/i0.wp.com\/eltrabajo.cl\/portal\/wp-content\/uploads\/2019\/12\/Dignidad2.jpg?resize=300%2C201&amp;ssl=1 300w, https:\/\/i0.wp.com\/eltrabajo.cl\/portal\/wp-content\/uploads\/2019\/12\/Dignidad2.jpg?resize=200%2C134&amp;ssl=1 200w, https:\/\/i0.wp.com\/eltrabajo.cl\/portal\/wp-content\/uploads\/2019\/12\/Dignidad2.jpg?resize=224%2C150&amp;ssl=1 224w, https:\/\/i0.wp.com\/eltrabajo.cl\/portal\/wp-content\/uploads\/2019\/12\/Dignidad2.jpg?resize=400%2C267&amp;ssl=1 400w\" sizes=\"auto, (max-width: 579px) 100vw, 579px\" \/><figcaption id=\"caption-attachment-95756\" class=\"wp-caption-text\">S\u00c1BADO FAMILIAR.- Esta actividad tambi\u00e9n fue la oportunidad de reencuentros familiares en el lugar.<\/figcaption><\/figure>\n<p>&nbsp;<\/p>\n<figure id=\"attachment_95753\" aria-describedby=\"caption-attachment-95753\" style=\"width: 578px\" class=\"wp-caption alignnone\"><img data-recalc-dims=\"1\" loading=\"lazy\" decoding=\"async\" class=\"size-full wp-image-95753\" src=\"https:\/\/i0.wp.com\/www.eltrabajo.cl\/portal\/wp-content\/uploads\/2019\/12\/Dignidad4.jpg?resize=578%2C386\" alt=\"RECREATIVO FIN DE SEMANA.- Esta es la segunda oportunidad que se realiza este festival, y no se descarta una tercera jornada.\" width=\"578\" height=\"386\" srcset=\"https:\/\/i0.wp.com\/eltrabajo.cl\/portal\/wp-content\/uploads\/2019\/12\/Dignidad4.jpg?w=578&amp;ssl=1 578w, https:\/\/i0.wp.com\/eltrabajo.cl\/portal\/wp-content\/uploads\/2019\/12\/Dignidad4.jpg?resize=300%2C200&amp;ssl=1 300w, https:\/\/i0.wp.com\/eltrabajo.cl\/portal\/wp-content\/uploads\/2019\/12\/Dignidad4.jpg?resize=200%2C134&amp;ssl=1 200w, https:\/\/i0.wp.com\/eltrabajo.cl\/portal\/wp-content\/uploads\/2019\/12\/Dignidad4.jpg?resize=225%2C150&amp;ssl=1 225w, https:\/\/i0.wp.com\/eltrabajo.cl\/portal\/wp-content\/uploads\/2019\/12\/Dignidad4.jpg?resize=400%2C267&amp;ssl=1 400w\" sizes=\"auto, (max-width: 578px) 100vw, 578px\" \/><figcaption id=\"caption-attachment-95753\" class=\"wp-caption-text\">RECREATIVO FIN DE SEMANA.- Esta es la segunda oportunidad que se realiza este festival, y no se descarta una tercera jornada.<\/figcaption><\/figure>\n<p>&nbsp;<\/p>\n<figure id=\"attachment_95754\" aria-describedby=\"caption-attachment-95754\" style=\"width: 579px\" class=\"wp-caption alignnone\"><img data-recalc-dims=\"1\" loading=\"lazy\" decoding=\"async\" class=\"size-full wp-image-95754\" src=\"https:\/\/i0.wp.com\/www.eltrabajo.cl\/portal\/wp-content\/uploads\/2019\/12\/Dignidad_Beto-Molina.jpg?resize=579%2C623\" alt=\"Alberto \u2018Beto\u2019 Molina, uno de los organizadores del evento.\" width=\"579\" height=\"623\" srcset=\"https:\/\/i0.wp.com\/eltrabajo.cl\/portal\/wp-content\/uploads\/2019\/12\/Dignidad_Beto-Molina.jpg?w=579&amp;ssl=1 579w, https:\/\/i0.wp.com\/eltrabajo.cl\/portal\/wp-content\/uploads\/2019\/12\/Dignidad_Beto-Molina.jpg?resize=279%2C300&amp;ssl=1 279w, https:\/\/i0.wp.com\/eltrabajo.cl\/portal\/wp-content\/uploads\/2019\/12\/Dignidad_Beto-Molina.jpg?resize=139%2C150&amp;ssl=1 139w, https:\/\/i0.wp.com\/eltrabajo.cl\/portal\/wp-content\/uploads\/2019\/12\/Dignidad_Beto-Molina.jpg?resize=400%2C430&amp;ssl=1 400w\" sizes=\"auto, (max-width: 579px) 100vw, 579px\" \/><figcaption id=\"caption-attachment-95754\" class=\"wp-caption-text\">Alberto \u2018Beto\u2019 Molina, uno de los organizadores del evento.<\/figcaption><\/figure>\n","protected":false},"excerpt":{"rendered":"<p>Bandej\u00f3n de Yungay frente al Liceo Corina Urbina: Este s\u00e1bado fue m\u00e1s que estridente y multicultural el ambiente que se vivi\u00f3 en el bandej\u00f3n de Avenida Yungay, frente al Liceo Corina Urbina,&#8230;<\/p>\n","protected":false},"author":482,"featured_media":95757,"comment_status":"open","ping_status":"open","sticky":false,"template":"","format":"standard","meta":{"advanced_seo_description":"","jetpack_seo_html_title":"","jetpack_seo_noindex":false,"_jetpack_memberships_contains_paid_content":false,"footnotes":""},"categories":[15],"tags":[],"class_list":["post-95752","post","type-post","status-publish","format-standard","has-post-thumbnail","hentry","category-comunidad"],"jetpack_featured_media_url":"https:\/\/i0.wp.com\/eltrabajo.cl\/portal\/wp-content\/uploads\/2019\/12\/Dignidad3.jpg?fit=580%2C359&ssl=1","jetpack_sharing_enabled":true,"jetpack_likes_enabled":true,"jetpack-related-posts":[],"_links":{"self":[{"href":"https:\/\/eltrabajo.cl\/portal\/wp-json\/wp\/v2\/posts\/95752","targetHints":{"allow":["GET"]}}],"collection":[{"href":"https:\/\/eltrabajo.cl\/portal\/wp-json\/wp\/v2\/posts"}],"about":[{"href":"https:\/\/eltrabajo.cl\/portal\/wp-json\/wp\/v2\/types\/post"}],"author":[{"embeddable":true,"href":"https:\/\/eltrabajo.cl\/portal\/wp-json\/wp\/v2\/users\/482"}],"replies":[{"embeddable":true,"href":"https:\/\/eltrabajo.cl\/portal\/wp-json\/wp\/v2\/comments?post=95752"}],"version-history":[{"count":0,"href":"https:\/\/eltrabajo.cl\/portal\/wp-json\/wp\/v2\/posts\/95752\/revisions"}],"wp:featuredmedia":[{"embeddable":true,"href":"https:\/\/eltrabajo.cl\/portal\/wp-json\/wp\/v2\/media\/95757"}],"wp:attachment":[{"href":"https:\/\/eltrabajo.cl\/portal\/wp-json\/wp\/v2\/media?parent=95752"}],"wp:term":[{"taxonomy":"category","embeddable":true,"href":"https:\/\/eltrabajo.cl\/portal\/wp-json\/wp\/v2\/categories?post=95752"},{"taxonomy":"post_tag","embeddable":true,"href":"https:\/\/eltrabajo.cl\/portal\/wp-json\/wp\/v2\/tags?post=95752"}],"curies":[{"name":"wp","href":"https:\/\/api.w.org\/{rel}","templated":true}]}}