{"id":95759,"date":"2019-12-02T05:02:26","date_gmt":"2019-12-02T08:02:26","guid":{"rendered":"http:\/\/www.eltrabajo.cl\/portal\/?p=95759"},"modified":"2019-12-01T22:36:36","modified_gmt":"2019-12-02T01:36:36","slug":"amantes-de-comidas-naturales-ya-tienen-sangucheria-y-panaderia-veganas","status":"publish","type":"post","link":"https:\/\/eltrabajo.cl\/portal\/amantes-de-comidas-naturales-ya-tienen-sangucheria-y-panaderia-veganas\/","title":{"rendered":"Amantes de comidas naturales ya tienen sangucher\u00eda y panader\u00eda veganas"},"content":{"rendered":"<p><span style=\"color: #ff0000;\"><strong>FoodZoon San Felipe abre de las 7:30 a las 20:00 horas:<\/strong><\/span><\/p>\n<p>Buenas noticias para todas aquellas personas amantes de la comida vegana y el m\u00e1s saludable pan de masamadre son las que hoy queremos compartir con nuestros lectores. Se trata de la nueva gran opci\u00f3n para paladear la mejor l\u00ednea de alimentos naturales en pleno centro de San Felipe y precios m\u00e1s que bajos.<\/p>\n<p>&nbsp;<\/p>\n<p><span style=\"color: #ff0000;\"><strong>ESTE MI\u00c9RCOLES<\/strong><\/span><\/p>\n<p><strong><em>FoodZoon San Felipe<\/em><\/strong> ya est\u00e1 listo en Salinas 348 esquina con San Mart\u00edn, y abrir\u00e1 sus puertas al p\u00fablico este mi\u00e9rcoles 4 de diciembre a las 07:30 horas. <strong>Diario El Trabajo<\/strong> habl\u00f3 con una de las tres personas que idearon instalar esta panader\u00eda y sangucher\u00eda, <strong>Liseth Cort\u00e9s<\/strong>, quien nos coment\u00f3 acerca del novedoso proyecto.<\/p>\n<p>\u00ab<em>El pan que estaremos ofreciendo a nuestros clientes aqu\u00ed en Foodzoon est\u00e1 hecho de masamadre artesanal, los sanfelipe\u00f1os podr\u00e1n comprar el baguette, focaccia, hogazas, de molde artesanal, pizzas al corte, desayunos veganos, fermentos, jugos naturales, bebidas prebi\u00f3ticas, t\u00e9, caf\u00e9, leches vegetales de almendra, arroz y de coco, batidos y tambi\u00e9n todo esto para llevar. Esta panader\u00eda vegana la creamos <strong>H\u00e9ctor Labb\u00e9<\/strong>, <strong>Rafael Galdames<\/strong> y yo. La idea naci\u00f3 cuando fui madre, al nacer Colomba tuve que estar varias semanas en casa y hacer emprendimientos. Por ahora arrancamos en marcha blanca con s\u00e1ndwiches. Todos nuestros alimentos est\u00e1n libres de qu\u00edmicos, es una l\u00ednea original y trabajamos tambi\u00e9n con productores locales de la zona, para apoyar tambi\u00e9n su econom\u00eda<\/em>\u00bb, dijo Cort\u00e9s.<\/p>\n<p>Estas es entonces la gran oportunidad para comer saludable, en el local o para llevar, con la garant\u00eda de estar disfrutando la mejor propuesta vegana en nuestra comuna. FoodZoon San Felipe abrir\u00e1 de lunes a s\u00e1bado de las 7:30 a las 20:00 horas jornada continua.<\/p>\n<p><strong>Roberto Gonz\u00e1lez Short<\/strong><\/p>\n<p>&nbsp;<\/p>\n<figure id=\"attachment_95763\" aria-describedby=\"caption-attachment-95763\" style=\"width: 579px\" class=\"wp-caption alignnone\"><img data-recalc-dims=\"1\" loading=\"lazy\" decoding=\"async\" class=\"size-full wp-image-95763\" src=\"https:\/\/i0.wp.com\/www.eltrabajo.cl\/portal\/wp-content\/uploads\/2019\/12\/FoodZoon2.jpg?resize=579%2C377\" alt=\"ELLOS AL FRENTE.- Ellos son: H\u00e9ctor Labb\u00e9, Liseth Cort\u00e9s y Rafael Galdames, due\u00f1os de este exquisito emprendimiento culinario.\" width=\"579\" height=\"377\" srcset=\"https:\/\/i0.wp.com\/eltrabajo.cl\/portal\/wp-content\/uploads\/2019\/12\/FoodZoon2.jpg?w=579&amp;ssl=1 579w, https:\/\/i0.wp.com\/eltrabajo.cl\/portal\/wp-content\/uploads\/2019\/12\/FoodZoon2.jpg?resize=300%2C195&amp;ssl=1 300w, https:\/\/i0.wp.com\/eltrabajo.cl\/portal\/wp-content\/uploads\/2019\/12\/FoodZoon2.jpg?resize=200%2C130&amp;ssl=1 200w, https:\/\/i0.wp.com\/eltrabajo.cl\/portal\/wp-content\/uploads\/2019\/12\/FoodZoon2.jpg?resize=230%2C150&amp;ssl=1 230w, https:\/\/i0.wp.com\/eltrabajo.cl\/portal\/wp-content\/uploads\/2019\/12\/FoodZoon2.jpg?resize=400%2C260&amp;ssl=1 400w\" sizes=\"auto, (max-width: 579px) 100vw, 579px\" \/><figcaption id=\"caption-attachment-95763\" class=\"wp-caption-text\">ELLOS AL FRENTE.- Ellos son: H\u00e9ctor Labb\u00e9, Liseth Cort\u00e9s y Rafael Galdames, due\u00f1os de este exquisito emprendimiento culinario.<\/figcaption><\/figure>\n<p>&nbsp;<\/p>\n<figure id=\"attachment_95762\" aria-describedby=\"caption-attachment-95762\" style=\"width: 580px\" class=\"wp-caption alignnone\"><img data-recalc-dims=\"1\" loading=\"lazy\" decoding=\"async\" class=\"size-full wp-image-95762\" src=\"https:\/\/i0.wp.com\/www.eltrabajo.cl\/portal\/wp-content\/uploads\/2019\/12\/FoodZoon1.jpg?resize=580%2C359\" alt=\"FOODZOON SAN FELIPE.- Aqu\u00ed vemos al personal de FoodZoon y algunos clientes que este s\u00e1bado llegaron a disfrutar de la preinauguraci\u00f3n de la panader\u00eda vegana.\" width=\"580\" height=\"359\" srcset=\"https:\/\/i0.wp.com\/eltrabajo.cl\/portal\/wp-content\/uploads\/2019\/12\/FoodZoon1.jpg?w=580&amp;ssl=1 580w, https:\/\/i0.wp.com\/eltrabajo.cl\/portal\/wp-content\/uploads\/2019\/12\/FoodZoon1.jpg?resize=300%2C186&amp;ssl=1 300w, https:\/\/i0.wp.com\/eltrabajo.cl\/portal\/wp-content\/uploads\/2019\/12\/FoodZoon1.jpg?resize=200%2C124&amp;ssl=1 200w, https:\/\/i0.wp.com\/eltrabajo.cl\/portal\/wp-content\/uploads\/2019\/12\/FoodZoon1.jpg?resize=242%2C150&amp;ssl=1 242w, https:\/\/i0.wp.com\/eltrabajo.cl\/portal\/wp-content\/uploads\/2019\/12\/FoodZoon1.jpg?resize=400%2C248&amp;ssl=1 400w\" sizes=\"auto, (max-width: 580px) 100vw, 580px\" \/><figcaption id=\"caption-attachment-95762\" class=\"wp-caption-text\">FOODZOON SAN FELIPE.- Aqu\u00ed vemos al personal de FoodZoon y algunos clientes que este s\u00e1bado llegaron a disfrutar de la preinauguraci\u00f3n de la panader\u00eda vegana.<\/figcaption><\/figure>\n<p>&nbsp;<\/p>\n<figure id=\"attachment_95760\" aria-describedby=\"caption-attachment-95760\" style=\"width: 579px\" class=\"wp-caption alignnone\"><img data-recalc-dims=\"1\" loading=\"lazy\" decoding=\"async\" class=\"size-full wp-image-95760\" src=\"https:\/\/i0.wp.com\/www.eltrabajo.cl\/portal\/wp-content\/uploads\/2019\/12\/FoodZoon4.jpg?resize=579%2C387\" alt=\"TODO NATURAL.- Todas estas delicias tambi\u00e9n se pueden pedir para llevar. Abren este mi\u00e9rcoles.\" width=\"579\" height=\"387\" srcset=\"https:\/\/i0.wp.com\/eltrabajo.cl\/portal\/wp-content\/uploads\/2019\/12\/FoodZoon4.jpg?w=579&amp;ssl=1 579w, https:\/\/i0.wp.com\/eltrabajo.cl\/portal\/wp-content\/uploads\/2019\/12\/FoodZoon4.jpg?resize=300%2C201&amp;ssl=1 300w, https:\/\/i0.wp.com\/eltrabajo.cl\/portal\/wp-content\/uploads\/2019\/12\/FoodZoon4.jpg?resize=200%2C134&amp;ssl=1 200w, https:\/\/i0.wp.com\/eltrabajo.cl\/portal\/wp-content\/uploads\/2019\/12\/FoodZoon4.jpg?resize=224%2C150&amp;ssl=1 224w, https:\/\/i0.wp.com\/eltrabajo.cl\/portal\/wp-content\/uploads\/2019\/12\/FoodZoon4.jpg?resize=400%2C267&amp;ssl=1 400w\" sizes=\"auto, (max-width: 579px) 100vw, 579px\" \/><figcaption id=\"caption-attachment-95760\" class=\"wp-caption-text\">TODO NATURAL.- Todas estas delicias tambi\u00e9n se pueden pedir para llevar. Abren este mi\u00e9rcoles.<\/figcaption><\/figure>\n<p>&nbsp;<\/p>\n<figure id=\"attachment_95764\" aria-describedby=\"caption-attachment-95764\" style=\"width: 579px\" class=\"wp-caption alignnone\"><img data-recalc-dims=\"1\" loading=\"lazy\" decoding=\"async\" class=\"size-full wp-image-95764\" src=\"https:\/\/i0.wp.com\/www.eltrabajo.cl\/portal\/wp-content\/uploads\/2019\/12\/FoodZoon3.jpg?resize=579%2C869\" alt=\"A PEDIR DE BOCA.- Con bocadillos como \u00e9stos, frutas, pizzas al corte y tantas exquisiteces, de seguro que les ir\u00e1 muy bien.\" width=\"579\" height=\"869\" srcset=\"https:\/\/i0.wp.com\/eltrabajo.cl\/portal\/wp-content\/uploads\/2019\/12\/FoodZoon3.jpg?w=579&amp;ssl=1 579w, https:\/\/i0.wp.com\/eltrabajo.cl\/portal\/wp-content\/uploads\/2019\/12\/FoodZoon3.jpg?resize=200%2C300&amp;ssl=1 200w, https:\/\/i0.wp.com\/eltrabajo.cl\/portal\/wp-content\/uploads\/2019\/12\/FoodZoon3.jpg?resize=100%2C150&amp;ssl=1 100w, https:\/\/i0.wp.com\/eltrabajo.cl\/portal\/wp-content\/uploads\/2019\/12\/FoodZoon3.jpg?resize=400%2C600&amp;ssl=1 400w\" sizes=\"auto, (max-width: 579px) 100vw, 579px\" \/><figcaption id=\"caption-attachment-95764\" class=\"wp-caption-text\">A PEDIR DE BOCA.- Con bocadillos como \u00e9stos, frutas, pizzas al corte y tantas exquisiteces, de seguro que les ir\u00e1 muy bien.<\/figcaption><\/figure>\n<p>&nbsp;<\/p>\n<figure id=\"attachment_95761\" aria-describedby=\"caption-attachment-95761\" style=\"width: 579px\" class=\"wp-caption alignnone\"><img data-recalc-dims=\"1\" loading=\"lazy\" decoding=\"async\" class=\"size-full wp-image-95761\" src=\"https:\/\/i0.wp.com\/www.eltrabajo.cl\/portal\/wp-content\/uploads\/2019\/12\/FoodZoon_Liseth-Cortes.jpg?resize=579%2C657\" alt=\"Liseth Cort\u00e9s, una de las due\u00f1as de la panader\u00eda.\" width=\"579\" height=\"657\" srcset=\"https:\/\/i0.wp.com\/eltrabajo.cl\/portal\/wp-content\/uploads\/2019\/12\/FoodZoon_Liseth-Cortes.jpg?w=579&amp;ssl=1 579w, https:\/\/i0.wp.com\/eltrabajo.cl\/portal\/wp-content\/uploads\/2019\/12\/FoodZoon_Liseth-Cortes.jpg?resize=264%2C300&amp;ssl=1 264w, https:\/\/i0.wp.com\/eltrabajo.cl\/portal\/wp-content\/uploads\/2019\/12\/FoodZoon_Liseth-Cortes.jpg?resize=132%2C150&amp;ssl=1 132w, https:\/\/i0.wp.com\/eltrabajo.cl\/portal\/wp-content\/uploads\/2019\/12\/FoodZoon_Liseth-Cortes.jpg?resize=400%2C454&amp;ssl=1 400w\" sizes=\"auto, (max-width: 579px) 100vw, 579px\" \/><figcaption id=\"caption-attachment-95761\" class=\"wp-caption-text\">Liseth Cort\u00e9s, una de las due\u00f1as de la panader\u00eda.<\/figcaption><\/figure>\n<p>&nbsp;<\/p>\n","protected":false},"excerpt":{"rendered":"<p>FoodZoon San Felipe abre de las 7:30 a las 20:00 horas: Buenas noticias para todas aquellas personas amantes de la comida vegana y el m\u00e1s saludable pan de masamadre son las que&#8230;<\/p>\n","protected":false},"author":482,"featured_media":95762,"comment_status":"open","ping_status":"open","sticky":false,"template":"","format":"standard","meta":{"advanced_seo_description":"","jetpack_seo_html_title":"","jetpack_seo_noindex":false,"_jetpack_memberships_contains_paid_content":false,"footnotes":""},"categories":[15],"tags":[],"class_list":["post-95759","post","type-post","status-publish","format-standard","has-post-thumbnail","hentry","category-comunidad"],"jetpack_featured_media_url":"https:\/\/i0.wp.com\/eltrabajo.cl\/portal\/wp-content\/uploads\/2019\/12\/FoodZoon1.jpg?fit=580%2C359&ssl=1","jetpack_sharing_enabled":true,"jetpack_likes_enabled":true,"jetpack-related-posts":[],"_links":{"self":[{"href":"https:\/\/eltrabajo.cl\/portal\/wp-json\/wp\/v2\/posts\/95759","targetHints":{"allow":["GET"]}}],"collection":[{"href":"https:\/\/eltrabajo.cl\/portal\/wp-json\/wp\/v2\/posts"}],"about":[{"href":"https:\/\/eltrabajo.cl\/portal\/wp-json\/wp\/v2\/types\/post"}],"author":[{"embeddable":true,"href":"https:\/\/eltrabajo.cl\/portal\/wp-json\/wp\/v2\/users\/482"}],"replies":[{"embeddable":true,"href":"https:\/\/eltrabajo.cl\/portal\/wp-json\/wp\/v2\/comments?post=95759"}],"version-history":[{"count":0,"href":"https:\/\/eltrabajo.cl\/portal\/wp-json\/wp\/v2\/posts\/95759\/revisions"}],"wp:featuredmedia":[{"embeddable":true,"href":"https:\/\/eltrabajo.cl\/portal\/wp-json\/wp\/v2\/media\/95762"}],"wp:attachment":[{"href":"https:\/\/eltrabajo.cl\/portal\/wp-json\/wp\/v2\/media?parent=95759"}],"wp:term":[{"taxonomy":"category","embeddable":true,"href":"https:\/\/eltrabajo.cl\/portal\/wp-json\/wp\/v2\/categories?post=95759"},{"taxonomy":"post_tag","embeddable":true,"href":"https:\/\/eltrabajo.cl\/portal\/wp-json\/wp\/v2\/tags?post=95759"}],"curies":[{"name":"wp","href":"https:\/\/api.w.org\/{rel}","templated":true}]}}