{"id":95769,"date":"2019-12-02T05:06:14","date_gmt":"2019-12-02T08:06:14","guid":{"rendered":"http:\/\/www.eltrabajo.cl\/portal\/?p=95769"},"modified":"2019-12-01T22:56:56","modified_gmt":"2019-12-02T01:56:56","slug":"automovilista-de-56-anos-de-edad-se-estrella-contra-casa-por-esquivar-a-un-perro","status":"publish","type":"post","link":"https:\/\/eltrabajo.cl\/portal\/automovilista-de-56-anos-de-edad-se-estrella-contra-casa-por-esquivar-a-un-perro\/","title":{"rendered":"Automovilista de 56 a\u00f1os de edad se estrella contra casa por esquivar a un perro"},"content":{"rendered":"<p><span style=\"color: #ff0000;\"><strong>Accidente ocurri\u00f3 en la comuna de Santa Mar\u00eda:<\/strong><\/span><\/p>\n<ul>\n<li><strong>Protagonista del hecho result\u00f3 ileso tras el accidente ocurrido en horas de la tarde de este s\u00e1bado en el sector Los Maceteros.\u00a0 No obstante, tanto el veh\u00edculo como la vivienda resultaron con da\u00f1os de consideraci\u00f3n.<\/strong><\/li>\n<\/ul>\n<p>Sin lesiones result\u00f3 un conductor de 56 a\u00f1os de edad tras impactar su veh\u00edculo en el que se desplazaba contra una propiedad, aparentemente por esquivar a un perro que habr\u00eda atravesado por la calle Guilisasti ubicada en el sector Los Maceteros de la comuna de Santa Mar\u00eda.<\/p>\n<p>El accidente de tr\u00e1nsito ocurri\u00f3 a eso de las 20:15 horas del pasado s\u00e1bado 30 de noviembre, requiri\u00e9ndose la presencia de Carabineros de la Tenencia de Santa Mar\u00eda para adoptar el procedimiento de rigor.<\/p>\n<p>El conductor protagonista de este hecho, precis\u00f3 a Carabineros que conduc\u00eda su autom\u00f3vil placa patente PE &#8211; 13 40, marca Volkswagen de color rojo, tranquilamente por la calzada, circunstancia en la cual, frente al N\u00ba 111, sorpresivamente habr\u00eda atravesado un perro y al intentar esquivarlo perdi\u00f3 el control del veh\u00edculo, estrell\u00e1ndose contra la propiedad.<\/p>\n<p>Carabineros inform\u00f3 que el automovilista afortunadamente result\u00f3 sin lesiones, sin embargo tanto el veh\u00edculo como la vivienda de material de adobe, que en esos precisos momentos sus moradores no se encontraban, resultaron con da\u00f1os de consideraci\u00f3n.<\/p>\n<p>Los antecedentes del caso fueron remitidos hasta el Juzgado de Polic\u00eda Local.<\/p>\n<p><strong>Pablo Salinas Sald\u00edas<\/strong><\/p>\n<p><strong>\u00a0<\/strong><\/p>\n<figure id=\"attachment_95770\" aria-describedby=\"caption-attachment-95770\" style=\"width: 580px\" class=\"wp-caption alignnone\"><img data-recalc-dims=\"1\" loading=\"lazy\" decoding=\"async\" class=\"size-full wp-image-95770\" src=\"https:\/\/i0.wp.com\/www.eltrabajo.cl\/portal\/wp-content\/uploads\/2019\/12\/CHOQUE-SANTA-MARIA.jpg?resize=580%2C359\" alt=\"El automovilista termin\u00f3 pr\u00e1cticamente incrustado en la propiedad ubicada en calle Antonio Guilisasti de la comuna de Santa Mar\u00eda la tarde este s\u00e1bado.\" width=\"580\" height=\"359\" srcset=\"https:\/\/i0.wp.com\/eltrabajo.cl\/portal\/wp-content\/uploads\/2019\/12\/CHOQUE-SANTA-MARIA.jpg?w=580&amp;ssl=1 580w, https:\/\/i0.wp.com\/eltrabajo.cl\/portal\/wp-content\/uploads\/2019\/12\/CHOQUE-SANTA-MARIA.jpg?resize=300%2C186&amp;ssl=1 300w, https:\/\/i0.wp.com\/eltrabajo.cl\/portal\/wp-content\/uploads\/2019\/12\/CHOQUE-SANTA-MARIA.jpg?resize=200%2C124&amp;ssl=1 200w, https:\/\/i0.wp.com\/eltrabajo.cl\/portal\/wp-content\/uploads\/2019\/12\/CHOQUE-SANTA-MARIA.jpg?resize=242%2C150&amp;ssl=1 242w, https:\/\/i0.wp.com\/eltrabajo.cl\/portal\/wp-content\/uploads\/2019\/12\/CHOQUE-SANTA-MARIA.jpg?resize=400%2C248&amp;ssl=1 400w\" sizes=\"auto, (max-width: 580px) 100vw, 580px\" \/><figcaption id=\"caption-attachment-95770\" class=\"wp-caption-text\">El automovilista termin\u00f3 pr\u00e1cticamente incrustado en la propiedad ubicada en calle Antonio Guilisasti de la comuna de Santa Mar\u00eda la tarde este s\u00e1bado.<\/figcaption><\/figure>\n","protected":false},"excerpt":{"rendered":"<p>Accidente ocurri\u00f3 en la comuna de Santa Mar\u00eda: Protagonista del hecho result\u00f3 ileso tras el accidente ocurrido en horas de la tarde de este s\u00e1bado en el sector Los Maceteros.\u00a0 No obstante,&#8230;<\/p>\n","protected":false},"author":482,"featured_media":95770,"comment_status":"open","ping_status":"open","sticky":false,"template":"","format":"standard","meta":{"advanced_seo_description":"","jetpack_seo_html_title":"","jetpack_seo_noindex":false,"_jetpack_memberships_contains_paid_content":false,"footnotes":""},"categories":[21],"tags":[],"class_list":["post-95769","post","type-post","status-publish","format-standard","has-post-thumbnail","hentry","category-policial"],"jetpack_featured_media_url":"https:\/\/i0.wp.com\/eltrabajo.cl\/portal\/wp-content\/uploads\/2019\/12\/CHOQUE-SANTA-MARIA.jpg?fit=580%2C359&ssl=1","jetpack_sharing_enabled":true,"jetpack_likes_enabled":true,"jetpack-related-posts":[],"_links":{"self":[{"href":"https:\/\/eltrabajo.cl\/portal\/wp-json\/wp\/v2\/posts\/95769","targetHints":{"allow":["GET"]}}],"collection":[{"href":"https:\/\/eltrabajo.cl\/portal\/wp-json\/wp\/v2\/posts"}],"about":[{"href":"https:\/\/eltrabajo.cl\/portal\/wp-json\/wp\/v2\/types\/post"}],"author":[{"embeddable":true,"href":"https:\/\/eltrabajo.cl\/portal\/wp-json\/wp\/v2\/users\/482"}],"replies":[{"embeddable":true,"href":"https:\/\/eltrabajo.cl\/portal\/wp-json\/wp\/v2\/comments?post=95769"}],"version-history":[{"count":0,"href":"https:\/\/eltrabajo.cl\/portal\/wp-json\/wp\/v2\/posts\/95769\/revisions"}],"wp:featuredmedia":[{"embeddable":true,"href":"https:\/\/eltrabajo.cl\/portal\/wp-json\/wp\/v2\/media\/95770"}],"wp:attachment":[{"href":"https:\/\/eltrabajo.cl\/portal\/wp-json\/wp\/v2\/media?parent=95769"}],"wp:term":[{"taxonomy":"category","embeddable":true,"href":"https:\/\/eltrabajo.cl\/portal\/wp-json\/wp\/v2\/categories?post=95769"},{"taxonomy":"post_tag","embeddable":true,"href":"https:\/\/eltrabajo.cl\/portal\/wp-json\/wp\/v2\/tags?post=95769"}],"curies":[{"name":"wp","href":"https:\/\/api.w.org\/{rel}","templated":true}]}}