{"id":95772,"date":"2019-12-02T05:05:43","date_gmt":"2019-12-02T08:05:43","guid":{"rendered":"http:\/\/www.eltrabajo.cl\/portal\/?p=95772"},"modified":"2019-12-01T22:44:30","modified_gmt":"2019-12-02T01:44:30","slug":"union-san-felipe-refuerza-su-staff-tecnico-de-cadetes-con-dos-historicos-jugadores","status":"publish","type":"post","link":"https:\/\/eltrabajo.cl\/portal\/union-san-felipe-refuerza-su-staff-tecnico-de-cadetes-con-dos-historicos-jugadores\/","title":{"rendered":"Uni\u00f3n San Felipe refuerza su staff t\u00e9cnico de cadetes con dos hist\u00f3ricos jugadores"},"content":{"rendered":"<p>Mucha alegr\u00eda en toda la parcialidad albirroja provoc\u00f3 el anuncio por parte del Un\u00ed Un\u00ed, sobre el arribo a sus fuerzas b\u00e1sicas de los ex jugadores: <strong>Jorge \u2018Kike\u2019 Acu\u00f1a<\/strong> y <strong>Nicol\u00e1s Su\u00e1rez<\/strong>, los que tienen una gran identificaci\u00f3n con el club debido a que en su etapa activa vistieron la divisa sanfelipe\u00f1a, convirti\u00e9ndose en indudables referentes de la instituci\u00f3n.<\/p>\n<p>Los nuevos integrantes del staff t\u00e9cnico de los sanfelipe\u00f1os iniciaron sus labores durante la semana pasada en la prueba de jugadores que tuvo lugar en el complejo deportivo.<\/p>\n<p>Los dos profesionales que en su momento fueron puntales en el equipo de honor albirrojo, tendr\u00e1n a su cargo el equipo U17, en el caso de Acu\u00f1a, mientras que Su\u00e1rez tendr\u00e1 bajo su responsabilidad los conjuntos U15 y U16.<\/p>\n<p>Ambos entrenadores se mostraron felices por la oportunidad de iniciar sus carreras en un club donde alcanzaron grandes \u00edndices de identificaci\u00f3n, ya que mientras Nicol\u00e1s Su\u00e1rez fue formado en la tienda sanfelipe\u00f1a, donde tambi\u00e9n termin\u00f3 su carrera, Jorge Acu\u00f1a se gan\u00f3 el cari\u00f1o de la hinchada al mostrarse siempre como un jugador aguerrido que nunca daba un bal\u00f3n por perdido.<\/p>\n<figure id=\"attachment_95773\" aria-describedby=\"caption-attachment-95773\" style=\"width: 580px\" class=\"wp-caption alignnone\"><img data-recalc-dims=\"1\" loading=\"lazy\" decoding=\"async\" class=\"size-full wp-image-95773\" src=\"https:\/\/i0.wp.com\/www.eltrabajo.cl\/portal\/wp-content\/uploads\/2019\/12\/acu%C3%B1a.jpg?resize=580%2C360\" alt=\"Jorge Acu\u00f1a iniciar\u00e1 su carrera como entrenador en las divisiones menores del Un\u00ed Un\u00ed.\" width=\"580\" height=\"360\" srcset=\"https:\/\/i0.wp.com\/eltrabajo.cl\/portal\/wp-content\/uploads\/2019\/12\/acu%C3%B1a.jpg?w=580&amp;ssl=1 580w, https:\/\/i0.wp.com\/eltrabajo.cl\/portal\/wp-content\/uploads\/2019\/12\/acu%C3%B1a.jpg?resize=300%2C186&amp;ssl=1 300w, https:\/\/i0.wp.com\/eltrabajo.cl\/portal\/wp-content\/uploads\/2019\/12\/acu%C3%B1a.jpg?resize=200%2C124&amp;ssl=1 200w, https:\/\/i0.wp.com\/eltrabajo.cl\/portal\/wp-content\/uploads\/2019\/12\/acu%C3%B1a.jpg?resize=242%2C150&amp;ssl=1 242w, https:\/\/i0.wp.com\/eltrabajo.cl\/portal\/wp-content\/uploads\/2019\/12\/acu%C3%B1a.jpg?resize=400%2C248&amp;ssl=1 400w\" sizes=\"auto, (max-width: 580px) 100vw, 580px\" \/><figcaption id=\"caption-attachment-95773\" class=\"wp-caption-text\">Jorge Acu\u00f1a iniciar\u00e1 su carrera como entrenador en las divisiones menores del Un\u00ed Un\u00ed.<\/figcaption><\/figure>\n<figure id=\"attachment_95774\" aria-describedby=\"caption-attachment-95774\" style=\"width: 580px\" class=\"wp-caption alignnone\"><img data-recalc-dims=\"1\" loading=\"lazy\" decoding=\"async\" class=\"size-full wp-image-95774\" src=\"https:\/\/i0.wp.com\/www.eltrabajo.cl\/portal\/wp-content\/uploads\/2019\/12\/suarez.jpg?resize=580%2C360\" alt=\"El arribo de Nicol\u00e1s Su\u00e1rez a las series menores tiene mucho simbolismo al tratarse de un ex jugador que se form\u00f3 y termin\u00f3 su carrera en el club.\" width=\"580\" height=\"360\" srcset=\"https:\/\/i0.wp.com\/eltrabajo.cl\/portal\/wp-content\/uploads\/2019\/12\/suarez.jpg?w=580&amp;ssl=1 580w, https:\/\/i0.wp.com\/eltrabajo.cl\/portal\/wp-content\/uploads\/2019\/12\/suarez.jpg?resize=300%2C186&amp;ssl=1 300w, https:\/\/i0.wp.com\/eltrabajo.cl\/portal\/wp-content\/uploads\/2019\/12\/suarez.jpg?resize=200%2C124&amp;ssl=1 200w, https:\/\/i0.wp.com\/eltrabajo.cl\/portal\/wp-content\/uploads\/2019\/12\/suarez.jpg?resize=242%2C150&amp;ssl=1 242w, https:\/\/i0.wp.com\/eltrabajo.cl\/portal\/wp-content\/uploads\/2019\/12\/suarez.jpg?resize=400%2C248&amp;ssl=1 400w\" sizes=\"auto, (max-width: 580px) 100vw, 580px\" \/><figcaption id=\"caption-attachment-95774\" class=\"wp-caption-text\">El arribo de Nicol\u00e1s Su\u00e1rez a las series menores tiene mucho simbolismo al tratarse de un ex jugador que se form\u00f3 y termin\u00f3 su carrera en el club.<\/figcaption><\/figure>\n","protected":false},"excerpt":{"rendered":"<p>Mucha alegr\u00eda en toda la parcialidad albirroja provoc\u00f3 el anuncio por parte del Un\u00ed Un\u00ed, sobre el arribo a sus fuerzas b\u00e1sicas de los ex jugadores: Jorge \u2018Kike\u2019 Acu\u00f1a y Nicol\u00e1s Su\u00e1rez,&#8230;<\/p>\n","protected":false},"author":482,"featured_media":95773,"comment_status":"open","ping_status":"open","sticky":false,"template":"","format":"standard","meta":{"advanced_seo_description":"","jetpack_seo_html_title":"","jetpack_seo_noindex":false,"_jetpack_memberships_contains_paid_content":false,"footnotes":""},"categories":[19],"tags":[],"class_list":["post-95772","post","type-post","status-publish","format-standard","has-post-thumbnail","hentry","category-deportes"],"jetpack_featured_media_url":"https:\/\/i0.wp.com\/eltrabajo.cl\/portal\/wp-content\/uploads\/2019\/12\/acu%C3%B1a.jpg?fit=580%2C360&ssl=1","jetpack_sharing_enabled":true,"jetpack_likes_enabled":true,"jetpack-related-posts":[],"_links":{"self":[{"href":"https:\/\/eltrabajo.cl\/portal\/wp-json\/wp\/v2\/posts\/95772","targetHints":{"allow":["GET"]}}],"collection":[{"href":"https:\/\/eltrabajo.cl\/portal\/wp-json\/wp\/v2\/posts"}],"about":[{"href":"https:\/\/eltrabajo.cl\/portal\/wp-json\/wp\/v2\/types\/post"}],"author":[{"embeddable":true,"href":"https:\/\/eltrabajo.cl\/portal\/wp-json\/wp\/v2\/users\/482"}],"replies":[{"embeddable":true,"href":"https:\/\/eltrabajo.cl\/portal\/wp-json\/wp\/v2\/comments?post=95772"}],"version-history":[{"count":0,"href":"https:\/\/eltrabajo.cl\/portal\/wp-json\/wp\/v2\/posts\/95772\/revisions"}],"wp:featuredmedia":[{"embeddable":true,"href":"https:\/\/eltrabajo.cl\/portal\/wp-json\/wp\/v2\/media\/95773"}],"wp:attachment":[{"href":"https:\/\/eltrabajo.cl\/portal\/wp-json\/wp\/v2\/media?parent=95772"}],"wp:term":[{"taxonomy":"category","embeddable":true,"href":"https:\/\/eltrabajo.cl\/portal\/wp-json\/wp\/v2\/categories?post=95772"},{"taxonomy":"post_tag","embeddable":true,"href":"https:\/\/eltrabajo.cl\/portal\/wp-json\/wp\/v2\/tags?post=95772"}],"curies":[{"name":"wp","href":"https:\/\/api.w.org\/{rel}","templated":true}]}}