{"id":95776,"date":"2019-12-02T05:04:36","date_gmt":"2019-12-02T08:04:36","guid":{"rendered":"http:\/\/www.eltrabajo.cl\/portal\/?p=95776"},"modified":"2019-12-01T22:57:06","modified_gmt":"2019-12-02T01:57:06","slug":"entraron-a-robar-a-sede-de-union-san-felipe-y-se-llevaron-camisetas-del-club","status":"publish","type":"post","link":"https:\/\/eltrabajo.cl\/portal\/entraron-a-robar-a-sede-de-union-san-felipe-y-se-llevaron-camisetas-del-club\/","title":{"rendered":"Entraron a robar a sede de Uni\u00f3n San Felipe y se llevaron camisetas del club"},"content":{"rendered":"<p>Este viernes a las 03:49 minutos, sujetos ingresaron a robar a las oficinas del Club Uni\u00f3n San Felipe que est\u00e1n ubicadas en la intersecci\u00f3n de las calles Santo Domingo con Navarro.<\/p>\n<p>La informaci\u00f3n fue corroborada por el gerente del Club, abogado <strong>Eduardo Olivares<\/strong>, quien dijo a una emisora local que este era un robo m\u00e1s que los afectaba como club: <em>\u201cLa verdad que anoche (viernes), a las 03:49 sonaron las alarmas, me lleg\u00f3 a m\u00ed en lo particular el aviso que hab\u00edan ingresado a la sede. Bueno, avisamos a Carabineros r\u00e1pidamente, Carabineros reaccion\u00f3 con mucha premura, hay que decirlo, y al parecer eso impidi\u00f3 que el o los ladrones pudieran concretar de mejor forma el il\u00edcito, que nos produce m\u00e1s all\u00e1 de la rabia, la sensaci\u00f3n de molestia e inseguridad propia que han sufrido todos los sanfelipe\u00f1os que alguna vez han sido v\u00edctima de robo\u201d,<\/em> se\u00f1al\u00f3.<\/p>\n<p>El o los sujetos se llevaron camisetas de temporadas anteriores que el presidente del club hab\u00eda decidido poner a la venta a menor costo. Se trata de un stock que manten\u00eda el club para sus hinchas; <em>\u201cla realidad da rabia porque eso era para el hincha, al hincha le gusta eso, generalmente duran poco porque la gente va y se las pelea y estos malditos van y se las llevan\u201d,<\/em> se\u00f1al\u00f3 Olivares.<\/p>\n<p>Cabe destacar que los delincuentes tambi\u00e9n se robaron un computador y una impresora desde la oficina.<\/p>\n<p>Para tranquilidad de la hinchada, las copas no se encuentran en la sede. Fueron sacadas el mismo d\u00eda del estallido social, el 18 de octubre, luego que Uni\u00f3n San Felipe disputara su partido en el estadio La Portada de La Serena contra ese club.<\/p>\n<p>&nbsp;<\/p>\n<figure id=\"attachment_95777\" aria-describedby=\"caption-attachment-95777\" style=\"width: 580px\" class=\"wp-caption alignnone\"><img data-recalc-dims=\"1\" loading=\"lazy\" decoding=\"async\" class=\"size-full wp-image-95777\" src=\"https:\/\/i0.wp.com\/www.eltrabajo.cl\/portal\/wp-content\/uploads\/2019\/12\/robo-uni-2.jpg?resize=580%2C360\" alt=\"Desde este escritorio se robaron el computador y la impresora.\" width=\"580\" height=\"360\" srcset=\"https:\/\/i0.wp.com\/eltrabajo.cl\/portal\/wp-content\/uploads\/2019\/12\/robo-uni-2.jpg?w=580&amp;ssl=1 580w, https:\/\/i0.wp.com\/eltrabajo.cl\/portal\/wp-content\/uploads\/2019\/12\/robo-uni-2.jpg?resize=300%2C186&amp;ssl=1 300w, https:\/\/i0.wp.com\/eltrabajo.cl\/portal\/wp-content\/uploads\/2019\/12\/robo-uni-2.jpg?resize=200%2C124&amp;ssl=1 200w, https:\/\/i0.wp.com\/eltrabajo.cl\/portal\/wp-content\/uploads\/2019\/12\/robo-uni-2.jpg?resize=242%2C150&amp;ssl=1 242w, https:\/\/i0.wp.com\/eltrabajo.cl\/portal\/wp-content\/uploads\/2019\/12\/robo-uni-2.jpg?resize=400%2C248&amp;ssl=1 400w\" sizes=\"auto, (max-width: 580px) 100vw, 580px\" \/><figcaption id=\"caption-attachment-95777\" class=\"wp-caption-text\">Desde este escritorio se robaron el computador y la impresora.<\/figcaption><\/figure>\n<p>&nbsp;<\/p>\n<figure id=\"attachment_95778\" aria-describedby=\"caption-attachment-95778\" style=\"width: 579px\" class=\"wp-caption alignnone\"><img data-recalc-dims=\"1\" loading=\"lazy\" decoding=\"async\" class=\"size-full wp-image-95778\" src=\"https:\/\/i0.wp.com\/www.eltrabajo.cl\/portal\/wp-content\/uploads\/2019\/12\/robo-uni.jpg?resize=579%2C773\" alt=\"La chapa de la puerta de entrada fue forzada, con lo cual el o los delincuentes ingresaron a la sede.\" width=\"579\" height=\"773\" srcset=\"https:\/\/i0.wp.com\/eltrabajo.cl\/portal\/wp-content\/uploads\/2019\/12\/robo-uni.jpg?w=579&amp;ssl=1 579w, https:\/\/i0.wp.com\/eltrabajo.cl\/portal\/wp-content\/uploads\/2019\/12\/robo-uni.jpg?resize=225%2C300&amp;ssl=1 225w, https:\/\/i0.wp.com\/eltrabajo.cl\/portal\/wp-content\/uploads\/2019\/12\/robo-uni.jpg?resize=112%2C150&amp;ssl=1 112w, https:\/\/i0.wp.com\/eltrabajo.cl\/portal\/wp-content\/uploads\/2019\/12\/robo-uni.jpg?resize=400%2C534&amp;ssl=1 400w\" sizes=\"auto, (max-width: 579px) 100vw, 579px\" \/><figcaption id=\"caption-attachment-95778\" class=\"wp-caption-text\">La chapa de la puerta de entrada fue forzada, con lo cual el o los delincuentes ingresaron a la sede.<\/figcaption><\/figure>\n","protected":false},"excerpt":{"rendered":"<p>Este viernes a las 03:49 minutos, sujetos ingresaron a robar a las oficinas del Club Uni\u00f3n San Felipe que est\u00e1n ubicadas en la intersecci\u00f3n de las calles Santo Domingo con Navarro. La&#8230;<\/p>\n","protected":false},"author":482,"featured_media":95777,"comment_status":"open","ping_status":"open","sticky":false,"template":"","format":"standard","meta":{"advanced_seo_description":"","jetpack_seo_html_title":"","jetpack_seo_noindex":false,"_jetpack_memberships_contains_paid_content":false,"footnotes":""},"categories":[21],"tags":[],"class_list":["post-95776","post","type-post","status-publish","format-standard","has-post-thumbnail","hentry","category-policial"],"jetpack_featured_media_url":"https:\/\/i0.wp.com\/eltrabajo.cl\/portal\/wp-content\/uploads\/2019\/12\/robo-uni-2.jpg?fit=580%2C360&ssl=1","jetpack_sharing_enabled":true,"jetpack_likes_enabled":true,"jetpack-related-posts":[],"_links":{"self":[{"href":"https:\/\/eltrabajo.cl\/portal\/wp-json\/wp\/v2\/posts\/95776","targetHints":{"allow":["GET"]}}],"collection":[{"href":"https:\/\/eltrabajo.cl\/portal\/wp-json\/wp\/v2\/posts"}],"about":[{"href":"https:\/\/eltrabajo.cl\/portal\/wp-json\/wp\/v2\/types\/post"}],"author":[{"embeddable":true,"href":"https:\/\/eltrabajo.cl\/portal\/wp-json\/wp\/v2\/users\/482"}],"replies":[{"embeddable":true,"href":"https:\/\/eltrabajo.cl\/portal\/wp-json\/wp\/v2\/comments?post=95776"}],"version-history":[{"count":0,"href":"https:\/\/eltrabajo.cl\/portal\/wp-json\/wp\/v2\/posts\/95776\/revisions"}],"wp:featuredmedia":[{"embeddable":true,"href":"https:\/\/eltrabajo.cl\/portal\/wp-json\/wp\/v2\/media\/95777"}],"wp:attachment":[{"href":"https:\/\/eltrabajo.cl\/portal\/wp-json\/wp\/v2\/media?parent=95776"}],"wp:term":[{"taxonomy":"category","embeddable":true,"href":"https:\/\/eltrabajo.cl\/portal\/wp-json\/wp\/v2\/categories?post=95776"},{"taxonomy":"post_tag","embeddable":true,"href":"https:\/\/eltrabajo.cl\/portal\/wp-json\/wp\/v2\/tags?post=95776"}],"curies":[{"name":"wp","href":"https:\/\/api.w.org\/{rel}","templated":true}]}}