{"id":95784,"date":"2019-12-02T05:08:45","date_gmt":"2019-12-02T08:08:45","guid":{"rendered":"http:\/\/www.eltrabajo.cl\/portal\/?p=95784"},"modified":"2019-12-01T22:55:34","modified_gmt":"2019-12-02T01:55:34","slug":"investigan-a-comerciante-como-presunto-autor-de-disparos-que-lesionaron-grave-a-joven-de-18-anos-en-la-cabeza","status":"publish","type":"post","link":"https:\/\/eltrabajo.cl\/portal\/investigan-a-comerciante-como-presunto-autor-de-disparos-que-lesionaron-grave-a-joven-de-18-anos-en-la-cabeza\/","title":{"rendered":"Investigan a comerciante como presunto autor de disparos que lesionaron grave a joven de 18 a\u00f1os en la cabeza"},"content":{"rendered":"<p><span style=\"color: #ff0000;\"><strong>Fiscal en terreno moviliz\u00f3 investigaciones logrando decomisar escopeta:<\/strong><\/span><\/p>\n<ul>\n<li><strong>Registros audiovisuales revelan que desde una ventana de la Distribuidora \u2018El Sure\u00f1o\u2019 de avenida Chacabuco en San Felipe, aparentemente su propietario estar\u00eda efectuando disparos con una escopeta tras intento de saqueo.\u00a0 Con una orden judicial, la PDI incaut\u00f3 una escopeta y municiones desde el local comercial.<\/strong><\/li>\n<\/ul>\n<p>Durante la noche de este viernes se produjo uno de los sucesos m\u00e1s \u00e1lgidos desde que se inici\u00f3 el descontento social en San Felipe, luego que desde la Distribuidora \u2018El Sure\u00f1o\u2019 ubicada en avenida Chacabuco, aparentemente su propietario habr\u00eda efectuado disparos con una escopeta, hiriendo a un joven de 18 a\u00f1os de edad, quien sufri\u00f3 lesiones graves en su cabeza.<\/p>\n<p>Los hechos se fueron conociendo tras la viralizaci\u00f3n de videos en diversos medios de prensa electr\u00f3nicos y redes sociales como Twitter e Instagram de Diario El Trabajo, dando cuenta en pocos segundos que desde una ventana del segundo piso de dicha distribuidora, un desconocido disparaba hacia el bandej\u00f3n central de la alameda el armamento de fuego para dispersar a un grupo mayoritario de manifestantes, quienes se encontraban en ese punto en las cercan\u00edas del club de tenis encendiendo barricadas, trascendiendo que se pretend\u00edan cometer saqueos e incendios espec\u00edficamente a la distribuidora en cuesti\u00f3n.<\/p>\n<p>Tras conocerse adem\u00e1s que existe un joven herido por perdigones en su cabeza, el fiscal del Ministerio P\u00fablico de San Felipe, Andr\u00e9s Gallardo Cerda, se constituy\u00f3 junto a Carabineros para indagar sobre la gravedad de lo que acontec\u00eda en esos momentos y poder determinar qui\u00e9n fue la persona que realiz\u00f3 los disparos, y que apuntar\u00edan como presunto autor al due\u00f1o del local \u2018El Sure\u00f1o\u2019.<\/p>\n<p>En entrevista exclusiva de <strong>Diario El Trabajo<\/strong>, el fiscal<strong> Andr\u00e9s Gallardo Cerda<\/strong> detall\u00f3 paso a paso las diligencias que debi\u00f3 efectuar en terreno, debiendo entrevistarse en horas de la noche y en el mismo local con el comerciante acusado.<\/p>\n<p>\u201c<em>Carabineros llama a este fiscal de turno porque hab\u00eda una persona lesionada con perdigones. Esa persona no quiso hacer denuncia y se fue del Hospital. Posteriormente llaman a Carabineros que desde el local \u2018El Sure\u00f1o\u2019 hab\u00eda una persona disparando por una ventana hacia un sujeto que al parecer intentaba quemar el local y le lanzaban objetos contundentes, piedras, botellas, ese tipo de cosas\u201d.<\/em><\/p>\n<p>Funcionarios de Carabineros, al llegar al sitio del suceso, confirmaron que a esas horas el local referido estaba cerrado y no hab\u00eda nadie disparando, instantes en que los funcionarios de la Secci\u00f3n de Investigaci\u00f3n Policial (SIP) de Carabineros se entrevistaron con el comerciante aludido para certificar la gravedad de los hechos.<\/p>\n<p>&nbsp;<\/p>\n<p><span style=\"color: #ff0000;\"><strong>FISCAL EN TERRENO<\/strong><\/span><\/p>\n<p>\u201c<em>El propietario se\u00f1ala que \u00e9l ten\u00eda una escopeta, que era de otra persona, pero no entrega mayores antecedentes de qui\u00e9n estar\u00eda efectuando los disparos.\u00a0 A la vez sali\u00f3 por redes sociales un video que muestra en una ventana a una persona al parecer efectuando disparos con una escopeta, pero no se ve la persona. En esas circunstancias yo me constitu\u00ed en la botiller\u00eda para preguntarle en car\u00e1cter de imputado derechamente si iba a colaborar con la investigaci\u00f3n, si iba a entregar la escopeta y si iba a permitir registrar el lugar para encontrarla\u201d,<\/em> \u00a0relata el persecutor.<\/p>\n<p>&nbsp;<\/p>\n<p><span style=\"color: #ff0000;\"><strong>COMERCIANTES EXALTADOS<\/strong><\/span><\/p>\n<p>El fiscal se\u00f1ala que mientras se encontraba con el propietario del local, afirm\u00f3 que un grupo mayoritario de comerciantes habr\u00edan llegado al lugar de los hechos para manifestar su descontento por el resultado de estas constantes movilizaciones, saqueos y da\u00f1os al comercio, inici\u00e1ndose una acalorada discusi\u00f3n a fin de evitar la detenci\u00f3n del comerciante acusado de ocasionar los disparos con resultado de lesiones hacia el joven de 18 a\u00f1os, y que al parecer existir\u00edan otras dos personas lesionadas.<\/p>\n<p>\u201c<em>Cuando estaba dialogando con \u00e9l (acusado), llegaron alrededor de 40 personas que aparentemente eran comerciantes, y ellos estaban exaltados por las circunstancias de las barricadas, que llevan m\u00e1s de un mes defendiendo sus locales de personas que intentan quem\u00e1rselos. Y como estaban con rabia y pensando que se iban a llevar detenido al due\u00f1o del local, tuvimos que calmar la situaci\u00f3n y salir con Carabineros del local, y ah\u00ed ten\u00edamos que tomar una decisi\u00f3n si entrabamos con una orden judicial para registrar el local.\u00a0 Aparte de esto en la esquina hab\u00edan sujetos desconocidos que al parecer hab\u00edan hecho barricadas\u00a0 y le gritaban a las personas que estaban afuera del local que quer\u00edan quemarlo\u201d.<\/em><\/p>\n<p>El representante del Ministerio P\u00fablico de San Felipe a\u00f1ade que mientras intentaba obtener una declaraci\u00f3n voluntaria de los hechos, se present\u00f3 su abogado particular, quien <em>\u201ccort\u00f3 la declaraci\u00f3n porque tiene derecho a declarar con o sin abogado\u201d.<\/em><\/p>\n<p>A primeras horas de este s\u00e1bado, el fiscal Gallardo se entrevist\u00f3 con el juez de Garant\u00eda para requerirle una orden de entrada y registro sin consentimiento de moradores que est\u00e9n dentro del lugar, en b\u00fasqueda de especies relacionadas sobre estos hechos, orden\u00e1ndose s\u00f3lo un allanamiento en dependencias del local comercial, descartando el ingreso de la polic\u00eda en la vivienda del acusado.<\/p>\n<p><strong>\u00a0<\/strong><\/p>\n<p><span style=\"color: #ff0000;\"><strong>ESCOPETA Y MUNICIONES<\/strong><\/span><\/p>\n<p>Posteriormente la Polic\u00eda de Investigaciones de San Felipe se constituy\u00f3 en el lugar, incautando la escopeta y cartuchos. <em>\u201cA la vez le instru\u00ed que fueran a buscar a la v\u00edctima porque no quer\u00eda declarar qui\u00e9n le hab\u00eda disparado, c\u00f3mo fueron las circunstancias en que recibi\u00f3 estos perdigones.\u00a0 Se ubic\u00f3 a la v\u00edctima y se le tom\u00f3 declaraci\u00f3n, explicando las circunstancias del hecho\u201d,<\/em> se\u00f1al\u00f3 Gallardo.<\/p>\n<p>&#8211; <strong>\u00bfQu\u00e9 dice el comerciante?<\/strong><\/p>\n<p>&#8211; Primero que el imputado dice que sujetos le lanzaron piedras, objetos contundentes, que ten\u00edan intenciones de quemar su local.\u00a0 Hasta ah\u00ed llega, no dice que dispara la escopeta y reconoce que tiene una escopeta.<\/p>\n<p>&#8211; <strong>\u00bfQu\u00e9 dice la v\u00edctima?<\/strong><\/p>\n<p>&#8211; La versi\u00f3n de la v\u00edctima se\u00f1ala que \u00e9l estaba bebiendo y que un sujeto sale de la ventana, al parecer \u2018El Sure\u00f1o\u2019, y empieza a disparar a personas que estaban atacando su local.\u00a0 La v\u00edctima, viendo que se le termina el trago, cuando cruza a comprar a la botiller\u00eda que estaba al lado de \u2018El Sure\u00f1o\u2019, le llegan los perdigones en la cabeza.\u00a0 Despu\u00e9s la v\u00edctima se va por sus medios al Hospital y como no lo atendieron r\u00e1pido, se fue.\u00a0 Despu\u00e9s volvi\u00f3 de nuevo, tiene lesiones graves, pero el m\u00e9dico le diagnostic\u00f3 que los perdigones se le iban a salir en forma natural.<\/p>\n<p>Hasta este punto el fiscal Andr\u00e9s Gallardo explic\u00f3 que tras la incautaci\u00f3n de la escopeta y municiones, no se llev\u00f3 a efecto la detenci\u00f3n del imputado debido a que expir\u00f3 el periodo de flagrancia. Sin embargo, de acuerdo al curso de las investigaciones de este caso, podr\u00eda elevarse eventualmente una orden de detenci\u00f3n en su contra.<\/p>\n<p>\u201c<em>Ahora nosotros lo que tenemos que hacer es pedir una orden de detenci\u00f3n para controlarlo por tenencia de arma de fuego.\u00a0 Estamos investigando si fue el autor de los disparos que lesionaron a la v\u00edctima.\u00a0 Hasta el momento no llegamos a esa conclusi\u00f3n.\u00a0 Estoy esperando unas diligencias. Si voy a pedir una orden de detenci\u00f3n, tiene que ser contundente de que \u00e9l dispar\u00f3 (\u2026) todav\u00eda no tengo esos antecedentes s\u00f3lidos, hasta el momento la investigaci\u00f3n va en buen pie\u201d.<\/em><\/p>\n<p>Consultado al respecto de que si el comerciante alega una leg\u00edtima defensa, el persecutor respondi\u00f3 que tambi\u00e9n se investiga esa l\u00ednea de una leg\u00edtima defensa, completa o incompleta, como tambi\u00e9n la otra teor\u00eda de que no hubo leg\u00edtima defensa y que solamente tuvo la intenci\u00f3n de lesionar a la v\u00edctima.<\/p>\n<p>\u201c<em>Hasta el momento esas son las dos l\u00edneas m\u00e1s grandes, la v\u00edctima est\u00e1 cooperando, pero el que deber\u00eda cooperar es el imputado para explicar que tiene la teor\u00eda de la leg\u00edtima defensa, pero esas son diligencias pendientes\u201d.<\/em><\/p>\n<p><strong>Pablo Salinas Sald\u00edas<\/strong><\/p>\n<p><strong>\u00a0<\/strong><\/p>\n<figure id=\"attachment_95785\" aria-describedby=\"caption-attachment-95785\" style=\"width: 579px\" class=\"wp-caption alignnone\"><img data-recalc-dims=\"1\" loading=\"lazy\" decoding=\"async\" class=\"size-full wp-image-95785\" src=\"https:\/\/i0.wp.com\/www.eltrabajo.cl\/portal\/wp-content\/uploads\/2019\/12\/herido-CAPTURA-VIDEO1.jpg?resize=579%2C333\" alt=\"Videos se viralizaron en redes sociales, revelando que desde la ventana del segundo piso del local comercial se estar\u00edan efectuando disparos hacia la v\u00eda p\u00fablica.\" width=\"579\" height=\"333\" srcset=\"https:\/\/i0.wp.com\/eltrabajo.cl\/portal\/wp-content\/uploads\/2019\/12\/herido-CAPTURA-VIDEO1.jpg?w=579&amp;ssl=1 579w, https:\/\/i0.wp.com\/eltrabajo.cl\/portal\/wp-content\/uploads\/2019\/12\/herido-CAPTURA-VIDEO1.jpg?resize=300%2C173&amp;ssl=1 300w, https:\/\/i0.wp.com\/eltrabajo.cl\/portal\/wp-content\/uploads\/2019\/12\/herido-CAPTURA-VIDEO1.jpg?resize=200%2C115&amp;ssl=1 200w, https:\/\/i0.wp.com\/eltrabajo.cl\/portal\/wp-content\/uploads\/2019\/12\/herido-CAPTURA-VIDEO1.jpg?resize=261%2C150&amp;ssl=1 261w, https:\/\/i0.wp.com\/eltrabajo.cl\/portal\/wp-content\/uploads\/2019\/12\/herido-CAPTURA-VIDEO1.jpg?resize=400%2C230&amp;ssl=1 400w\" sizes=\"auto, (max-width: 579px) 100vw, 579px\" \/><figcaption id=\"caption-attachment-95785\" class=\"wp-caption-text\">Videos se viralizaron en redes sociales, revelando que desde la ventana del segundo piso del local comercial se estar\u00edan efectuando disparos hacia la v\u00eda p\u00fablica.<\/figcaption><\/figure>\n<p>&nbsp;<\/p>\n<figure id=\"attachment_95786\" aria-describedby=\"caption-attachment-95786\" style=\"width: 580px\" class=\"wp-caption alignnone\"><img data-recalc-dims=\"1\" loading=\"lazy\" decoding=\"async\" class=\"size-full wp-image-95786\" src=\"https:\/\/i0.wp.com\/www.eltrabajo.cl\/portal\/wp-content\/uploads\/2019\/12\/herido-FRONTIS-EL-SURE%C3%91O.jpg?resize=580%2C360\" alt=\"La distribuidora \u2018El Sure\u00f1o\u2019 se ubica en la avenida Chacabuco en la comuna de San Felipe.\" width=\"580\" height=\"360\" srcset=\"https:\/\/i0.wp.com\/eltrabajo.cl\/portal\/wp-content\/uploads\/2019\/12\/herido-FRONTIS-EL-SURE%C3%91O.jpg?w=580&amp;ssl=1 580w, https:\/\/i0.wp.com\/eltrabajo.cl\/portal\/wp-content\/uploads\/2019\/12\/herido-FRONTIS-EL-SURE%C3%91O.jpg?resize=300%2C186&amp;ssl=1 300w, https:\/\/i0.wp.com\/eltrabajo.cl\/portal\/wp-content\/uploads\/2019\/12\/herido-FRONTIS-EL-SURE%C3%91O.jpg?resize=200%2C124&amp;ssl=1 200w, https:\/\/i0.wp.com\/eltrabajo.cl\/portal\/wp-content\/uploads\/2019\/12\/herido-FRONTIS-EL-SURE%C3%91O.jpg?resize=242%2C150&amp;ssl=1 242w, https:\/\/i0.wp.com\/eltrabajo.cl\/portal\/wp-content\/uploads\/2019\/12\/herido-FRONTIS-EL-SURE%C3%91O.jpg?resize=400%2C248&amp;ssl=1 400w\" sizes=\"auto, (max-width: 580px) 100vw, 580px\" \/><figcaption id=\"caption-attachment-95786\" class=\"wp-caption-text\">La distribuidora \u2018El Sure\u00f1o\u2019 se ubica en la avenida Chacabuco en la comuna de San Felipe.<\/figcaption><\/figure>\n<p>&nbsp;<\/p>\n<figure id=\"attachment_95788\" aria-describedby=\"caption-attachment-95788\" style=\"width: 579px\" class=\"wp-caption alignnone\"><img data-recalc-dims=\"1\" loading=\"lazy\" decoding=\"async\" class=\"size-full wp-image-95788\" src=\"https:\/\/i0.wp.com\/www.eltrabajo.cl\/portal\/wp-content\/uploads\/2019\/12\/HERIDO2.jpg?resize=579%2C503\" alt=\"Trascendi\u00f3 que en total tres personas habr\u00edan resultado lesionadas producto de los disparos.  Hasta el momento s\u00f3lo contabiliz\u00f3 un lesionado.\" width=\"579\" height=\"503\" srcset=\"https:\/\/i0.wp.com\/eltrabajo.cl\/portal\/wp-content\/uploads\/2019\/12\/HERIDO2.jpg?w=579&amp;ssl=1 579w, https:\/\/i0.wp.com\/eltrabajo.cl\/portal\/wp-content\/uploads\/2019\/12\/HERIDO2.jpg?resize=300%2C261&amp;ssl=1 300w, https:\/\/i0.wp.com\/eltrabajo.cl\/portal\/wp-content\/uploads\/2019\/12\/HERIDO2.jpg?resize=173%2C150&amp;ssl=1 173w, https:\/\/i0.wp.com\/eltrabajo.cl\/portal\/wp-content\/uploads\/2019\/12\/HERIDO2.jpg?resize=400%2C347&amp;ssl=1 400w\" sizes=\"auto, (max-width: 579px) 100vw, 579px\" \/><figcaption id=\"caption-attachment-95788\" class=\"wp-caption-text\">Trascendi\u00f3 que en total tres personas habr\u00edan resultado lesionadas producto de los disparos. Hasta el momento s\u00f3lo contabiliz\u00f3 un lesionado.<\/figcaption><\/figure>\n<p>&nbsp;<\/p>\n<figure id=\"attachment_95787\" aria-describedby=\"caption-attachment-95787\" style=\"width: 579px\" class=\"wp-caption alignnone\"><img data-recalc-dims=\"1\" loading=\"lazy\" decoding=\"async\" class=\"size-full wp-image-95787\" src=\"https:\/\/i0.wp.com\/www.eltrabajo.cl\/portal\/wp-content\/uploads\/2019\/12\/HERIDO1.jpg?resize=579%2C496\" alt=\"Un joven de 18 a\u00f1os de edad result\u00f3 con lesiones graves tras el impacto de perdigones en su cabeza.  (Fotograf\u00eda: Radio Preludio).\" width=\"579\" height=\"496\" srcset=\"https:\/\/i0.wp.com\/eltrabajo.cl\/portal\/wp-content\/uploads\/2019\/12\/HERIDO1.jpg?w=579&amp;ssl=1 579w, https:\/\/i0.wp.com\/eltrabajo.cl\/portal\/wp-content\/uploads\/2019\/12\/HERIDO1.jpg?resize=300%2C257&amp;ssl=1 300w, https:\/\/i0.wp.com\/eltrabajo.cl\/portal\/wp-content\/uploads\/2019\/12\/HERIDO1.jpg?resize=175%2C150&amp;ssl=1 175w, https:\/\/i0.wp.com\/eltrabajo.cl\/portal\/wp-content\/uploads\/2019\/12\/HERIDO1.jpg?resize=400%2C343&amp;ssl=1 400w\" sizes=\"auto, (max-width: 579px) 100vw, 579px\" \/><figcaption id=\"caption-attachment-95787\" class=\"wp-caption-text\">Un joven de 18 a\u00f1os de edad result\u00f3 con lesiones graves tras el impacto de perdigones en su cabeza. (Fotograf\u00eda: Radio Preludio).<\/figcaption><\/figure>\n","protected":false},"excerpt":{"rendered":"<p>Fiscal en terreno moviliz\u00f3 investigaciones logrando decomisar escopeta: Registros audiovisuales revelan que desde una ventana de la Distribuidora \u2018El Sure\u00f1o\u2019 de avenida Chacabuco en San Felipe, aparentemente su propietario estar\u00eda efectuando disparos&#8230;<\/p>\n","protected":false},"author":482,"featured_media":95789,"comment_status":"open","ping_status":"open","sticky":false,"template":"","format":"standard","meta":{"advanced_seo_description":"","jetpack_seo_html_title":"","jetpack_seo_noindex":false,"_jetpack_memberships_contains_paid_content":false,"footnotes":""},"categories":[21],"tags":[],"class_list":["post-95784","post","type-post","status-publish","format-standard","has-post-thumbnail","hentry","category-policial"],"jetpack_featured_media_url":"https:\/\/i0.wp.com\/eltrabajo.cl\/portal\/wp-content\/uploads\/2019\/12\/HERIDO1-copia.jpg?fit=580%2C359&ssl=1","jetpack_sharing_enabled":true,"jetpack_likes_enabled":true,"jetpack-related-posts":[],"_links":{"self":[{"href":"https:\/\/eltrabajo.cl\/portal\/wp-json\/wp\/v2\/posts\/95784","targetHints":{"allow":["GET"]}}],"collection":[{"href":"https:\/\/eltrabajo.cl\/portal\/wp-json\/wp\/v2\/posts"}],"about":[{"href":"https:\/\/eltrabajo.cl\/portal\/wp-json\/wp\/v2\/types\/post"}],"author":[{"embeddable":true,"href":"https:\/\/eltrabajo.cl\/portal\/wp-json\/wp\/v2\/users\/482"}],"replies":[{"embeddable":true,"href":"https:\/\/eltrabajo.cl\/portal\/wp-json\/wp\/v2\/comments?post=95784"}],"version-history":[{"count":0,"href":"https:\/\/eltrabajo.cl\/portal\/wp-json\/wp\/v2\/posts\/95784\/revisions"}],"wp:featuredmedia":[{"embeddable":true,"href":"https:\/\/eltrabajo.cl\/portal\/wp-json\/wp\/v2\/media\/95789"}],"wp:attachment":[{"href":"https:\/\/eltrabajo.cl\/portal\/wp-json\/wp\/v2\/media?parent=95784"}],"wp:term":[{"taxonomy":"category","embeddable":true,"href":"https:\/\/eltrabajo.cl\/portal\/wp-json\/wp\/v2\/categories?post=95784"},{"taxonomy":"post_tag","embeddable":true,"href":"https:\/\/eltrabajo.cl\/portal\/wp-json\/wp\/v2\/tags?post=95784"}],"curies":[{"name":"wp","href":"https:\/\/api.w.org\/{rel}","templated":true}]}}