{"id":95795,"date":"2019-12-03T05:01:56","date_gmt":"2019-12-03T08:01:56","guid":{"rendered":"http:\/\/www.eltrabajo.cl\/portal\/?p=95795"},"modified":"2019-12-02T20:36:53","modified_gmt":"2019-12-02T23:36:53","slug":"con-dos-caidas-en-linea-el-prat-cerro-fase-regular-para-el-olvido-en-la-lnb","status":"publish","type":"post","link":"https:\/\/eltrabajo.cl\/portal\/con-dos-caidas-en-linea-el-prat-cerro-fase-regular-para-el-olvido-en-la-lnb\/","title":{"rendered":"Con dos ca\u00eddas en l\u00ednea el Prat cerr\u00f3 fase regular para el olvido en la LNB"},"content":{"rendered":"<ul>\n<li><strong>De los 16 partidos que disput\u00f3 durante esa fase, el conjunto sanfelipe\u00f1o perdi\u00f3 todos.<\/strong><\/li>\n<\/ul>\n<p>Durante el pasado fin de semana el quinteto del club Arturo Prat de San Felipe cerr\u00f3 una desastrosa incursi\u00f3n en la fase regular del torneo de plata de la LNB (Liga Nacional de B\u00e1squetbol), donde solo supo de derrotas, convirti\u00e9ndose en el conjunto de peor rendimiento de la serie, imponiendo de paso una marca negativa que ser\u00e1 muy dif\u00edcil de romper en el futuro.<\/p>\n<p>El equipo sanfelipe\u00f1o cosech\u00f3 dos sendas ca\u00eddas en sus incursiones ante Liceo Curic\u00f3 y Stadio Italiano, cuadro que ser\u00e1 su rival en los Play Offs para salvar la categor\u00eda.<\/p>\n<p>El s\u00e1bado el Prat recibi\u00f3 como forastero una paliza a manos de Liceo Curic\u00f3. 100 a 57 fue el expresivo marcador a favor de los sure\u00f1os. Veinticuatro horas m\u00e1s tarde el cuadro aconcag\u00fcino se traslad\u00f3 hasta la comuna de Las Condes, para caer 89 a 78 ante Stadio Italiano, en el que puede considerarse un apronte \u2018prometedor\u2019 de cara a la postemporada, ya que al menos en los n\u00fameros no se ven grandes distancias respecto a los capitalinos.<\/p>\n<p><strong>Resultados del fin de semana<\/strong><\/p>\n<p>S\u00e1bado: Ceppi 84 \u2013 Espa\u00f1ol 76 (martes); Alem\u00e1n 80 \u2013 Espa\u00f1ol 71 (mi\u00e9rcoles); Alem\u00e1n 64 \u2013 Sportiva Italiana 72; Brisas 66 \u2013 Sportiva Italiana 62; Liceo Curic\u00f3 100 \u2013 Prat 57.<\/p>\n<p>Domingo: Stadio Italiano 89 \u2013 Prat 57; Brisas 65 \u2013 Espa\u00f1ol 68; Manquehue 77 \u2013 Ceppi 75<\/p>\n<p>&nbsp;<\/p>\n<p><strong>Tabla de Posiciones<\/strong><\/p>\n<p><strong>Lugar Ptos.<\/strong><\/p>\n<p>Espa\u00f1ol \u00a0\u00a0\u00a0\u00a0\u00a0\u00a0\u00a0 30<\/p>\n<p>Sergio Ceppi \u00a0\u00a0\u00a0\u00a0\u00a0\u00a0\u00a0\u00a0\u00a0\u00a0 28<\/p>\n<p>Sportiva Italiana\u00a0\u00a0\u00a0\u00a0\u00a0 26<\/p>\n<p>Brisas 26<\/p>\n<p>Liceo Curic\u00f3 \u00a0\u00a0\u00a0\u00a0\u00a0\u00a0\u00a0\u00a0\u00a0\u00a0\u00a0 25<\/p>\n<p>Manquehue \u00a0\u00a0\u00a0\u00a0\u00a0\u00a0\u00a0\u00a0\u00a0\u00a0\u00a0 24<\/p>\n<p>Alem\u00e1n \u00a0\u00a0\u00a0\u00a0\u00a0\u00a0\u00a0\u00a0 20<\/p>\n<p>Stadio Italiano \u00a0\u00a0\u00a0\u00a0\u00a0\u00a0\u00a0\u00a0 20<\/p>\n<p>Prat \u00a0\u00a0\u00a0 16<\/p>\n<figure id=\"attachment_95796\" aria-describedby=\"caption-attachment-95796\" style=\"width: 577px\" class=\"wp-caption alignnone\"><img data-recalc-dims=\"1\" loading=\"lazy\" decoding=\"async\" class=\"size-full wp-image-95796\" src=\"https:\/\/i0.wp.com\/www.eltrabajo.cl\/portal\/wp-content\/uploads\/2019\/12\/prat.jpg?resize=577%2C360\" alt=\"El equipo de la calle Santo Domingo no supo de triunfos en la fase grupal de la Liga Nacional de Basquetbol.\" width=\"577\" height=\"360\" srcset=\"https:\/\/i0.wp.com\/eltrabajo.cl\/portal\/wp-content\/uploads\/2019\/12\/prat.jpg?w=577&amp;ssl=1 577w, https:\/\/i0.wp.com\/eltrabajo.cl\/portal\/wp-content\/uploads\/2019\/12\/prat.jpg?resize=300%2C187&amp;ssl=1 300w, https:\/\/i0.wp.com\/eltrabajo.cl\/portal\/wp-content\/uploads\/2019\/12\/prat.jpg?resize=200%2C125&amp;ssl=1 200w, https:\/\/i0.wp.com\/eltrabajo.cl\/portal\/wp-content\/uploads\/2019\/12\/prat.jpg?resize=240%2C150&amp;ssl=1 240w, https:\/\/i0.wp.com\/eltrabajo.cl\/portal\/wp-content\/uploads\/2019\/12\/prat.jpg?resize=400%2C250&amp;ssl=1 400w\" sizes=\"auto, (max-width: 577px) 100vw, 577px\" \/><figcaption id=\"caption-attachment-95796\" class=\"wp-caption-text\">El equipo de la calle Santo Domingo no supo de triunfos en la fase grupal de la Liga Nacional de Basquetbol.<\/figcaption><\/figure>\n","protected":false},"excerpt":{"rendered":"<p>De los 16 partidos que disput\u00f3 durante esa fase, el conjunto sanfelipe\u00f1o perdi\u00f3 todos. Durante el pasado fin de semana el quinteto del club Arturo Prat de San Felipe cerr\u00f3 una desastrosa&#8230;<\/p>\n","protected":false},"author":482,"featured_media":95796,"comment_status":"open","ping_status":"open","sticky":false,"template":"","format":"standard","meta":{"advanced_seo_description":"","jetpack_seo_html_title":"","jetpack_seo_noindex":false,"_jetpack_memberships_contains_paid_content":false,"footnotes":""},"categories":[19],"tags":[],"class_list":["post-95795","post","type-post","status-publish","format-standard","has-post-thumbnail","hentry","category-deportes"],"jetpack_featured_media_url":"https:\/\/i0.wp.com\/eltrabajo.cl\/portal\/wp-content\/uploads\/2019\/12\/prat.jpg?fit=577%2C360&ssl=1","jetpack_sharing_enabled":true,"jetpack_likes_enabled":true,"jetpack-related-posts":[],"_links":{"self":[{"href":"https:\/\/eltrabajo.cl\/portal\/wp-json\/wp\/v2\/posts\/95795","targetHints":{"allow":["GET"]}}],"collection":[{"href":"https:\/\/eltrabajo.cl\/portal\/wp-json\/wp\/v2\/posts"}],"about":[{"href":"https:\/\/eltrabajo.cl\/portal\/wp-json\/wp\/v2\/types\/post"}],"author":[{"embeddable":true,"href":"https:\/\/eltrabajo.cl\/portal\/wp-json\/wp\/v2\/users\/482"}],"replies":[{"embeddable":true,"href":"https:\/\/eltrabajo.cl\/portal\/wp-json\/wp\/v2\/comments?post=95795"}],"version-history":[{"count":0,"href":"https:\/\/eltrabajo.cl\/portal\/wp-json\/wp\/v2\/posts\/95795\/revisions"}],"wp:featuredmedia":[{"embeddable":true,"href":"https:\/\/eltrabajo.cl\/portal\/wp-json\/wp\/v2\/media\/95796"}],"wp:attachment":[{"href":"https:\/\/eltrabajo.cl\/portal\/wp-json\/wp\/v2\/media?parent=95795"}],"wp:term":[{"taxonomy":"category","embeddable":true,"href":"https:\/\/eltrabajo.cl\/portal\/wp-json\/wp\/v2\/categories?post=95795"},{"taxonomy":"post_tag","embeddable":true,"href":"https:\/\/eltrabajo.cl\/portal\/wp-json\/wp\/v2\/tags?post=95795"}],"curies":[{"name":"wp","href":"https:\/\/api.w.org\/{rel}","templated":true}]}}