{"id":95798,"date":"2019-12-03T05:02:58","date_gmt":"2019-12-03T08:02:58","guid":{"rendered":"http:\/\/www.eltrabajo.cl\/portal\/?p=95798"},"modified":"2019-12-02T20:39:39","modified_gmt":"2019-12-02T23:39:39","slug":"a-seis-anos-condenan-a-delincuentes-que-ingresaron-a-robar-a-minimarket-en-santa-maria","status":"publish","type":"post","link":"https:\/\/eltrabajo.cl\/portal\/a-seis-anos-condenan-a-delincuentes-que-ingresaron-a-robar-a-minimarket-en-santa-maria\/","title":{"rendered":"A seis a\u00f1os condenan a delincuentes que ingresaron a robar a minimarket en Santa Mar\u00eda"},"content":{"rendered":"<ul>\n<li><strong>V\u00edctima de 49 a\u00f1os de edad sorprendi\u00f3 a los antisociales que ingresaron a su propiedad que conecta directamente con su local comercial en horas de la madrugada.<\/strong><\/li>\n<\/ul>\n<p>El Tribunal Oral en Lo Penal de San Felipe conden\u00f3 a los imputados <strong>Jos\u00e9 Alejandro Vargas Vargas <\/strong>y<strong> \u00c1lvaro Marcos Gervasio Briones Villagr\u00e1n<\/strong>, a la pena de 6 a\u00f1os de c\u00e1rcel tras ser declarados culpables tras un juicio por robo de especies y dinero desde un minimarket ubicado en la comuna de Santa Mar\u00eda.<\/p>\n<p>El fiscal <strong>Rodrigo Zapata Cuellar<\/strong> llev\u00f3 a juicio a los entonces imputados basado en la investigaci\u00f3n del procedimiento policial efectuado la madrugada del d\u00eda 13 de julio de 2018, a eso de las 04:00 horas, en circunstancias en que Jos\u00e9 Vargas Vargas, alias <strong>\u2018El Zapato Feo\u2019<\/strong>, y \u00c1lvaro Briones Villagr\u00e1n, apodado <strong>\u2018El Doce Pollos\u2019<\/strong>, junto a un tercer sujeto desconocido, ingresaron mediante la t\u00e9cnica del forado hasta el inmueble de la v\u00edctima ubicado en calle San Fernando de la comuna de Santa Mar\u00eda, el que colinda con su minimarket \u2018Puerto Octay\u2019.<\/p>\n<p>Los delincuentes, tras ingresar al local comercial, procedieron a sustraer cigarrillos, mercader\u00edas y dinero en efectivo por la suma de $80.000.<\/p>\n<p>Carabineros de la Tenencia de Santa Mar\u00eda, mientras efectuaba patrullajes preventivos por la comuna, sorprendi\u00f3 en el lugar a Vargas Vargas, mientras los otros individuos huyeron en direcci\u00f3n desconocida con las especies sustra\u00eddas, sin lograr ser recuperadas.<\/p>\n<p>Tras las pruebas rendidas por la Fiscal\u00eda, los jueces del Tribunal Oral resolvieron en su veredicto declarar a ambos sujetos culpables del delito de robo con fuerza en dependencias de un lugar habitado, aplicando una pena de seis a\u00f1os de presidio mayor en su grado m\u00ednimo.<\/p>\n<p><strong>Pablo Salinas Sald\u00edas<\/strong><\/p>\n<p><strong>\u00a0<\/strong><\/p>\n<figure id=\"attachment_95799\" aria-describedby=\"caption-attachment-95799\" style=\"width: 580px\" class=\"wp-caption alignnone\"><img data-recalc-dims=\"1\" loading=\"lazy\" decoding=\"async\" class=\"size-full wp-image-95799\" src=\"https:\/\/i0.wp.com\/www.eltrabajo.cl\/portal\/wp-content\/uploads\/2019\/12\/robo-DOCE-POLLOS-1.jpg?resize=580%2C359\" alt=\"El delincuente apodado \u2018El Doce Pollos\u2019 fue uno de los condenados a la pena de 6 a\u00f1os de c\u00e1rcel.\" width=\"580\" height=\"359\" srcset=\"https:\/\/i0.wp.com\/eltrabajo.cl\/portal\/wp-content\/uploads\/2019\/12\/robo-DOCE-POLLOS-1.jpg?w=580&amp;ssl=1 580w, https:\/\/i0.wp.com\/eltrabajo.cl\/portal\/wp-content\/uploads\/2019\/12\/robo-DOCE-POLLOS-1.jpg?resize=300%2C186&amp;ssl=1 300w, https:\/\/i0.wp.com\/eltrabajo.cl\/portal\/wp-content\/uploads\/2019\/12\/robo-DOCE-POLLOS-1.jpg?resize=200%2C124&amp;ssl=1 200w, https:\/\/i0.wp.com\/eltrabajo.cl\/portal\/wp-content\/uploads\/2019\/12\/robo-DOCE-POLLOS-1.jpg?resize=242%2C150&amp;ssl=1 242w, https:\/\/i0.wp.com\/eltrabajo.cl\/portal\/wp-content\/uploads\/2019\/12\/robo-DOCE-POLLOS-1.jpg?resize=400%2C248&amp;ssl=1 400w\" sizes=\"auto, (max-width: 580px) 100vw, 580px\" \/><figcaption id=\"caption-attachment-95799\" class=\"wp-caption-text\">El delincuente apodado \u2018El Doce Pollos\u2019 fue uno de los condenados a la pena de 6 a\u00f1os de c\u00e1rcel.<\/figcaption><\/figure>\n<p>&nbsp;<\/p>\n<figure id=\"attachment_95801\" aria-describedby=\"caption-attachment-95801\" style=\"width: 580px\" class=\"wp-caption alignnone\"><img data-recalc-dims=\"1\" loading=\"lazy\" decoding=\"async\" class=\"size-full wp-image-95801\" src=\"https:\/\/i0.wp.com\/www.eltrabajo.cl\/portal\/wp-content\/uploads\/2019\/12\/robo-local-santa-maria-1.jpg?resize=580%2C360\" alt=\"El minimarket afectado se ubica en calle San Fernando de la comuna de Santa Mar\u00eda.\" width=\"580\" height=\"360\" srcset=\"https:\/\/i0.wp.com\/eltrabajo.cl\/portal\/wp-content\/uploads\/2019\/12\/robo-local-santa-maria-1.jpg?w=580&amp;ssl=1 580w, https:\/\/i0.wp.com\/eltrabajo.cl\/portal\/wp-content\/uploads\/2019\/12\/robo-local-santa-maria-1.jpg?resize=300%2C186&amp;ssl=1 300w, https:\/\/i0.wp.com\/eltrabajo.cl\/portal\/wp-content\/uploads\/2019\/12\/robo-local-santa-maria-1.jpg?resize=200%2C124&amp;ssl=1 200w, https:\/\/i0.wp.com\/eltrabajo.cl\/portal\/wp-content\/uploads\/2019\/12\/robo-local-santa-maria-1.jpg?resize=242%2C150&amp;ssl=1 242w, https:\/\/i0.wp.com\/eltrabajo.cl\/portal\/wp-content\/uploads\/2019\/12\/robo-local-santa-maria-1.jpg?resize=400%2C248&amp;ssl=1 400w\" sizes=\"auto, (max-width: 580px) 100vw, 580px\" \/><figcaption id=\"caption-attachment-95801\" class=\"wp-caption-text\">El minimarket afectado se ubica en calle San Fernando de la comuna de Santa Mar\u00eda.<\/figcaption><\/figure>\n<p>&nbsp;<\/p>\n<figure id=\"attachment_95800\" aria-describedby=\"caption-attachment-95800\" style=\"width: 579px\" class=\"wp-caption alignnone\"><img data-recalc-dims=\"1\" loading=\"lazy\" decoding=\"async\" class=\"size-full wp-image-95800\" src=\"https:\/\/i0.wp.com\/www.eltrabajo.cl\/portal\/wp-content\/uploads\/2019\/12\/robo-FORADO-LOCAL-1.jpg?resize=579%2C616\" alt=\"Los delincuentes efectuaron este forado para lograr acceder a las dependencias del local comercial.\" width=\"579\" height=\"616\" srcset=\"https:\/\/i0.wp.com\/eltrabajo.cl\/portal\/wp-content\/uploads\/2019\/12\/robo-FORADO-LOCAL-1.jpg?w=579&amp;ssl=1 579w, https:\/\/i0.wp.com\/eltrabajo.cl\/portal\/wp-content\/uploads\/2019\/12\/robo-FORADO-LOCAL-1.jpg?resize=282%2C300&amp;ssl=1 282w, https:\/\/i0.wp.com\/eltrabajo.cl\/portal\/wp-content\/uploads\/2019\/12\/robo-FORADO-LOCAL-1.jpg?resize=141%2C150&amp;ssl=1 141w, https:\/\/i0.wp.com\/eltrabajo.cl\/portal\/wp-content\/uploads\/2019\/12\/robo-FORADO-LOCAL-1.jpg?resize=400%2C426&amp;ssl=1 400w\" sizes=\"auto, (max-width: 579px) 100vw, 579px\" \/><figcaption id=\"caption-attachment-95800\" class=\"wp-caption-text\">Los delincuentes efectuaron este forado para lograr acceder a las dependencias del local comercial.<\/figcaption><\/figure>\n<p>&nbsp;<\/p>\n","protected":false},"excerpt":{"rendered":"<p>V\u00edctima de 49 a\u00f1os de edad sorprendi\u00f3 a los antisociales que ingresaron a su propiedad que conecta directamente con su local comercial en horas de la madrugada. El Tribunal Oral en Lo&#8230;<\/p>\n","protected":false},"author":482,"featured_media":95799,"comment_status":"open","ping_status":"open","sticky":false,"template":"","format":"standard","meta":{"advanced_seo_description":"","jetpack_seo_html_title":"","jetpack_seo_noindex":false,"_jetpack_memberships_contains_paid_content":false,"footnotes":""},"categories":[97],"tags":[],"class_list":["post-95798","post","type-post","status-publish","format-standard","has-post-thumbnail","hentry","category-tribunales"],"jetpack_featured_media_url":"https:\/\/i0.wp.com\/eltrabajo.cl\/portal\/wp-content\/uploads\/2019\/12\/robo-DOCE-POLLOS-1.jpg?fit=580%2C359&ssl=1","jetpack_sharing_enabled":true,"jetpack_likes_enabled":true,"jetpack-related-posts":[],"_links":{"self":[{"href":"https:\/\/eltrabajo.cl\/portal\/wp-json\/wp\/v2\/posts\/95798","targetHints":{"allow":["GET"]}}],"collection":[{"href":"https:\/\/eltrabajo.cl\/portal\/wp-json\/wp\/v2\/posts"}],"about":[{"href":"https:\/\/eltrabajo.cl\/portal\/wp-json\/wp\/v2\/types\/post"}],"author":[{"embeddable":true,"href":"https:\/\/eltrabajo.cl\/portal\/wp-json\/wp\/v2\/users\/482"}],"replies":[{"embeddable":true,"href":"https:\/\/eltrabajo.cl\/portal\/wp-json\/wp\/v2\/comments?post=95798"}],"version-history":[{"count":0,"href":"https:\/\/eltrabajo.cl\/portal\/wp-json\/wp\/v2\/posts\/95798\/revisions"}],"wp:featuredmedia":[{"embeddable":true,"href":"https:\/\/eltrabajo.cl\/portal\/wp-json\/wp\/v2\/media\/95799"}],"wp:attachment":[{"href":"https:\/\/eltrabajo.cl\/portal\/wp-json\/wp\/v2\/media?parent=95798"}],"wp:term":[{"taxonomy":"category","embeddable":true,"href":"https:\/\/eltrabajo.cl\/portal\/wp-json\/wp\/v2\/categories?post=95798"},{"taxonomy":"post_tag","embeddable":true,"href":"https:\/\/eltrabajo.cl\/portal\/wp-json\/wp\/v2\/tags?post=95798"}],"curies":[{"name":"wp","href":"https:\/\/api.w.org\/{rel}","templated":true}]}}